{"id":496,"date":"2025-07-18T12:23:10","date_gmt":"2025-07-18T10:23:10","guid":{"rendered":"http:\/\/droitemoderniste.be\/?p=496"},"modified":"2025-07-18T12:23:10","modified_gmt":"2025-07-18T10:23:10","slug":"economies-possibles-sur-les-prestations-sociales-non-contributives","status":"publish","type":"post","link":"https:\/\/droitemoderniste.be\/index.php\/2025\/07\/18\/economies-possibles-sur-les-prestations-sociales-non-contributives\/","title":{"rendered":"\u00c9conomies possibles sur les prestations sociales non contributives"},"content":{"rendered":"\n<p class=\"wp-block-paragraph\">En Belgique, les <strong>prestations sociales non contributives principales<\/strong> sont notamment le Revenu d\u2019Int\u00e9gration Sociale (RIS), la Garantie de revenus aux personnes \u00e2g\u00e9es (GRAPA) et les allocations pour personnes handicap\u00e9es.<\/p>\n\n\n\n<p class=\"wp-block-paragraph\">Pour l\u2019ann\u00e9e 2024, les <strong>montants annuels bruts du RIS<\/strong> (prestations minimales) sont les suivants (montants valables \u00e0 partir du 1er mai 2024)\u202f:<\/p>\n\n\n\n<figure class=\"wp-block-table\"><table class=\"has-fixed-layout\"><thead><tr><td><strong>Cat\u00e9gorie<\/strong><\/td><td><strong>Montant mensuel (mai 2024)<\/strong><\/td><td><strong>Montant annuel (mai 2024 \u00d7 12)<\/strong><\/td><\/tr><\/thead><tbody><tr><td><strong>Cohabitant<\/strong><\/td><td>858,97\u202f\u20ac<\/td><td>10\u202f307,64\u202f\u20ac<\/td><\/tr><tr><td><strong>Personne isol\u00e9e<\/strong><\/td><td>1\u202f288,46\u202f\u20ac<\/td><td>15\u202f461,52\u202f\u20ac<\/td><\/tr><tr><td><strong>Personne avec famille \u00e0 charge (chef de m\u00e9nage)<\/strong><\/td><td>1\u202f741,29\u202f\u20ac<\/td><td>20\u202f895,48\u202f\u20ac<\/td><\/tr><\/tbody><\/table><\/figure>\n\n\n\n<p class=\"wp-block-paragraph\">Ces prestations peuvent \u00eatre compl\u00e9t\u00e9es par des allocations sp\u00e9cifiques (GRAPA, allocations de handicap\u2026), dont les montants peuvent varier selon la situation et les ressources\u202f; \u00e0 titre d\u2019exemple, la GRAPA permet d\u2019atteindre un minimum social dont le calcul d\u00e9pend du m\u00e9nage et des revenus propres.<\/p>\n\n\n\n<p class=\"wp-block-paragraph\">\u00c0 noter que ces montants sont <strong>exon\u00e9r\u00e9s d\u2019imp\u00f4t<\/strong> et sont ajust\u00e9s r\u00e9guli\u00e8rement en fonction de l\u2019indexation du co\u00fbt de la vie. Les prestations non contributives sont financ\u00e9es par l\u2019\u00c9tat sans contrepartie de cotisation ant\u00e9rieure.<\/p>\n\n\n\n<p class=\"wp-block-paragraph\"><strong>En r\u00e9sum\u00e9\u202f:<\/strong><br>Les montants annuels bruts des prestations sociales non contributives de base en Belgique (RIS) en 2024 varient de <strong>10\u202f308\u202f\u20ac pour un cohabitant \u00e0 20\u202f895\u202f\u20ac pour un chef de m\u00e9nage<\/strong>.<\/p>\n\n\n\n<p class=\"wp-block-paragraph\">Les donn\u00e9es accessibles dans les r\u00e9sultats de recherche ne donnent pas directement un chiffre global et officiel pour le <strong>montant total des prestations sociales non contributives<\/strong> en Belgique pour l\u2019ann\u00e9e 2024. N\u00e9anmoins, une synth\u00e8se peut \u00eatre fournie \u00e0 partir des sources institutionnelles et contextuelles\u202f:<\/p>\n\n\n\n<ul class=\"wp-block-list\">\n<li>Les <strong>prestations sociales non contributives<\/strong> comprennent principalement le <strong>revenu d\u2019int\u00e9gration sociale (RIS)<\/strong>, la <strong>garantie de revenus aux personnes \u00e2g\u00e9es (GRAPA)<\/strong> et les <strong>allocations pour personnes handicap\u00e9es<\/strong>.<\/li>\n\n\n\n<li>Le <strong>montant total brut mensuel<\/strong> des principales prestations sociales (pensions, RIS, GRAPA, etc.) pour d\u00e9cembre 2023 s\u2019\u00e9l\u00e8ve \u00e0 environ <strong>1,73 milliard d\u2019euros<\/strong>, soit pr\u00e8s de <strong>20,8 milliards d\u2019euros<\/strong> sur une ann\u00e9e. Ce chiffre inclut cependant d&rsquo;autres prestations et certains droits assimil\u00e9s. Il n\u2019est pas pr\u00e9cis\u00e9 dans les r\u00e9sultats la part pr\u00e9cise r\u00e9serv\u00e9e strictement aux \u201cprestations non contributives\u201d au sens strict du terme (hors allocations contributives comme certaines pensions ou le ch\u00f4mage).<\/li>\n<\/ul>\n\n\n\n<p class=\"wp-block-paragraph\">En l\u2019absence d\u2019une ventilation d\u00e9taill\u00e9e pour 2024, il est raisonnable d\u2019estimer, d\u2019apr\u00e8s les rapports des ann\u00e9es pr\u00e9c\u00e9dentes, que le <strong>montant total annuel des principales prestations sociales non contributives<\/strong> en Belgique tourne autour de <strong>plusieurs milliards d\u2019euros<\/strong> (typiquement entre 4 et 8 milliards d\u2019euros), selon la d\u00e9finition retenue et la classification exacte des prestations concern\u00e9es. Ce chiffre reste une approximation, car les publications officielles distinguent rarement, dans les totaux agr\u00e9g\u00e9s, le non-contributif du contributif.<\/p>\n\n\n\n<p class=\"wp-block-paragraph\">Des statistiques d\u00e9taill\u00e9es et consolid\u00e9es par poste (RIS, GRAPA, allocations de remplacement de revenus, etc.) peuvent \u00eatre trouv\u00e9es chaque ann\u00e9e dans les rapports et bases de donn\u00e9es du Service public f\u00e9d\u00e9ral S\u00e9curit\u00e9 sociale et du SPP Int\u00e9gration sociale, mais ces documents finaux pour 2024 n\u2019\u00e9taient pas disponibles dans les sources fournies.<\/p>\n\n\n\n<p class=\"wp-block-paragraph\">.<\/p>\n\n\n\n<p class=\"wp-block-paragraph\"><strong>En r\u00e9sum\u00e9<\/strong> :<br>Il faut retenir que le <strong>montant total annuel estim\u00e9 des prestations sociales non contributives en Belgique pour 2024<\/strong> est de l\u2019ordre de plusieurs milliards d\u2019euros, sans qu\u2019un montant consolid\u00e9 pr\u00e9cis soit publi\u00e9 dans les r\u00e9sultats \u00e0 ce stade.<\/p>\n\n\n\n<p class=\"wp-block-paragraph\">Il n\u2019existe pas, dans les donn\u00e9es publiques accessibles, de <strong>statistique officielle<\/strong> pr\u00e9cisant le montant total <em>annuel<\/em> des prestations sociales non contributives distribu\u00e9es sp\u00e9cifiquement aux \u00e9trangers en Belgique pour 2024. Les sources disponibles d\u00e9taillent les conditions d\u2019acc\u00e8s et les cat\u00e9gories de s\u00e9jours pouvant ouvrir le droit \u00e0 ces aides, mais n\u2019indiquent pas de montant global consolid\u00e9 pour les \u00e9trangers.<\/p>\n\n\n\n<p class=\"wp-block-paragraph\"><strong>\u00c9l\u00e9ments \u00e0 consid\u00e9rer :<\/strong><\/p>\n\n\n\n<ul class=\"wp-block-list\">\n<li>Les \u00e9trangers peuvent b\u00e9n\u00e9ficier des prestations sociales non contributives (comme le revenu d\u2019int\u00e9gration sociale \u2013 RIS), sous r\u00e9serve de leur statut de s\u00e9jour\u202f: r\u00e9fugi\u00e9s reconnus, b\u00e9n\u00e9ficiaires de la protection subsidiaire, apatrides et certaines cat\u00e9gories de r\u00e9sidents (cartes F, E, etc.).<\/li>\n\n\n\n<li>Pour toucher le RIS, il faut g\u00e9n\u00e9ralement r\u00e9sider l\u00e9galement en Belgique et appartenir \u00e0 certaines cat\u00e9gories d&rsquo;\u00e9trangers ; les sans-papiers ne peuvent b\u00e9n\u00e9ficier que d\u2019aides sociales sp\u00e9cifiques dans des cas exceptionnels.<\/li>\n\n\n\n<li>Le RIS est compl\u00e8tement rembours\u00e9 par le SPP IS pour les personnes remplissant les conditions l\u00e9gales, y compris certains \u00e9trangers.<\/li>\n\n\n\n<li>Les montants individuels du RIS, pour 2024, sont du m\u00eame ordre que ceux accord\u00e9s aux Belges : environ <strong>858,97\u202f\u20ac \u00e0 1\u202f741,29\u202f\u20ac par mois selon la situation familiale<\/strong> (soit annuellement entre <strong>10\u202f308\u202f\u20ac et 20\u202f895\u202f\u20ac<\/strong>).<\/li>\n<\/ul>\n\n\n\n<p class=\"wp-block-paragraph\">Cependant, <strong>le nombre exact d\u2019\u00e9trangers b\u00e9n\u00e9ficiaires<\/strong> et la <strong>somme totale vers\u00e9e \u00e0 ce titre en 2024<\/strong> ne sont pas publi\u00e9s dans les r\u00e9sultats fournis.<\/p>\n\n\n\n<p class=\"wp-block-paragraph\"><strong>Conclusion<\/strong> :<br>Aucune donn\u00e9e officielle publique ne pr\u00e9cise le <strong>montant total annuel<\/strong> vers\u00e9 sp\u00e9cifiquement aux \u00e9trangers au titre des prestations sociales non contributives en Belgique pour 2024. L\u2019information disponible permet uniquement d\u2019\u00e9tablir les conditions d\u2019acc\u00e8s et de donner une estimation individuelle. Toute donn\u00e9e agr\u00e9g\u00e9e pr\u00e9cise n\u00e9cessiterait un rapport officiel des administrations comp\u00e9tentes, qui n\u2019est pas r\u00e9f\u00e9renc\u00e9 dans les sources fournies.<\/p>\n\n\n\n<p class=\"wp-block-paragraph\"><mark style=\"background-color:rgba(0, 0, 0, 0);color:#cf2e2e\" class=\"has-inline-color\">R\u00e9server les prestations sociales non contributives aux seuls Belges permettrait une \u00e9conomie annuelle estim\u00e9e \u00e0 environ 3 \u00e0 5 milliards d\u2019euros\u00a0!<\/mark><\/p>\n\n\n\n<p class=\"wp-block-paragraph\"><\/p>\n","protected":false},"excerpt":{"rendered":"<p>En Belgique, les prestations sociales non contributives principales sont notamment le Revenu d\u2019Int\u00e9gration Sociale (RIS), la Garantie de revenus aux personnes \u00e2g\u00e9es (GRAPA) et les allocations pour personnes handicap\u00e9es. Pour l\u2019ann\u00e9e 2024, les montants annuels bruts du RIS (prestations minimales) sont les suivants (montants valables \u00e0 partir du 1er mai 2024)\u202f: Cat\u00e9gorie Montant mensuel (mai [&hellip;]<\/p>\n","protected":false},"author":1,"featured_media":0,"comment_status":"open","ping_status":"open","sticky":false,"template":"","format":"standard","meta":{"_monsterinsights_skip_tracking":false,"_uf_show_specific_survey":0,"_uf_disable_surveys":false,"footnotes":""},"categories":[10],"tags":[],"class_list":["post-496","post","type-post","status-publish","format-standard","hentry","category-securite-sociale"],"_links":{"self":[{"href":"https:\/\/droitemoderniste.be\/index.php\/wp-json\/wp\/v2\/posts\/496","targetHints":{"allow":["GET"]}}],"collection":[{"href":"https:\/\/droitemoderniste.be\/index.php\/wp-json\/wp\/v2\/posts"}],"about":[{"href":"https:\/\/droitemoderniste.be\/index.php\/wp-json\/wp\/v2\/types\/post"}],"author":[{"embeddable":true,"href":"https:\/\/droitemoderniste.be\/index.php\/wp-json\/wp\/v2\/users\/1"}],"replies":[{"embeddable":true,"href":"https:\/\/droitemoderniste.be\/index.php\/wp-json\/wp\/v2\/comments?post=496"}],"version-history":[{"count":1,"href":"https:\/\/droitemoderniste.be\/index.php\/wp-json\/wp\/v2\/posts\/496\/revisions"}],"predecessor-version":[{"id":497,"href":"https:\/\/droitemoderniste.be\/index.php\/wp-json\/wp\/v2\/posts\/496\/revisions\/497"}],"wp:attachment":[{"href":"https:\/\/droitemoderniste.be\/index.php\/wp-json\/wp\/v2\/media?parent=496"}],"wp:term":[{"taxonomy":"category","embeddable":true,"href":"https:\/\/droitemoderniste.be\/index.php\/wp-json\/wp\/v2\/categories?post=496"},{"taxonomy":"post_tag","embeddable":true,"href":"https:\/\/droitemoderniste.be\/index.php\/wp-json\/wp\/v2\/tags?post=496"}],"curies":[{"name":"wp","href":"https:\/\/api.w.org\/{rel}","templated":true}]}}