{"id":491,"date":"2025-07-18T08:39:51","date_gmt":"2025-07-18T06:39:51","guid":{"rendered":"http:\/\/droitemoderniste.be\/?p=491"},"modified":"2025-07-18T08:39:51","modified_gmt":"2025-07-18T06:39:51","slug":"influence-du-sentiment-religieux-sur-ladhesion-a-la-modernite","status":"publish","type":"post","link":"https:\/\/droitemoderniste.be\/index.php\/2025\/07\/18\/influence-du-sentiment-religieux-sur-ladhesion-a-la-modernite\/","title":{"rendered":"Influence du sentiment religieux sur l&rsquo;adh\u00e9sion \u00e0 la modernit\u00e9"},"content":{"rendered":"\n<figure class=\"wp-block-image size-full\"><img loading=\"lazy\" decoding=\"async\" width=\"768\" height=\"512\" src=\"http:\/\/droitemoderniste.be\/wp-content\/uploads\/2025\/07\/bois-foret.jpg\" alt=\"\" class=\"wp-image-492\" srcset=\"https:\/\/droitemoderniste.be\/wp-content\/uploads\/2025\/07\/bois-foret.jpg 768w, https:\/\/droitemoderniste.be\/wp-content\/uploads\/2025\/07\/bois-foret-300x200.jpg 300w\" sizes=\"auto, (max-width: 768px) 100vw, 768px\" \/><\/figure>\n\n\n\n<p class=\"wp-block-paragraph\"><strong>1. Red\u00e9finition du religieux dans le contexte moderne<\/strong><\/p>\n\n\n\n<ul class=\"wp-block-list\">\n<li><strong>Subjectivation et privatisation du religieux<\/strong> : Dans les soci\u00e9t\u00e9s modernes, le sentiment religieux tend \u00e0 devenir une affaire priv\u00e9e. L\u2019individu n\u2019adh\u00e8re plus obligatoirement \u00e0 une tradition collective forte, mais compose sa propre spiritualit\u00e9, ajustant ses croyances aux valeurs modernes telles que l\u2019autonomie et la rationalit\u00e9.<\/li>\n\n\n\n<li><strong>Psychologisation de la foi<\/strong> : La religiosit\u00e9 se d\u00e9place vers l\u2019exp\u00e9rience personnelle, rel\u00e8ve plus de la qu\u00eate de sens individuelle que de l\u2019observance stricte de dogmes collectifs. Cela favorise l\u2019adaptation du religieux aux exigences de la modernit\u00e9.<\/li>\n<\/ul>\n\n\n\n<p class=\"wp-block-paragraph\"><strong>2. Deux dynamiques d\u2019influence<\/strong><\/p>\n\n\n\n<figure class=\"wp-block-table\"><table class=\"has-fixed-layout\"><thead><tr><td colspan=\"2\"><strong>Dynamique<\/strong><\/td><td><strong>Manifestation dans la modernit\u00e9<\/strong><\/td><\/tr><\/thead><tbody><tr><td colspan=\"2\"><strong>Soutien<\/strong><\/td><td>Le sentiment religieux, s\u2019il est flexible, favorise de nouvelles formes de croyance compatibles avec la modernit\u00e9 : dialogue interreligieux, spiritualit\u00e9 personnalis\u00e9e, engagement \u00e9thique.<\/td><\/tr><tr><td colspan=\"2\"><strong>R\u00e9sistance<\/strong><\/td><td>\u00c0 l\u2019inverse, une religiosit\u00e9 per\u00e7ue comme identitaire et dogmatique peut freiner l\u2019ouverture \u00e0 la modernit\u00e9, valorisant la continuit\u00e9 avec la tradition et limitant les remises en question.<\/td><\/tr><tr><td><\/td><\/tr><tr><td><\/td><td><\/td><td><\/td><\/tr><\/tbody><\/table><\/figure>\n\n\n\n<p class=\"wp-block-paragraph\"><strong>3. Mutation du religieux face \u00e0 la modernit\u00e9<\/strong><\/p>\n\n\n\n<ul class=\"wp-block-list\">\n<li><strong>Bricolage spirituel<\/strong> : Les individus modernes m\u00ealent parfois diff\u00e9rentes influences religieuses et philosophiques, cr\u00e9ant une foi sur mesure. Cette recomposition est favoris\u00e9e par la perte d\u2019un cadre religieux totalisant et par la pluralisation des r\u00e9f\u00e9rences spirituelles.<\/li>\n\n\n\n<li><strong>Crise ou relance du religieux ?<\/strong> : Loin de dispara\u00eetre, le religieux r\u00e9appara\u00eet sous des formes renouvel\u00e9es, notamment via des mouvements spirituels, des engagements humanitaires \u00e0 fondement religieux ou l\u2019essor de la \u00ab religion invisible \u00bb dans la sph\u00e8re priv\u00e9e.<\/li>\n<\/ul>\n\n\n\n<p class=\"wp-block-paragraph\"><strong>4. La modernit\u00e9 comme possibilit\u00e9 ou remise en question du religieux<\/strong><\/p>\n\n\n\n<ul class=\"wp-block-list\">\n<li><strong>Adh\u00e9sion \u00e9clair\u00e9e<\/strong> : Un sentiment religieux ouvert peut servir de moteur d\u2019adaptation, poussant l\u2019individu \u00e0 revisiter sa foi \u00e0 la lumi\u00e8re des valeurs modernes (libert\u00e9, \u00e9galit\u00e9, pluralisme).<\/li>\n\n\n\n<li><strong>R\u00e9sistance identitaire<\/strong> : L\u2019incertitude li\u00e9e \u00e0 la modernit\u00e9 provoque parfois un retour ou un renforcement du religieux comme r\u00e9action \u00e0 la perte de rep\u00e8res, notamment dans des contextes de crise soci\u00e9tale ou d\u2019anxi\u00e9t\u00e9.<\/li>\n<\/ul>\n\n\n\n<p class=\"wp-block-paragraph\"><strong>5. Conclusion<\/strong><\/p>\n\n\n\n<p class=\"wp-block-paragraph\">Le <mark style=\"background-color:rgba(0, 0, 0, 0);color:#ff6900\" class=\"has-inline-color\">Mouvement Droite Moderniste<\/mark> pense que le sentiment religieux n\u2019exclut pas forc\u00e9ment l\u2019adh\u00e9sion \u00e0 la modernit\u00e9\u2009: il la module, en proposant des r\u00e9ponses soit adaptatives, soit critiques. La mani\u00e8re dont une personne vit sa foi (ouverte ou ferm\u00e9e, priv\u00e9e ou publique, individuelle ou communautaire) influence profond\u00e9ment son rapport \u00e0 la modernit\u00e9 et sa capacit\u00e9 \u00e0 s\u2019y engager ou \u00e0 s\u2019en m\u00e9fier.<\/p>\n\n\n\n<p class=\"wp-block-paragraph\"><\/p>\n","protected":false},"excerpt":{"rendered":"<p>1. Red\u00e9finition du religieux dans le contexte moderne 2. Deux dynamiques d\u2019influence Dynamique Manifestation dans la modernit\u00e9 Soutien Le sentiment religieux, s\u2019il est flexible, favorise de nouvelles formes de croyance compatibles avec la modernit\u00e9 : dialogue interreligieux, spiritualit\u00e9 personnalis\u00e9e, engagement \u00e9thique. R\u00e9sistance \u00c0 l\u2019inverse, une religiosit\u00e9 per\u00e7ue comme identitaire et dogmatique peut freiner l\u2019ouverture \u00e0 [&hellip;]<\/p>\n","protected":false},"author":1,"featured_media":0,"comment_status":"open","ping_status":"open","sticky":false,"template":"","format":"standard","meta":{"_monsterinsights_skip_tracking":false,"_uf_show_specific_survey":0,"_uf_disable_surveys":false,"footnotes":""},"categories":[9],"tags":[],"class_list":["post-491","post","type-post","status-publish","format-standard","hentry","category-spiritualisme"],"_links":{"self":[{"href":"https:\/\/droitemoderniste.be\/index.php\/wp-json\/wp\/v2\/posts\/491","targetHints":{"allow":["GET"]}}],"collection":[{"href":"https:\/\/droitemoderniste.be\/index.php\/wp-json\/wp\/v2\/posts"}],"about":[{"href":"https:\/\/droitemoderniste.be\/index.php\/wp-json\/wp\/v2\/types\/post"}],"author":[{"embeddable":true,"href":"https:\/\/droitemoderniste.be\/index.php\/wp-json\/wp\/v2\/users\/1"}],"replies":[{"embeddable":true,"href":"https:\/\/droitemoderniste.be\/index.php\/wp-json\/wp\/v2\/comments?post=491"}],"version-history":[{"count":1,"href":"https:\/\/droitemoderniste.be\/index.php\/wp-json\/wp\/v2\/posts\/491\/revisions"}],"predecessor-version":[{"id":493,"href":"https:\/\/droitemoderniste.be\/index.php\/wp-json\/wp\/v2\/posts\/491\/revisions\/493"}],"wp:attachment":[{"href":"https:\/\/droitemoderniste.be\/index.php\/wp-json\/wp\/v2\/media?parent=491"}],"wp:term":[{"taxonomy":"category","embeddable":true,"href":"https:\/\/droitemoderniste.be\/index.php\/wp-json\/wp\/v2\/categories?post=491"},{"taxonomy":"post_tag","embeddable":true,"href":"https:\/\/droitemoderniste.be\/index.php\/wp-json\/wp\/v2\/tags?post=491"}],"curies":[{"name":"wp","href":"https:\/\/api.w.org\/{rel}","templated":true}]}}