{"id":442,"date":"2025-07-16T10:47:35","date_gmt":"2025-07-16T08:47:35","guid":{"rendered":"http:\/\/droitemoderniste.be\/?p=442"},"modified":"2025-07-16T10:47:35","modified_gmt":"2025-07-16T08:47:35","slug":"le-role-du-sentiment-religieux-dans-ladhesion-a-une-vision-conservatrice","status":"publish","type":"post","link":"https:\/\/droitemoderniste.be\/index.php\/2025\/07\/16\/le-role-du-sentiment-religieux-dans-ladhesion-a-une-vision-conservatrice\/","title":{"rendered":"Le r\u00f4le du sentiment religieux dans l\u2019adh\u00e9sion \u00e0 une vision conservatrice"},"content":{"rendered":"\n<figure class=\"wp-block-image size-full\"><img loading=\"lazy\" decoding=\"async\" width=\"839\" height=\"420\" src=\"http:\/\/droitemoderniste.be\/wp-content\/uploads\/2025\/07\/10-things-you-need-to-know-in-markets-today.jpg\" alt=\"\" class=\"wp-image-443\" srcset=\"https:\/\/droitemoderniste.be\/wp-content\/uploads\/2025\/07\/10-things-you-need-to-know-in-markets-today.jpg 839w, https:\/\/droitemoderniste.be\/wp-content\/uploads\/2025\/07\/10-things-you-need-to-know-in-markets-today-300x150.jpg 300w, https:\/\/droitemoderniste.be\/wp-content\/uploads\/2025\/07\/10-things-you-need-to-know-in-markets-today-768x384.jpg 768w\" sizes=\"auto, (max-width: 839px) 100vw, 839px\" \/><\/figure>\n\n\n\n<p class=\"wp-block-paragraph\"><strong>1. Ancrage communautaire et transmission des valeurs<\/strong><\/p>\n\n\n\n<p class=\"wp-block-paragraph\">Le sentiment religieux renforce l\u2019adh\u00e9sion \u00e0 une vision conservatrice en offrant un puissant sentiment d\u2019appartenance \u00e0 une communaut\u00e9 partageant des valeurs, des rites et des traditions communes.<\/p>\n\n\n\n<p class=\"wp-block-paragraph\">La religion agit comme un vecteur de coh\u00e9sion sociale, favorisant l\u2019unit\u00e9 et la solidarit\u00e9 au sein du groupe, ce qui contribue \u00e0 pr\u00e9server et \u00e0 transmettre les normes et les rep\u00e8res traditionnels.<\/p>\n\n\n\n<p class=\"wp-block-paragraph\">Cette dimension communautaire est essentielle dans la structuration d\u2019une vision conservatrice, qui valorise la continuit\u00e9, la stabilit\u00e9 et la pr\u00e9servation de l\u2019ordre \u00e9tabli.<\/p>\n\n\n\n<p class=\"wp-block-paragraph\"><strong>2. Intensit\u00e9 de la religiosit\u00e9 et rapport \u00e0 l\u2019intransigeance<\/strong><\/p>\n\n\n\n<p class=\"wp-block-paragraph\">L\u2019intensit\u00e9 du sentiment religieux peut parfois s\u2019accompagner d\u2019un attachement plus marqu\u00e9 aux normes traditionnelles et d\u2019une certaine intransigeance, notamment lorsqu\u2019il s\u2019agit de d\u00e9fendre les valeurs per\u00e7ues comme fondamentales ou sacr\u00e9es.<\/p>\n\n\n\n<p class=\"wp-block-paragraph\">Toutefois, la recherche montre que cette relation n\u2019est pas m\u00e9canique : des croyants tr\u00e8s engag\u00e9s peuvent aussi faire preuve d\u2019ouverture et de capacit\u00e9 \u00e0 composer avec la soci\u00e9t\u00e9, tandis que des personnes peu pratiquantes peuvent adopter des attitudes rigides.<\/p>\n\n\n\n<p class=\"wp-block-paragraph\">N\u00e9anmoins, dans l\u2019ensemble, la religiosit\u00e9 soutient souvent une posture de fid\u00e9lit\u00e9 aux principes h\u00e9rit\u00e9s du pass\u00e9.<\/p>\n\n\n\n<p class=\"wp-block-paragraph\"><strong>3. Rituel, solidarit\u00e9 et critique interne<\/strong><\/p>\n\n\n\n<p class=\"wp-block-paragraph\">Les pratiques religieuses, les rituels et les rassemblements favorisent le sentiment d\u2019unit\u00e9 et de solidarit\u00e9, \u00e9l\u00e9ments centraux d\u2019une vision conservatrice qui valorise le collectif sur l\u2019individuel.<\/p>\n\n\n\n<p class=\"wp-block-paragraph\">Toutefois, la vie communautaire religieuse n\u2019exclut pas la critique interne ni la diversit\u00e9 des opinions, ce qui montre que l\u2019adh\u00e9sion \u00e0 une vision conservatrice n\u2019implique pas n\u00e9cessairement l\u2019absence de d\u00e9bats ou de remises en question au sein du groupe.<\/p>\n\n\n\n<p class=\"wp-block-paragraph\"><strong>4. Religion et coh\u00e9sion sociale<\/strong><\/p>\n\n\n\n<p class=\"wp-block-paragraph\">En r\u00e9sum\u00e9, le sentiment religieux joue un r\u00f4le cl\u00e9 dans l\u2019adh\u00e9sion \u00e0 une vision conservatrice en fournissant un cadre de r\u00e9f\u00e9rence stable, en renfor\u00e7ant la coh\u00e9sion et la solidarit\u00e9 communautaires, et en facilitant la transmission des valeurs traditionnelles.<\/p>\n\n\n\n<p class=\"wp-block-paragraph\">Il offre \u00e9galement une l\u00e9gitimit\u00e9 suppl\u00e9mentaire \u00e0 la d\u00e9fense de l\u2019ordre social existant, en l\u2019inscrivant dans une perspective transcendante ou sacr\u00e9e.<\/p>\n","protected":false},"excerpt":{"rendered":"<p>1. Ancrage communautaire et transmission des valeurs Le sentiment religieux renforce l\u2019adh\u00e9sion \u00e0 une vision conservatrice en offrant un puissant sentiment d\u2019appartenance \u00e0 une communaut\u00e9 partageant des valeurs, des rites et des traditions communes. La religion agit comme un vecteur de coh\u00e9sion sociale, favorisant l\u2019unit\u00e9 et la solidarit\u00e9 au sein du groupe, ce qui contribue [&hellip;]<\/p>\n","protected":false},"author":1,"featured_media":0,"comment_status":"open","ping_status":"open","sticky":false,"template":"","format":"standard","meta":{"_monsterinsights_skip_tracking":false,"_uf_show_specific_survey":0,"_uf_disable_surveys":false,"footnotes":""},"categories":[9],"tags":[],"class_list":["post-442","post","type-post","status-publish","format-standard","hentry","category-spiritualisme"],"_links":{"self":[{"href":"https:\/\/droitemoderniste.be\/index.php\/wp-json\/wp\/v2\/posts\/442","targetHints":{"allow":["GET"]}}],"collection":[{"href":"https:\/\/droitemoderniste.be\/index.php\/wp-json\/wp\/v2\/posts"}],"about":[{"href":"https:\/\/droitemoderniste.be\/index.php\/wp-json\/wp\/v2\/types\/post"}],"author":[{"embeddable":true,"href":"https:\/\/droitemoderniste.be\/index.php\/wp-json\/wp\/v2\/users\/1"}],"replies":[{"embeddable":true,"href":"https:\/\/droitemoderniste.be\/index.php\/wp-json\/wp\/v2\/comments?post=442"}],"version-history":[{"count":1,"href":"https:\/\/droitemoderniste.be\/index.php\/wp-json\/wp\/v2\/posts\/442\/revisions"}],"predecessor-version":[{"id":444,"href":"https:\/\/droitemoderniste.be\/index.php\/wp-json\/wp\/v2\/posts\/442\/revisions\/444"}],"wp:attachment":[{"href":"https:\/\/droitemoderniste.be\/index.php\/wp-json\/wp\/v2\/media?parent=442"}],"wp:term":[{"taxonomy":"category","embeddable":true,"href":"https:\/\/droitemoderniste.be\/index.php\/wp-json\/wp\/v2\/categories?post=442"},{"taxonomy":"post_tag","embeddable":true,"href":"https:\/\/droitemoderniste.be\/index.php\/wp-json\/wp\/v2\/tags?post=442"}],"curies":[{"name":"wp","href":"https:\/\/api.w.org\/{rel}","templated":true}]}}