{"id":426,"date":"2025-07-15T08:17:10","date_gmt":"2025-07-15T06:17:10","guid":{"rendered":"http:\/\/droitemoderniste.be\/?p=426"},"modified":"2025-07-15T08:32:35","modified_gmt":"2025-07-15T06:32:35","slug":"positionnement","status":"publish","type":"post","link":"https:\/\/droitemoderniste.be\/index.php\/2025\/07\/15\/positionnement\/","title":{"rendered":"Positionnement"},"content":{"rendered":"\n<figure class=\"wp-block-image size-full\"><img loading=\"lazy\" decoding=\"async\" width=\"300\" height=\"150\" src=\"http:\/\/droitemoderniste.be\/wp-content\/uploads\/2025\/07\/524e8df03570458368bf1726.jpg\" alt=\"\" class=\"wp-image-427\"\/><figcaption class=\"wp-element-caption\">Fitzroy Gardens in autumn\nMelbourne, Victoria, Australia<\/figcaption><\/figure>\n\n\n\n<p class=\"wp-block-paragraph\"><strong>Aux \u00e9lecteurs issus de la tradition socialiste, syndicale ou ouvri\u00e8re, nous disons&nbsp;:<\/strong> notre formation politique ne repr\u00e9sente en aucun cas une menace pour les acquis sociaux, la justice redistributive et la protection des travailleurs.<\/p>\n\n\n\n<p class=\"wp-block-paragraph\">Au contraire, nous voulons \u00ab&nbsp;<strong>socialiser la droite<\/strong>&nbsp;\u00bb&nbsp;: nous voulons non seulement pr\u00e9server mais aussi fortifier nos acquis sociaux. Nous voulons rendre plus efficace notre s\u00e9curit\u00e9 sociale, en simplifiant certaines de ses&nbsp; proc\u00e9dures, en \u00e9radiquant les abus et les abuseurs.<\/p>\n\n\n\n<p class=\"wp-block-paragraph\">Nous promouvons la justice redistributive puisque nous pr\u00f4nons le \u00ab&nbsp;justicialisme&nbsp;\u00bb (concept&nbsp; repr\u00e9sentant une troisi\u00e8me voie entre capitalisme et socialisme, en vue de r\u00e9aliser une plus grande justice sociale).<\/p>\n\n\n\n<p class=\"wp-block-paragraph\">Notre qualificatif \u00ab\u00a0moderniste\u00a0\u00bb n\u2019est pas du tout du rebranding ou une tentative pour masquer un programme n\u00e9olib\u00e9ral ou antisocial sous des atours de nouveaut\u00e9. Au contraire, <strong><mark style=\"background-color:rgba(0, 0, 0, 0);color:#ff6900\" class=\"has-inline-color\">MDM<\/mark><\/strong> pr\u00f4ne une \u00e9conomie sociale et environnementale de march\u00e9 d\u00e9complex\u00e9e, nous disons: <em><strong><mark style=\"background-color:rgba(0, 0, 0, 0);color:#ff6900\" class=\"has-inline-color\">\u00ab\u00a0Le march\u00e9, le social, l\u2019environnement autant que possible, la puissance publique autant que n\u00e9cessaire.\u00a0\u00bb<\/mark><\/strong><\/em>.<\/p>\n\n\n\n<p class=\"wp-block-paragraph\">Dans le cadre du red\u00e9ploiement de notre \u00e9conomie, <strong><mark style=\"background-color:rgba(0, 0, 0, 0);color:#ff6900\" class=\"has-inline-color\">MDM<\/mark><\/strong> est partisan d\u2019un <em><strong><mark style=\"background-color:rgba(0, 0, 0, 0);color:#ff6900\" class=\"has-inline-color\">\u00ab\u00a0patriotisme \u00e9conomique: c&rsquo;est-\u00e0-dire d&rsquo;un protectionnisme raisonn\u00e9 et modulable lorsque cela s&rsquo;impose\u00bb<\/mark>.<\/strong><\/em><\/p>\n\n\n\n<p class=\"wp-block-paragraph\">Notre volont\u00e9 de modernisation ne sert en aucun cas de pr\u00e9texte \u00e0 des r\u00e9formes qui affaibliraient la s\u00e9curit\u00e9 sociale, ou la concertation sociale. Ceci \u00e9tant dit, nous voulons mieux r\u00e9guler certains droits collectifs qui sont parfois exerc\u00e9s de mani\u00e8re abusive.<\/p>\n\n\n\n<p class=\"wp-block-paragraph\"><strong>Aux \u00e9lecteurs traditionnels, qu\u2019ils soient de droite ou de gauche, nous disons\u00a0:<\/strong> notre Mouvement est tout comme vous attach\u00e9 \u00e0 des rep\u00e8res clairs. Notre <mark style=\"background-color:rgba(0, 0, 0, 0);color:#ff6900\" class=\"has-inline-color\">Mouvement Droite Moderniste<\/mark> n\u2019est ni vague, ni opportuniste, donnant l\u2019impression de vouloir s\u00e9duire tout le monde sans assumer un positionnement ferme.<\/p>\n\n\n\n<p class=\"wp-block-paragraph\">Au contraire <strong><mark style=\"background-color:rgba(0, 0, 0, 0);color:#ff6900\" class=\"has-inline-color\">MDM<\/mark><\/strong> affiche une<strong> clart\u00e9 id\u00e9ologique maximale<\/strong> : le nom affiche sans ambigu\u00eft\u00e9 l\u2019orientation \u00ab\u00a0droite moderniste\u00a0\u00bb, ce qui l\u00e8ve tout doute sur le positionnement politique du Mouvement.<\/p>\n\n\n\n<p class=\"wp-block-paragraph\">Originalit\u00e9 et modernit\u00e9\u00a0: l\u2019association de \u00ab\u00a0Mouvement\u00a0\u00bb et de \u00ab\u00a0Moderniste\u00a0\u00bb renforce l\u2019id\u00e9e d\u2019innovation et de d\u00e9passement des clivages classiques. L\u2019acronyme <mark style=\"background-color:rgba(0, 0, 0, 0);color:#ff6900\" class=\"has-inline-color\"><strong>MDM<\/strong> <\/mark>est simple, m\u00e9morisable et distinctif.<\/p>\n\n\n\n<p class=\"wp-block-paragraph\"><strong><mark style=\"background-color:rgba(0, 0, 0, 0);color:#ff6900\" class=\"has-inline-color\">Mouvement Droite Moderniste<\/mark><\/strong> est une appellation tr\u00e8s efficace pour afficher d\u2019embl\u00e9e la nature et la nouveaut\u00e9 du projet\u202f: une droite moderniste, alternative \u00e0 la droite classique ou radicale. Elle est percutante et mobilisatrice. \u00ab\u00a0Droite Moderniste\u00a0\u00bb est un concept neuf, qui se distingue clairement de la droite conservatrice, radicale ou lib\u00e9rale classique. Cela peut attirer un \u00e9lectorat en qu\u00eate d\u2019une alternative claire.<\/p>\n\n\n\n<p class=\"wp-block-paragraph\">Notre positionnement est unique et ferme. Autant le dire tout de suite, pour les questions collectives concernant les citoyens, le discours est autoritaire. Une main de fer dans un gant de velours tiss\u00e9 de valeurs chr\u00e9tiennes &nbsp;(libert\u00e9, respect, m\u00e9rite, solidarit\u00e9, fraternit\u00e9 entre Belges).<\/p>\n\n\n\n<p class=\"wp-block-paragraph\">Pour nous, la pratique du pouvoir et la gestion de l\u2019\u00c9tat doivent se faire de mani\u00e8re autoritaire (c.\u00e0.d. les d\u00e9cisions prises d\u00e9mocratiquement doivent \u00eatre appliqu\u00e9es de mani\u00e8re autoritaire).<\/p>\n\n\n\n<p class=\"wp-block-paragraph\"><strong><mark style=\"background-color:rgba(0, 0, 0, 0);color:#ff6900\" class=\"has-inline-color\">MDM<\/mark><\/strong>\u00a0pr\u00e9conise un \u00c9tat r\u00e9gulant de mani\u00e8re intransigeante la justice sociale, la justice \u00e9conomique, la justice environnementale, la justice fiscale, la s\u00e9curit\u00e9, l\u2019immigration ainsi que la souverainet\u00e9 nationale (l\u2019int\u00e9grit\u00e9 territoriale) et la priorit\u00e9 aux valeurs jud\u00e9o-chr\u00e9tiennes (rajeunies par l\u2019ex\u00e9g\u00e8se moderne).<\/p>\n\n\n\n<p class=\"wp-block-paragraph\"><strong>Aux \u00e9lecteurs de droite classique nous disons&nbsp;:<\/strong> tout comme vous nous sommes ancr\u00e9s sur des valeurs conservatrices et sur des valeurs lib\u00e9rales, mais pour progresser nous voulons nous d\u00e9barrasser des valeurs ou des structures consid\u00e9r\u00e9es comme d\u00e9pass\u00e9es.<\/p>\n\n\n\n<p class=\"wp-block-paragraph\"><strong>Aux \u00e9lecteurs de gauche nous disons&nbsp;:<\/strong> nous n\u2019avons pas peur d\u2019\u00eatre tax\u00e9s de populistes. Parce que notre \u00ab&nbsp;justicialisme&nbsp;\u00bb est un populisme d\u2019\u00e9mancipation que nous assumons. Nous n\u2019essayons pas de r\u00e9cup\u00e9rer les th\u00e8mes sociaux \u00e0 des fins \u00e9lectoralistes&nbsp;: le social est au c\u0153ur de notre programme politique et \u00e9conomique.<\/p>\n\n\n\n<p class=\"wp-block-paragraph\"><strong>Aux \u00e9lecteurs des milieux populaires, historiquement encadr\u00e9s par le Parti Socialiste ou les syndicats, nous disons\u00a0:<\/strong> notre formation de droite moderniste ne remet en cause ni la solidarit\u00e9, ni le r\u00f4le de l\u2019\u00c9tat.<\/p>\n\n\n\n<p class=\"wp-block-paragraph\"><strong>Aux adeptes du vote de rejet (vote qui se d\u00e9tourne des partis traditionnels) nous disons&nbsp;:<\/strong> inutile de vous jeter dans les bras de partis radicaux \u00e0 droite (Vlaams Belang, Chez Nous) ou \u00e0 gauche (PTB\/PVDA), la droite moderniste est une droite alternative, toute neuve, non li\u00e9e \u00e0 l\u2019establishment.<\/p>\n\n\n\n<p class=\"wp-block-paragraph\">Nous sommes bien conscients que dans un contexte de d\u00e9fiance g\u00e9n\u00e9ralis\u00e9e envers la classe politique, les \u00e9lecteurs traditionnels se montrent tr\u00e8s critiques face aux nouveaux mouvements qui semblent surfer sur le m\u00e9contentement, mais nous offrons pourtant des solutions concr\u00e8tes et cr\u00e9dibles, m\u00eame si elles sont difficiles \u00e0 mettre en \u0153uvre, elles ne sont pas pour autant impossibles.<\/p>\n\n\n\n<p class=\"wp-block-paragraph\">Nous savons que la volatilit\u00e9 du vote protestataire en Belgique montre que les \u00e9lecteurs en col\u00e8re sont peu fid\u00e8les, d\u00e8s lors notre formation incarne une alternative certes dure (mais pas extr\u00eame) mais claire et coh\u00e9rente.<\/p>\n\n\n\n<p class=\"wp-block-paragraph\">Avec nous, aucune crainte de l\u2019ambigu\u00eft\u00e9 ou du flou id\u00e9ologique\u00a0:<em> <\/em>nous incarnons une droite sociale, d\u00e9mocrate, et autoritaire (*) qui aime l\u2019environnement autant que l\u2019\u00e9conomie, le march\u00e9, le capital.<\/p>\n\n\n\n<p class=\"wp-block-paragraph\"><\/p>\n\n\n\n<p class=\"wp-block-paragraph\"><\/p>\n\n\n\n<p class=\"wp-block-paragraph\"><\/p>\n\n\n\n<p class=\"wp-block-paragraph\">(*) Sans autorit\u00e9 de l\u2019\u00c9tat, il n\u2019y a ni ordre public ni paix sociale. Et nous voulons moderniser l\u2019\u00c9tat, le d\u00e9mocratiser (lutter contre la \u00ab\u00a0particratie\u00a0\u00bb end\u00e9mique qui ronge notre pays) et le rendre plus efficace afin qu\u2019il soit mieux respect\u00e9.<\/p>\n","protected":false},"excerpt":{"rendered":"<p>Aux \u00e9lecteurs issus de la tradition socialiste, syndicale ou ouvri\u00e8re, nous disons&nbsp;: notre formation politique ne repr\u00e9sente en aucun cas une menace pour les acquis sociaux, la justice redistributive et la protection des travailleurs. Au contraire, nous voulons \u00ab&nbsp;socialiser la droite&nbsp;\u00bb&nbsp;: nous voulons non seulement pr\u00e9server mais aussi fortifier nos acquis sociaux. Nous voulons rendre [&hellip;]<\/p>\n","protected":false},"author":1,"featured_media":0,"comment_status":"open","ping_status":"open","sticky":false,"template":"","format":"standard","meta":{"_monsterinsights_skip_tracking":false,"_uf_show_specific_survey":0,"_uf_disable_surveys":false,"footnotes":""},"categories":[8],"tags":[],"class_list":["post-426","post","type-post","status-publish","format-standard","hentry","category-positionnement"],"_links":{"self":[{"href":"https:\/\/droitemoderniste.be\/index.php\/wp-json\/wp\/v2\/posts\/426","targetHints":{"allow":["GET"]}}],"collection":[{"href":"https:\/\/droitemoderniste.be\/index.php\/wp-json\/wp\/v2\/posts"}],"about":[{"href":"https:\/\/droitemoderniste.be\/index.php\/wp-json\/wp\/v2\/types\/post"}],"author":[{"embeddable":true,"href":"https:\/\/droitemoderniste.be\/index.php\/wp-json\/wp\/v2\/users\/1"}],"replies":[{"embeddable":true,"href":"https:\/\/droitemoderniste.be\/index.php\/wp-json\/wp\/v2\/comments?post=426"}],"version-history":[{"count":1,"href":"https:\/\/droitemoderniste.be\/index.php\/wp-json\/wp\/v2\/posts\/426\/revisions"}],"predecessor-version":[{"id":428,"href":"https:\/\/droitemoderniste.be\/index.php\/wp-json\/wp\/v2\/posts\/426\/revisions\/428"}],"wp:attachment":[{"href":"https:\/\/droitemoderniste.be\/index.php\/wp-json\/wp\/v2\/media?parent=426"}],"wp:term":[{"taxonomy":"category","embeddable":true,"href":"https:\/\/droitemoderniste.be\/index.php\/wp-json\/wp\/v2\/categories?post=426"},{"taxonomy":"post_tag","embeddable":true,"href":"https:\/\/droitemoderniste.be\/index.php\/wp-json\/wp\/v2\/tags?post=426"}],"curies":[{"name":"wp","href":"https:\/\/api.w.org\/{rel}","templated":true}]}}