{"id":378,"date":"2025-07-12T10:23:26","date_gmt":"2025-07-12T08:23:26","guid":{"rendered":"http:\/\/droitemoderniste.be\/?p=378"},"modified":"2025-07-12T10:23:26","modified_gmt":"2025-07-12T08:23:26","slug":"comment-la-droite-moderniste-combine-tradition-et-innovation-politique","status":"publish","type":"post","link":"https:\/\/droitemoderniste.be\/index.php\/2025\/07\/12\/comment-la-droite-moderniste-combine-tradition-et-innovation-politique\/","title":{"rendered":"Comment la \u00ab\u00a0droite moderniste\u00a0\u00bb combine tradition et innovation politique"},"content":{"rendered":"\n<figure class=\"wp-block-image size-full\"><img loading=\"lazy\" decoding=\"async\" width=\"620\" height=\"310\" src=\"http:\/\/droitemoderniste.be\/wp-content\/uploads\/2025\/07\/Brugges.jpg\" alt=\"\" class=\"wp-image-379\" srcset=\"https:\/\/droitemoderniste.be\/wp-content\/uploads\/2025\/07\/Brugges.jpg 620w, https:\/\/droitemoderniste.be\/wp-content\/uploads\/2025\/07\/Brugges-300x150.jpg 300w\" sizes=\"auto, (max-width: 620px) 100vw, 620px\" \/><\/figure>\n\n\n\n<p class=\"wp-block-paragraph\"><strong>Articulation entre tradition et innovation<\/strong><\/p>\n\n\n\n<p class=\"wp-block-paragraph\">La \u00ab\u00a0droite moderniste\u00a0\u00bb se distingue par sa capacit\u00e9 \u00e0 conjuguer l\u2019h\u00e9ritage traditionnel de la droite avec une ouverture s\u00e9lective \u00e0 l\u2019innovation politique. Ce courant ne rejette pas la tradition, mais il ne s\u2019y enferme pas non plus ; il cherche \u00e0 l\u2019adapter et \u00e0 la r\u00e9interpr\u00e9ter \u00e0 la lumi\u00e8re des d\u00e9fis contemporains.<\/p>\n\n\n\n<ol class=\"wp-block-list\">\n<li><strong>Conservation des valeurs structurantes<\/strong><br>La droite, historiquement, s\u2019appuie sur des valeurs telles que l\u2019ordre, la hi\u00e9rarchie, la responsabilit\u00e9, la m\u00e9ritocratie et la tradition.<\/li>\n<\/ol>\n\n\n\n<p class=\"wp-block-paragraph\">La \u00ab\u00a0droite moderniste\u00a0\u00bb de <strong><mark style=\"background-color:rgba(0, 0, 0, 0);color:#ff6900\" class=\"has-inline-color\">MDM<\/mark><\/strong> conserve ces rep\u00e8res, estimant qu\u2019ils constituent le socle n\u00e9cessaire \u00e0 la stabilit\u00e9 sociale et \u00e0 la coh\u00e9sion nationale. Elle reconna\u00eet l\u2019existence d\u2019un ordre naturel ou universel, auquel l\u2019action politique doit se conformer.<\/p>\n\n\n\n<ul class=\"wp-block-list\">\n<li><strong>Ouverture \u00e0 l\u2019innovation et \u00e0 l\u2019adaptation<\/strong><br>Contrairement \u00e0 la droite conservatrice ou traditionaliste, qui peut voir la modernit\u00e9 comme une menace, la droite moderniste consid\u00e8re l\u2019innovation comme un outil pour pr\u00e9server et renforcer ses valeurs dans un monde en mutation. Elle accepte que l\u2019innovation politique, \u00e9conomique ou sociale soit n\u00e9cessaire pour r\u00e9pondre aux enjeux contemporains (technologies, mondialisation, transitions \u00e9cologiques, etc.), \u00e0 condition qu\u2019elle ne d\u00e9truise pas les fondements de la soci\u00e9t\u00e9.<\/li>\n\n\n\n<li><strong>Synth\u00e8se dynamique<\/strong><br>Ce courant op\u00e8re une synth\u00e8se dynamique : il ne s\u2019agit pas d\u2019opposer frontalement tradition et innovation, mais de les faire dialoguer. Selon l\u2019analyse anthropologique, toute soci\u00e9t\u00e9 doit inventer et adapter ses traditions pour survivre et prosp\u00e9rer dans un contexte changeant. La droite moderniste incarne cette logique, en valorisant l\u2019innovation qui s\u2019enracine dans la continuit\u00e9 historique plut\u00f4t que dans la rupture radicale.<\/li>\n\n\n\n<li><strong>Pragmatisme politique<\/strong><br>La droite moderniste adopte un pragmatisme qui lui permet d\u2019int\u00e9grer des r\u00e9formes dans les domaines o\u00f9 la tradition seule ne suffit plus (par exemple, l\u2019\u00e9conomie num\u00e9rique ou la gestion de la diversit\u00e9 culturelle), tout en restant attach\u00e9e \u00e0 la d\u00e9fense de l\u2019identit\u00e9 nationale et \u00e0 la pr\u00e9servation de l\u2019ordre social.<\/li>\n\n\n\n<li><strong>Refus du dualisme rigide<\/strong><br>La r\u00e9flexion contemporaine sur la dyade \u00ab\u00a0tradition\/innovation\u00a0\u00bb montre que l\u2019opposition stricte entre les deux est souvent artificielle. La droite moderniste refuse ce dualisme : elle privil\u00e9gie une approche nuanc\u00e9e, o\u00f9 l\u2019innovation est l\u00e9gitime d\u00e8s lors qu\u2019elle s\u2019inscrit dans le respect des valeurs et des structures fondamentales h\u00e9rit\u00e9es du pass\u00e9.<\/li>\n<\/ul>\n\n\n\n<p class=\"wp-block-paragraph\"><strong>En r\u00e9sum\u00e9<\/strong>, la droite moderniste combine tradition et innovation en cherchant \u00e0 adapter les principes historiques de la droite aux r\u00e9alit\u00e9s du pr\u00e9sent, sans sacrifier l\u2019un au profit de l\u2019autre. Elle propose une voie d\u2019\u00e9quilibre, o\u00f9 l\u2019innovation politique est au service de la perp\u00e9tuation et du renforcement des valeurs traditionnelles, et non de leur effacement.<\/p>\n","protected":false},"excerpt":{"rendered":"<p>Articulation entre tradition et innovation La \u00ab\u00a0droite moderniste\u00a0\u00bb se distingue par sa capacit\u00e9 \u00e0 conjuguer l\u2019h\u00e9ritage traditionnel de la droite avec une ouverture s\u00e9lective \u00e0 l\u2019innovation politique. Ce courant ne rejette pas la tradition, mais il ne s\u2019y enferme pas non plus ; il cherche \u00e0 l\u2019adapter et \u00e0 la r\u00e9interpr\u00e9ter \u00e0 la lumi\u00e8re des [&hellip;]<\/p>\n","protected":false},"author":1,"featured_media":0,"comment_status":"open","ping_status":"open","sticky":false,"template":"","format":"standard","meta":{"_monsterinsights_skip_tracking":false,"_uf_show_specific_survey":0,"_uf_disable_surveys":false,"footnotes":""},"categories":[8],"tags":[],"class_list":["post-378","post","type-post","status-publish","format-standard","hentry","category-positionnement"],"_links":{"self":[{"href":"https:\/\/droitemoderniste.be\/index.php\/wp-json\/wp\/v2\/posts\/378","targetHints":{"allow":["GET"]}}],"collection":[{"href":"https:\/\/droitemoderniste.be\/index.php\/wp-json\/wp\/v2\/posts"}],"about":[{"href":"https:\/\/droitemoderniste.be\/index.php\/wp-json\/wp\/v2\/types\/post"}],"author":[{"embeddable":true,"href":"https:\/\/droitemoderniste.be\/index.php\/wp-json\/wp\/v2\/users\/1"}],"replies":[{"embeddable":true,"href":"https:\/\/droitemoderniste.be\/index.php\/wp-json\/wp\/v2\/comments?post=378"}],"version-history":[{"count":1,"href":"https:\/\/droitemoderniste.be\/index.php\/wp-json\/wp\/v2\/posts\/378\/revisions"}],"predecessor-version":[{"id":380,"href":"https:\/\/droitemoderniste.be\/index.php\/wp-json\/wp\/v2\/posts\/378\/revisions\/380"}],"wp:attachment":[{"href":"https:\/\/droitemoderniste.be\/index.php\/wp-json\/wp\/v2\/media?parent=378"}],"wp:term":[{"taxonomy":"category","embeddable":true,"href":"https:\/\/droitemoderniste.be\/index.php\/wp-json\/wp\/v2\/categories?post=378"},{"taxonomy":"post_tag","embeddable":true,"href":"https:\/\/droitemoderniste.be\/index.php\/wp-json\/wp\/v2\/tags?post=378"}],"curies":[{"name":"wp","href":"https:\/\/api.w.org\/{rel}","templated":true}]}}