{"id":375,"date":"2025-07-11T14:16:18","date_gmt":"2025-07-11T12:16:18","guid":{"rendered":"http:\/\/droitemoderniste.be\/?p=375"},"modified":"2025-07-11T14:16:18","modified_gmt":"2025-07-11T12:16:18","slug":"idee-pour-financer-notre-rearmement","status":"publish","type":"post","link":"https:\/\/droitemoderniste.be\/index.php\/2025\/07\/11\/idee-pour-financer-notre-rearmement\/","title":{"rendered":"Id\u00e9e pour financer notre r\u00e9armement"},"content":{"rendered":"\n<figure class=\"wp-block-image size-full\"><img loading=\"lazy\" decoding=\"async\" width=\"620\" height=\"310\" src=\"http:\/\/droitemoderniste.be\/wp-content\/uploads\/2025\/07\/58feeb9acd70812a65a2acbf.jpg\" alt=\"\" class=\"wp-image-376\" srcset=\"https:\/\/droitemoderniste.be\/wp-content\/uploads\/2025\/07\/58feeb9acd70812a65a2acbf.jpg 620w, https:\/\/droitemoderniste.be\/wp-content\/uploads\/2025\/07\/58feeb9acd70812a65a2acbf-300x150.jpg 300w\" sizes=\"auto, (max-width: 620px) 100vw, 620px\" \/><\/figure>\n\n\n\n<p class=\"wp-block-paragraph\">La Belgique consacre environ 30 % de son PNB \u00e0 ses d\u00e9penses sociales (25 % du PNB) et \u00e0 une multitude d&rsquo;organismes divers et de dispositifs d&rsquo;aides (5% du PNB) dont l&rsquo;efficacit\u00e9 m\u00e9riterait \u00e0 minima \u00e9valu\u00e9e.<\/p>\n\n\n\n<p class=\"wp-block-paragraph\">En \u00e9conomisant 5 % de ces 184 milliards d&rsquo;euros, nous pourrions d\u00e9gager 9 milliards d&rsquo;euros, et aboutir \u00e0 un effort de r\u00e9armement suffisant pour notre pays, sans devoir lever une taxe suppl\u00e9mentaire (la \u00ab\u00a0taxe Pr\u00e9vot\u00a0\u00bb) et\/ou sans devoir endetter davantage la Belgique.<\/p>\n\n\n\n<p class=\"wp-block-paragraph\">Les \u00e9conomies pourraient surtout provenir d&rsquo;une rationalisation radicale des d\u00e9penses consacr\u00e9es aux kyrielles d&rsquo;organismes divers (plus de 10 000 ASBL, ONG, Coop\u00e9ratives, fondations&#8230;) et dispositifs d&rsquo;aides (plus de 130 m\u00e9canismes d&rsquo;aides aux Entreprises). <\/p>\n\n\n\n<p class=\"wp-block-paragraph\">A ce jour aucun m\u00e9canisme d&rsquo;aide n&rsquo;a vu son efficacit\u00e9 \u00e9conomique \u00e9valu\u00e9e.<\/p>\n","protected":false},"excerpt":{"rendered":"<p>La Belgique consacre environ 30 % de son PNB \u00e0 ses d\u00e9penses sociales (25 % du PNB) et \u00e0 une multitude d&rsquo;organismes divers et de dispositifs d&rsquo;aides (5% du PNB) dont l&rsquo;efficacit\u00e9 m\u00e9riterait \u00e0 minima \u00e9valu\u00e9e. En \u00e9conomisant 5 % de ces 184 milliards d&rsquo;euros, nous pourrions d\u00e9gager 9 milliards d&rsquo;euros, et aboutir \u00e0 un [&hellip;]<\/p>\n","protected":false},"author":1,"featured_media":0,"comment_status":"open","ping_status":"open","sticky":false,"template":"","format":"standard","meta":{"_monsterinsights_skip_tracking":false,"_uf_show_specific_survey":0,"_uf_disable_surveys":false,"footnotes":""},"categories":[7],"tags":[],"class_list":["post-375","post","type-post","status-publish","format-standard","hentry","category-defense"],"_links":{"self":[{"href":"https:\/\/droitemoderniste.be\/index.php\/wp-json\/wp\/v2\/posts\/375","targetHints":{"allow":["GET"]}}],"collection":[{"href":"https:\/\/droitemoderniste.be\/index.php\/wp-json\/wp\/v2\/posts"}],"about":[{"href":"https:\/\/droitemoderniste.be\/index.php\/wp-json\/wp\/v2\/types\/post"}],"author":[{"embeddable":true,"href":"https:\/\/droitemoderniste.be\/index.php\/wp-json\/wp\/v2\/users\/1"}],"replies":[{"embeddable":true,"href":"https:\/\/droitemoderniste.be\/index.php\/wp-json\/wp\/v2\/comments?post=375"}],"version-history":[{"count":1,"href":"https:\/\/droitemoderniste.be\/index.php\/wp-json\/wp\/v2\/posts\/375\/revisions"}],"predecessor-version":[{"id":377,"href":"https:\/\/droitemoderniste.be\/index.php\/wp-json\/wp\/v2\/posts\/375\/revisions\/377"}],"wp:attachment":[{"href":"https:\/\/droitemoderniste.be\/index.php\/wp-json\/wp\/v2\/media?parent=375"}],"wp:term":[{"taxonomy":"category","embeddable":true,"href":"https:\/\/droitemoderniste.be\/index.php\/wp-json\/wp\/v2\/categories?post=375"},{"taxonomy":"post_tag","embeddable":true,"href":"https:\/\/droitemoderniste.be\/index.php\/wp-json\/wp\/v2\/tags?post=375"}],"curies":[{"name":"wp","href":"https:\/\/api.w.org\/{rel}","templated":true}]}}