{"id":365,"date":"2025-07-11T08:46:50","date_gmt":"2025-07-11T06:46:50","guid":{"rendered":"http:\/\/droitemoderniste.be\/?p=365"},"modified":"2025-07-11T08:47:37","modified_gmt":"2025-07-11T06:47:37","slug":"nos-agriculteurs-vont-se-faire-empapaouter","status":"publish","type":"post","link":"https:\/\/droitemoderniste.be\/index.php\/2025\/07\/11\/nos-agriculteurs-vont-se-faire-empapaouter\/","title":{"rendered":"Nos agriculteurs vont se faire empapaouter"},"content":{"rendered":"\n<figure class=\"wp-block-image size-full\"><img loading=\"lazy\" decoding=\"async\" width=\"299\" height=\"169\" src=\"http:\/\/droitemoderniste.be\/wp-content\/uploads\/2025\/07\/UE-Ukraine.jpg\" alt=\"\" class=\"wp-image-366\"\/><\/figure>\n\n\n\n<p class=\"wp-block-paragraph\">La Commission europ\u00e9enne cherche \u00e0 faire, le plus rapidement possible, formellement adopter, par les pays membres de l\u2019UE, une version corrig\u00e9e de la \u00ab zone de libre-\u00e9change approfondie et compl\u00e8te \u00bb (ZLEA) avec l\u2019Ukraine, le cadre qui r\u00e9git les relations commerciales entre les deux partis, en place depuis 2016.<\/p>\n\n\n\n<p class=\"wp-block-paragraph\">Pour contenter les producteurs ukrainiens tout en m\u00e9nageant les secteurs europ\u00e9ens identifi\u00e9s comme sensibles, notamment <a><\/a>l\u2019agroalimentaire, la Commission affirme avoir trouv\u00e9 un entre-deux, en accordant \u00e0 Kiev une am\u00e9lioration de l\u2019acc\u00e8s au march\u00e9 europ\u00e9en par rapport aux conditions d\u2019avant-guerre, sans toutefois r\u00e9tablir totalement les mesures de lib\u00e9ralisation du commerce en vigueur depuis 2022.<\/p>\n\n\n\n<p class=\"wp-block-paragraph\">Ces mesures commerciales autonomes (MCA), instaur\u00e9es unilat\u00e9ralement par Bruxelles au commencement de la guerre d\u2019agression russe et qui ont pris fin le 5 juin dernier, avaient largement lib\u00e9ralis\u00e9 les \u00e9changes avec l\u2019Ukraine et permis \u00e0 Kiev de compenser les pertes \u00e9conomiques subies pendant le conflit, en supprimant de nombreux quotas d\u2019exportation.<\/p>\n\n\n\n<p class=\"wp-block-paragraph\">Mais, vendues en de\u00e7\u00e0 des prix europ\u00e9ens par les exportateurs ukrainiens, ces denr\u00e9es se sont ensuite retrouv\u00e9es au c\u0153ur d\u2019une violente contestation politique et sociale dans de nombreux pays de l\u2019Union, o\u00f9 les agriculteurs d\u00e9non\u00e7aient une concurrence d\u00e9loyale venue de l\u2019Est et des prix tir\u00e9s artificiellement vers le bas.<\/p>\n\n\n\n<p class=\"wp-block-paragraph\">L\u2019accord trouv\u00e9 en ce d\u00e9but juillet semble avoir pris en compte les r\u00e9criminations des exploitants europ\u00e9ens \u2013 mais aussi les demandes de Kiev, qui a fait valoir que le retour \u00e0 l\u2019accord d\u2019association d\u2019origine pourrait co\u00fbter au pays 3 milliards \u20ac par an.<\/p>\n\n\n\n<p class=\"wp-block-paragraph\">C\u2019est un peu vite oublier que l\u2019Europe a d\u00e9j\u00e0 octroy\u00e9, depuis f\u00e9vrier 2022, une aide globale colossale \u00e0 l\u2019Ukraine : plus de 243 milliards d\u2019euros (aide financi\u00e8re et \u00e9conomique, militaire, humanitaire, accueil des r\u00e9fugi\u00e9s. Et c\u2019est loin d\u2019\u00eatre fini.<\/p>\n\n\n\n<p class=\"wp-block-paragraph\">Les nouvelles conditions maintiennent des quotas d\u2019exportation sur liste \u00e9troite de produits \u00ab sensibles \u00bb : sucre, miel, \u0153ufs, volaille, ma\u00efs, orge ou encore beurre : oui mais voil\u00e0, ces quotas sont tous significativement augment\u00e9s par rapport \u00e0 l\u2019accord d\u2019origine !<\/p>\n\n\n\n<p class=\"wp-block-paragraph\">D\u00e8s lors je ne vois comment \u00e9viter la future col\u00e8re des agriculteurs europ\u00e9ens?<\/p>\n\n\n\n<p class=\"wp-block-paragraph\">Les quotas pour les \u0153ufs passent de 6 000 \u00e0 18 000 tonnes.<\/p>\n\n\n\n<p class=\"wp-block-paragraph\">Le sucre et le miel ont presque quintupl\u00e9 \u2013 de 20 000 \u00e0 100 000 tonnes \u2013 tandis que ceux pour la volaille \u2013 jusqu\u2019\u00e0 120 000 tonnes dans le nouvel accord \u2013 ont quasi doubl\u00e9.<\/p>\n\n\n\n<p class=\"wp-block-paragraph\">Les quotas pour la plupart des viandes \u2013 le b\u0153uf, le porc et l\u2019agneau \u2013 restent, eux, soi-disant inchang\u00e9s par rapport \u00e0 2016.<\/p>\n\n\n\n<p class=\"wp-block-paragraph\">Il faut savoir que les premiers quotas n\u00e9goci\u00e9s n\u2019ont jamais \u00e9t\u00e9 respect\u00e9s : ils ont pratiquement tous \u00e9t\u00e9 d\u00e9pass\u00e9s d\u00e8s la premi\u00e8re ann\u00e9e.<\/p>\n\n\n\n<p class=\"wp-block-paragraph\">D\u00e8s lors les nouveaux chiffres n\u00e9goci\u00e9s ne font qu\u2019ent\u00e9riner une r\u00e9alit\u00e9 de terrain.<\/p>\n\n\n\n<p class=\"wp-block-paragraph\">Malheureusement ces nouveaux quotas rehauss\u00e9s seront eux aussi, assez vite, outrageusement d\u00e9pass\u00e9s.<\/p>\n\n\n\n<p class=\"wp-block-paragraph\">L\u2019accord pr\u00e9voit \u00e9galement une lib\u00e9ralisation totale pour plusieurs autres produits : la poudre de lait entier, le jus de raisin, les yaourts ou les champignons qui ne seront plus soumis \u00e0 des quotas.<\/p>\n\n\n\n<p class=\"wp-block-paragraph\">De son c\u00f4t\u00e9, Kiev a accept\u00e9 d\u2019augmenter de mani\u00e8re significative les quotas pour les importations europ\u00e9ennes de porc, de volaille et de sucre \u2013 mais, surtout, de continuer ses efforts pour aligner ses normes agricoles (pratiquement toujours inexistantes) avec celles de l\u2019UE.<\/p>\n\n\n\n<p class=\"wp-block-paragraph\">Un processus d\u00e9j\u00e0 en cours (sur papier, dans les discours, mais pas sur le terrain) dans le cadre de sa demande d\u2019adh\u00e9sion, mais dont la Commission attend qu\u2019il aboutisse en 2028.<\/p>\n\n\n\n<p class=\"wp-block-paragraph\">La Commission fait semblant \u00e9galement d\u2019avoir appris de ses erreurs pass\u00e9es : un m\u00e9canisme de sauvegarde important est pr\u00e9vu par l\u2019accord, qui peut \u00eatre d\u00e9clench\u00e9 \u00e0 tout moment si un ou plusieurs \u00c9tats membres estiment que le niveau des importations risque de provoquer des perturbations importantes \u00e0 l\u2019\u00e9chelle de l\u2019UE ou au niveau national.<\/p>\n\n\n\n<p class=\"wp-block-paragraph\">Plusieurs pays frontaliers de l\u2019Ukraine, \u00e0 commencer par la Pologne et la Hongrie, avaient d\u00e9j\u00e0 instaur\u00e9 des restrictions sur les importations, afin de prot\u00e9ger leurs agriculteurs, et s\u2019\u00e9taient montr\u00e9s r\u00e9ticents \u00e0 acc\u00e9l\u00e9rer la proc\u00e9dure de n\u00e9gociation au niveau europ\u00e9en.<\/p>\n\n\n\n<p class=\"wp-block-paragraph\">L\u2019accord doit d\u00e9sormais \u00eatre formellement adopt\u00e9 par les pays membres, en recueillant la majorit\u00e9 qualifi\u00e9e, soit 55 % des \u00c9tats membres repr\u00e9sentant au moins 65 % de la population totale de l\u2019UE.<\/p>\n\n\n\n<p class=\"wp-block-paragraph\">Plusieurs acteurs de la fili\u00e8re agroalimentaire le savent bien : cet accord ne sera pas respect\u00e9 (pas plus que les autres) et les fonctionnaires europ\u00e9ens auront probablement re\u00e7u pour consigne de fermer les yeux.<\/p>\n\n\n\n<p class=\"wp-block-paragraph\">Nos fonctionnaires europ\u00e9ens sont des id\u00e9ologues path\u00e9tiques qui, au nom du combat pour la libert\u00e9 ukrainienne, sont pr\u00eats \u00e0 sacrifier des pans entiers de l\u2019agriculture europ\u00e9enne.<\/p>\n","protected":false},"excerpt":{"rendered":"<p>La Commission europ\u00e9enne cherche \u00e0 faire, le plus rapidement possible, formellement adopter, par les pays membres de l\u2019UE, une version corrig\u00e9e de la \u00ab zone de libre-\u00e9change approfondie et compl\u00e8te \u00bb (ZLEA) avec l\u2019Ukraine, le cadre qui r\u00e9git les relations commerciales entre les deux partis, en place depuis 2016. Pour contenter les producteurs ukrainiens tout [&hellip;]<\/p>\n","protected":false},"author":1,"featured_media":0,"comment_status":"open","ping_status":"open","sticky":false,"template":"","format":"standard","meta":{"_monsterinsights_skip_tracking":false,"_uf_show_specific_survey":0,"_uf_disable_surveys":false,"footnotes":""},"categories":[5],"tags":[],"class_list":["post-365","post","type-post","status-publish","format-standard","hentry","category-agriculture"],"_links":{"self":[{"href":"https:\/\/droitemoderniste.be\/index.php\/wp-json\/wp\/v2\/posts\/365","targetHints":{"allow":["GET"]}}],"collection":[{"href":"https:\/\/droitemoderniste.be\/index.php\/wp-json\/wp\/v2\/posts"}],"about":[{"href":"https:\/\/droitemoderniste.be\/index.php\/wp-json\/wp\/v2\/types\/post"}],"author":[{"embeddable":true,"href":"https:\/\/droitemoderniste.be\/index.php\/wp-json\/wp\/v2\/users\/1"}],"replies":[{"embeddable":true,"href":"https:\/\/droitemoderniste.be\/index.php\/wp-json\/wp\/v2\/comments?post=365"}],"version-history":[{"count":1,"href":"https:\/\/droitemoderniste.be\/index.php\/wp-json\/wp\/v2\/posts\/365\/revisions"}],"predecessor-version":[{"id":367,"href":"https:\/\/droitemoderniste.be\/index.php\/wp-json\/wp\/v2\/posts\/365\/revisions\/367"}],"wp:attachment":[{"href":"https:\/\/droitemoderniste.be\/index.php\/wp-json\/wp\/v2\/media?parent=365"}],"wp:term":[{"taxonomy":"category","embeddable":true,"href":"https:\/\/droitemoderniste.be\/index.php\/wp-json\/wp\/v2\/categories?post=365"},{"taxonomy":"post_tag","embeddable":true,"href":"https:\/\/droitemoderniste.be\/index.php\/wp-json\/wp\/v2\/tags?post=365"}],"curies":[{"name":"wp","href":"https:\/\/api.w.org\/{rel}","templated":true}]}}