{"id":361,"date":"2025-07-10T14:58:50","date_gmt":"2025-07-10T12:58:50","guid":{"rendered":"http:\/\/droitemoderniste.be\/?p=361"},"modified":"2025-07-10T14:58:50","modified_gmt":"2025-07-10T12:58:50","slug":"limmigration-est-utile-mais-non-indispensable","status":"publish","type":"post","link":"https:\/\/droitemoderniste.be\/index.php\/2025\/07\/10\/limmigration-est-utile-mais-non-indispensable\/","title":{"rendered":"L&rsquo;immigration est utile mais non indispensable"},"content":{"rendered":"\n<figure class=\"wp-block-image size-full\"><img loading=\"lazy\" decoding=\"async\" width=\"276\" height=\"182\" src=\"http:\/\/droitemoderniste.be\/wp-content\/uploads\/2025\/07\/immigmassive.jpeg\" alt=\"\" class=\"wp-image-362\"\/><\/figure>\n\n\n\n<p class=\"wp-block-paragraph\"><em>Ouvrir nos fronti\u00e8res pour des raisons \u00e9conomiques est en partie une imposture.<\/em><\/p>\n\n\n\n<p class=\"wp-block-paragraph\"><em>Par contre, \u00e9tant donn\u00e9 les flux migratoires incontr\u00f4lables pr\u00e9server notre identit\u00e9 culturelle est devenu une v\u00e9ritable gageure.<\/em><\/p>\n\n\n\n<p class=\"wp-block-paragraph\">Pour compenser le d\u00e9clin d\u00e9mographique, renforcer l\u2019innovation locale requiert une approche multidimensionnelle centr\u00e9e sur la <strong>productivit\u00e9, la transformation digitale, la sp\u00e9cialisation intelligente<\/strong> et la mobilisation de tous les acteurs du territoire.<\/p>\n\n\n\n<p class=\"wp-block-paragraph\">Voici les leviers principaux identifi\u00e9s par les politiques d\u2019innovation r\u00e9centes et les analyses \u00e9conomiques\u202f:<\/p>\n\n\n\n<ul class=\"wp-block-list\">\n<li><strong>Transformation digitale et automatisation<\/strong><br>Acc\u00e9l\u00e9rer l\u2019adoption des technologies num\u00e9riques et de la robotique permet d\u2019augmenter la productivit\u00e9 malgr\u00e9 la rar\u00e9faction de la main-d\u2019\u0153uvre. La robotique, par exemple, am\u00e9liore les conditions de travail, rend certains m\u00e9tiers plus attractifs et permet de maintenir la comp\u00e9titivit\u00e9 des entreprises tout en compensant la baisse du nombre d\u2019actifs.<\/li>\n\n\n\n<li><strong>Soutien \u00e0 l\u2019innovation dans les PME et l\u2019artisanat<\/strong><br>Encourager l\u2019innovation au sein des petites entreprises, de l\u2019artisanat et des cha\u00eenes courtes\/locales favorise la r\u00e9silience \u00e9conomique et la cr\u00e9ation d\u2019emplois locaux. L\u2019\u00e9conomie sociale et collaborative, ainsi que la valorisation des savoir-faire locaux, sont des axes de d\u00e9veloppement importants.<\/li>\n\n\n\n<li><strong>Sp\u00e9cialisation intelligente et secteurs strat\u00e9giques<\/strong><br>Investir dans des domaines \u00e0 fort potentiel (sant\u00e9, technologies vertes, \u00e9conomie num\u00e9rique) permet de concentrer les ressources sur des secteurs porteurs, tout en stimulant la recherche et le d\u00e9veloppement local.<\/li>\n\n\n\n<li><strong>D\u00e9veloppement de nouveaux mod\u00e8les \u00e9conomiques<\/strong><br>La crise post-Covid a montr\u00e9 l\u2019importance de nouveaux business models, de l\u2019innovation sociale et de la diffusion rapide des innovations dans tous les secteurs, y compris le tourisme, la culture et le commerce de proximit\u00e9.<\/li>\n\n\n\n<li><strong>Renforcement des comp\u00e9tences et formation continue<\/strong><br>Adapter les m\u00e9thodes d\u2019apprentissage et de formation pour r\u00e9pondre aux besoins des entreprises innovantes et pr\u00e9parer la population active aux m\u00e9tiers de demain est essentiel pour maintenir la dynamique d\u2019innovation locale.<\/li>\n\n\n\n<li><strong>Gouvernance innovante et partenariats locaux<\/strong><br>Une gouvernance participative impliquant collectivit\u00e9s, entreprises, universit\u00e9s et citoyens favorise la diffusion et la valorisation des innovations sur le territoire, tout en assurant une meilleure coh\u00e9sion sociale et \u00e9conomique.<\/li>\n\n\n\n<li><strong>Investissement dans les infrastructures et l\u2019\u00e9nergie<\/strong><br>D\u00e9velopper des projets locaux d\u2019infrastructures, notamment dans les \u00e9nergies renouvelables, peut g\u00e9n\u00e9rer de l\u2019activit\u00e9 \u00e9conomique, renforcer l\u2019autonomie des territoires et cr\u00e9er des emplois durables.<\/li>\n<\/ul>\n\n\n\n<p class=\"wp-block-paragraph\">En r\u00e9sum\u00e9, pour compenser le d\u00e9clin d\u00e9mographique, il est crucial de miser sur la <strong>transformation digitale, l\u2019innovation sectorielle, la mont\u00e9e en comp\u00e9tences, et la mobilisation de tous les acteurs locaux<\/strong>. Ces strat\u00e9gies permettent de maintenir la croissance et la r\u00e9silience \u00e9conomique, m\u00eame avec une population active en diminution.<\/p>\n\n\n\n<figure class=\"wp-block-image size-full\"><img loading=\"lazy\" decoding=\"async\" width=\"275\" height=\"183\" src=\"http:\/\/droitemoderniste.be\/wp-content\/uploads\/2025\/07\/immigmassive1.jpeg\" alt=\"\" class=\"wp-image-363\"\/><\/figure>\n","protected":false},"excerpt":{"rendered":"<p>Ouvrir nos fronti\u00e8res pour des raisons \u00e9conomiques est en partie une imposture. Par contre, \u00e9tant donn\u00e9 les flux migratoires incontr\u00f4lables pr\u00e9server notre identit\u00e9 culturelle est devenu une v\u00e9ritable gageure. Pour compenser le d\u00e9clin d\u00e9mographique, renforcer l\u2019innovation locale requiert une approche multidimensionnelle centr\u00e9e sur la productivit\u00e9, la transformation digitale, la sp\u00e9cialisation intelligente et la mobilisation de [&hellip;]<\/p>\n","protected":false},"author":1,"featured_media":0,"comment_status":"open","ping_status":"open","sticky":false,"template":"","format":"standard","meta":{"_monsterinsights_skip_tracking":false,"_uf_show_specific_survey":0,"_uf_disable_surveys":false,"footnotes":""},"categories":[1],"tags":[],"class_list":["post-361","post","type-post","status-publish","format-standard","hentry","category-immigration"],"_links":{"self":[{"href":"https:\/\/droitemoderniste.be\/index.php\/wp-json\/wp\/v2\/posts\/361","targetHints":{"allow":["GET"]}}],"collection":[{"href":"https:\/\/droitemoderniste.be\/index.php\/wp-json\/wp\/v2\/posts"}],"about":[{"href":"https:\/\/droitemoderniste.be\/index.php\/wp-json\/wp\/v2\/types\/post"}],"author":[{"embeddable":true,"href":"https:\/\/droitemoderniste.be\/index.php\/wp-json\/wp\/v2\/users\/1"}],"replies":[{"embeddable":true,"href":"https:\/\/droitemoderniste.be\/index.php\/wp-json\/wp\/v2\/comments?post=361"}],"version-history":[{"count":1,"href":"https:\/\/droitemoderniste.be\/index.php\/wp-json\/wp\/v2\/posts\/361\/revisions"}],"predecessor-version":[{"id":364,"href":"https:\/\/droitemoderniste.be\/index.php\/wp-json\/wp\/v2\/posts\/361\/revisions\/364"}],"wp:attachment":[{"href":"https:\/\/droitemoderniste.be\/index.php\/wp-json\/wp\/v2\/media?parent=361"}],"wp:term":[{"taxonomy":"category","embeddable":true,"href":"https:\/\/droitemoderniste.be\/index.php\/wp-json\/wp\/v2\/categories?post=361"},{"taxonomy":"post_tag","embeddable":true,"href":"https:\/\/droitemoderniste.be\/index.php\/wp-json\/wp\/v2\/tags?post=361"}],"curies":[{"name":"wp","href":"https:\/\/api.w.org\/{rel}","templated":true}]}}