{"id":3174,"date":"2026-08-30T10:33:29","date_gmt":"2026-08-30T08:33:29","guid":{"rendered":"https:\/\/droitemoderniste.be\/?p=3174"},"modified":"2026-08-30T10:36:10","modified_gmt":"2026-08-30T08:36:10","slug":"1-du-pib-pour-le-climat-non-1-du-pib-pour-les-naissances","status":"publish","type":"post","link":"https:\/\/droitemoderniste.be\/index.php\/2026\/08\/30\/1-du-pib-pour-le-climat-non-1-du-pib-pour-les-naissances\/","title":{"rendered":"1% du PIB pour le climat? Non: 1% du PIB pour les naissances!"},"content":{"rendered":"\n<figure class=\"wp-block-image size-full\"><img loading=\"lazy\" decoding=\"async\" width=\"259\" height=\"194\" src=\"https:\/\/droitemoderniste.be\/wp-content\/uploads\/2026\/08\/fecondite-1.jpg\" alt=\"\" class=\"wp-image-3175\"\/><\/figure>\n\n\n\n<p class=\"wp-block-paragraph\">\u00c9colo vient de proposer un fonds climatique \u00e9quivalent \u00e0 1% du PIB pour \u00ab prot\u00e9ger la Belgique \u00bb. Il serait bien plus pertinent, et bien plus urgent, de proposer un fonds natalit\u00e9 \u00e9quivalent \u00e0 1% du PIB pour sauver la Belgique de son effondrement d\u00e9mographique.<\/p>\n\n\n\n<h2 class=\"wp-block-heading\">La Belgique en d\u00e9clin naturel<\/h2>\n\n\n\n<p class=\"wp-block-paragraph\">Les chiffres sont t\u00eatus. En 2024, la Belgique n\u2019a enregistr\u00e9 que 108 150 naissances, le niveau le plus bas depuis 1942. Le taux de f\u00e9condit\u00e9 est tomb\u00e9 \u00e0 1,44 enfant par femme, tr\u00e8s loin des 2,1 n\u00e9cessaires au simple maintien de la population sans migration. Depuis le d\u00e9but des ann\u00e9es 2020, le solde naturel (naissances moins d\u00e9c\u00e8s) est n\u00e9gatif : il y a plus de morts que de naissances chaque ann\u00e9e.<\/p>\n\n\n\n<p class=\"wp-block-paragraph\">Seule la migration emp\u00eache un effondrement total de la population. Autrement dit : sans apports migratoires, la Belgique entrerait d\u00e9j\u00e0 en d\u00e9croissance d\u00e9mographique pure et dure. C\u2019est cela, la r\u00e9alit\u00e9 que les discours sur le climat ne doivent pas occulter.<\/p>\n\n\n\n<h2 class=\"wp-block-heading\">1% du PIB : 6,5 milliards d\u2019euros par an<\/h2>\n\n\n\n<p class=\"wp-block-paragraph\">\u00c9colo propose d\u2019investir chaque ann\u00e9e 1% du PIB belge \u2013 environ 6,5 milliards d\u2019euros \u2013 dans la lutte contre le d\u00e9r\u00e8glement climatique, pr\u00e9sent\u00e9 comme un enjeu de s\u00e9curit\u00e9 nationale. Le parti argue que la Belgique d\u00e9pense d\u00e9j\u00e0 pr\u00e8s de 1% de sa richesse nationale pour r\u00e9parer les d\u00e9g\u00e2ts climatiques, et qu\u2019il vaudrait mieux investir ce montant en amont.<\/p>\n\n\n\n<p class=\"wp-block-paragraph\">Le raisonnement est coh\u00e9rent sur le plan \u00e9cologique. Mais il est aveugle sur le plan d\u00e9mographique. \u00c0 quoi sert de d\u00e9carboner un pays qui ne fait plus d\u2019enfants ? \u00c0 quoi bon adapter le territoire si la population qui doit l\u2019habiter et le financer se r\u00e9duit structurellement ?<\/p>\n\n\n\n<h2 class=\"wp-block-heading\">Le vrai risque syst\u00e9mique : l\u2019effondrement d\u00e9mographique<\/h2>\n\n\n\n<p class=\"wp-block-paragraph\">Le vieillissement, la long\u00e9vit\u00e9 accrue et la baisse des naissances transforment d\u00e9j\u00e0 la structure de la population belge et europ\u00e9enne. L\u2019UE s\u2019approche de son pic d\u00e9mographique avant un d\u00e9clin progressif ; la Belgique suit la m\u00eame trajectoire.<\/p>\n\n\n\n<p class=\"wp-block-paragraph\">Les cons\u00e9quences sont syst\u00e9miques :<\/p>\n\n\n\n<ul class=\"wp-block-list\">\n<li>Un nombre croissant de retrait\u00e9s \u00e0 financer par un nombre d\u00e9croissant de travailleurs.<\/li>\n\n\n\n<li>Un mod\u00e8le social et \u00e9conomique mis sous tension : pensions, soins de sant\u00e9, d\u00e9pendance, services publics.<\/li>\n\n\n\n<li>Une d\u00e9pendance accrue \u00e0 la migration pour maintenir la population active, avec tous les d\u00e9fis politiques et sociaux que cela implique.<\/li>\n<\/ul>\n\n\n\n<p class=\"wp-block-paragraph\">Aucune transition \u00e9nerg\u00e9tique ne compensera un effondrement d\u00e9mographique. On peut \u00e9lectrifier les voitures, isoler les logements et installer des \u00e9oliennes : rien de tout cela ne fera na\u00eetre un seul enfant.<\/p>\n\n\n\n<h2 class=\"wp-block-heading\">Un fonds natalit\u00e9 de 1% du PIB : une priorit\u00e9 de s\u00e9curit\u00e9 nationale<\/h2>\n\n\n\n<p class=\"wp-block-paragraph\">Si le climat est une affaire de s\u00e9curit\u00e9 nationale, la d\u00e9mographie l\u2019est tout autant. Un pays qui ne fait plus d\u2019enfants perd sa souverainet\u00e9 : souverainet\u00e9 budg\u00e9taire (moins de contributeurs nets), souverainet\u00e9 sociale (mod\u00e8le de protection intenable), souverainet\u00e9 politique (d\u00e9pendance aux flux migratoires et aux r\u00e8gles europ\u00e9ennes).<\/p>\n\n\n\n<p class=\"wp-block-paragraph\">Il est donc bien plus pertinent de proposer un fonds natalit\u00e9 \u00e9quivalent \u00e0 1% du PIB, soit environ 6,5 milliards d\u2019euros par an, strictement affect\u00e9s \u00e0 la politique familiale et \u00e0 la natalit\u00e9. Ce fonds aurait pour objectif clair : remonter durablement le taux de f\u00e9condit\u00e9 belge vers 1,8\u20132,0 enfants par femme, en agissant sur les freins \u00e9conomiques, sociaux et culturels \u00e0 la parentalit\u00e9.<\/p>\n\n\n\n<h2 class=\"wp-block-heading\">\u00c0 quoi servirait ce fonds natalit\u00e9 ?<\/h2>\n\n\n\n<p class=\"wp-block-paragraph\">Un fonds natalit\u00e9 de 1% du PIB ne serait pas un \u00e9ni\u00e8me guichet opaque. Il financerait des mesures directes, lisibles et \u00e9valuables :<\/p>\n\n\n\n<ul class=\"wp-block-list\">\n<li>Un cr\u00e9dit d\u2019imp\u00f4t par enfant massif et simple, qui r\u00e9duise imm\u00e9diatement la charge fiscale des familles.<\/li>\n\n\n\n<li>Un bonus natalit\u00e9 \u00e0 la naissance, significatif et universel, pour aider concr\u00e8tement les premiers mois de vie.<\/li>\n\n\n\n<li>Un soutien renforc\u00e9 \u00e0 la petite enfance : places de cr\u00e8che garanties, tarifs sociaux, reconnaissance du m\u00e9tier de parent.<\/li>\n\n\n\n<li>Un acc\u00e8s prioritaire au logement pour les familles avec enfants : quotas, aides \u00e0 l\u2019achat, constructions d\u00e9di\u00e9es.<\/li>\n\n\n\n<li>Un cr\u00e9dit familial \u00e9tendu, combinant cong\u00e9s et indemnit\u00e9s, pour concilier travail et vie de famille sans p\u00e9nalisation de carri\u00e8re.<\/li>\n<\/ul>\n\n\n\n<p class=\"wp-block-paragraph\">Ces mesures ne sont pas des d\u00e9penses \u00e0 perte : elles sont un investissement dans la base m\u00eame de la nation.<\/p>\n\n\n\n<h2 class=\"wp-block-heading\">Climat versus natalit\u00e9 : un faux dilemme, une vraie priorit\u00e9<\/h2>\n\n\n\n<p class=\"wp-block-paragraph\">Personne ne nie l\u2019urgence climatique. Mais il y a une hi\u00e9rarchie des urgences. On peut imaginer une transition \u00e9cologique progressive, financ\u00e9e par la croissance, l\u2019innovation et la r\u00e9allocation de certaines d\u00e9penses. On ne peut pas imaginer un redressement d\u00e9mographique tardif : les g\u00e9n\u00e9rations ne se \u00ab rattrapent \u00bb pas.<\/p>\n\n\n\n<p class=\"wp-block-paragraph\">Quand \u00c9colo propose 1% du PIB pour le climat, il envoie un signal : le climat est la priorit\u00e9 absolue, digne d\u2019un effort structurel. Quand aucun parti majeur ne propose 1% du PIB pour la natalit\u00e9, le signal est tout aussi clair : les enfants sont une variable d\u2019ajustement, pas un projet national.<\/p>\n\n\n\n<h2 class=\"wp-block-heading\">Sauver la Belgique, c\u2019est d\u2019abord faire des Belges<\/h2>\n\n\n\n<p class=\"wp-block-paragraph\">Prot\u00e9ger la Belgique, ce n\u2019est pas seulement adapter le territoire aux inondations et aux canicules. C\u2019est garantir qu\u2019il y aura encore des Belges pour habiter ce territoire, financer les pensions, faire tourner les entreprises, d\u00e9fendre le pays et transmettre une culture.<\/p>\n\n\n\n<p class=\"wp-block-paragraph\">Un fonds climatique de 1% du PIB peut retarder certains d\u00e9g\u00e2ts environnementaux. Un fonds natalit\u00e9 de 1% du PIB peut inverser un effondrement d\u00e9mographique d\u00e9j\u00e0 en cours. Le premier est un investissement dans le cadre de vie. Le second est un investissement dans la vie elle-m\u00eame.<\/p>\n\n\n\n<p class=\"wp-block-paragraph\">Si la Belgique doit choisir ses priorit\u00e9s de s\u00e9curit\u00e9 nationale, elle doit mettre la natalit\u00e9 au moins au m\u00eame niveau que le climat. Mieux : elle doit commencer par l\u00e0. Car sans enfants, il n\u2019y a plus ni climat \u00e0 prot\u00e9ger, ni nation \u00e0 d\u00e9fendre.<\/p>\n\n\n\n<p class=\"wp-block-paragraph\"><\/p>\n\n\n\n<p class=\"wp-block-paragraph\">Id\u00e9es inspir\u00e9es de \u00ab\u00a0<a href=\"https:\/\/www.amazon.com.be\/dp\/B0H9LTYCFB\">Le suicide d\u00e9mographique belge<\/a>\u00a0\u00bb et \u00ab\u00a0<a href=\"https:\/\/www.amazon.fr\/dp\/B0HDJG8WBF\">La Belgique en changement de peuple<\/a>\u00ab\u00a0, 2026.<\/p>\n\n\n\n<p class=\"wp-block-paragraph\"><\/p>\n","protected":false},"excerpt":{"rendered":"<p>\u00c9colo vient de proposer un fonds climatique \u00e9quivalent \u00e0 1% du PIB pour \u00ab prot\u00e9ger la Belgique \u00bb. Il serait bien plus pertinent, et bien plus urgent, de proposer un fonds natalit\u00e9 \u00e9quivalent \u00e0 1% du PIB pour sauver la Belgique de son effondrement d\u00e9mographique. La Belgique en d\u00e9clin naturel Les chiffres sont t\u00eatus. En [&hellip;]<\/p>\n","protected":false},"author":1,"featured_media":0,"comment_status":"open","ping_status":"open","sticky":false,"template":"","format":"standard","meta":{"_monsterinsights_skip_tracking":false,"_uf_show_specific_survey":0,"_uf_disable_surveys":false,"footnotes":""},"categories":[65,61],"tags":[],"class_list":["post-3174","post","type-post","status-publish","format-standard","hentry","category-demographie","category-politique-familiale-et-nataliste"],"_links":{"self":[{"href":"https:\/\/droitemoderniste.be\/index.php\/wp-json\/wp\/v2\/posts\/3174","targetHints":{"allow":["GET"]}}],"collection":[{"href":"https:\/\/droitemoderniste.be\/index.php\/wp-json\/wp\/v2\/posts"}],"about":[{"href":"https:\/\/droitemoderniste.be\/index.php\/wp-json\/wp\/v2\/types\/post"}],"author":[{"embeddable":true,"href":"https:\/\/droitemoderniste.be\/index.php\/wp-json\/wp\/v2\/users\/1"}],"replies":[{"embeddable":true,"href":"https:\/\/droitemoderniste.be\/index.php\/wp-json\/wp\/v2\/comments?post=3174"}],"version-history":[{"count":3,"href":"https:\/\/droitemoderniste.be\/index.php\/wp-json\/wp\/v2\/posts\/3174\/revisions"}],"predecessor-version":[{"id":3178,"href":"https:\/\/droitemoderniste.be\/index.php\/wp-json\/wp\/v2\/posts\/3174\/revisions\/3178"}],"wp:attachment":[{"href":"https:\/\/droitemoderniste.be\/index.php\/wp-json\/wp\/v2\/media?parent=3174"}],"wp:term":[{"taxonomy":"category","embeddable":true,"href":"https:\/\/droitemoderniste.be\/index.php\/wp-json\/wp\/v2\/categories?post=3174"},{"taxonomy":"post_tag","embeddable":true,"href":"https:\/\/droitemoderniste.be\/index.php\/wp-json\/wp\/v2\/tags?post=3174"}],"curies":[{"name":"wp","href":"https:\/\/api.w.org\/{rel}","templated":true}]}}