{"id":3171,"date":"2026-08-29T11:00:44","date_gmt":"2026-08-29T09:00:44","guid":{"rendered":"https:\/\/droitemoderniste.be\/?p=3171"},"modified":"2026-08-29T11:00:44","modified_gmt":"2026-08-29T09:00:44","slug":"lavenir-se-construit-par-la-famille","status":"publish","type":"post","link":"https:\/\/droitemoderniste.be\/index.php\/2026\/08\/29\/lavenir-se-construit-par-la-famille\/","title":{"rendered":"L&rsquo;avenir se construit par la famille"},"content":{"rendered":"\n<figure class=\"wp-block-image size-full\"><img loading=\"lazy\" decoding=\"async\" width=\"284\" height=\"177\" src=\"https:\/\/droitemoderniste.be\/wp-content\/uploads\/2026\/08\/famille-belge-3.jpg\" alt=\"\" class=\"wp-image-3172\"\/><\/figure>\n\n\n\n<p class=\"wp-block-paragraph\">La famille n\u2019est pas un d\u00e9cor de la politique : elle en est le chantier principal. Dans un pays o\u00f9 la natalit\u00e9 s\u2019effondre, o\u00f9 les classes moyennes \u00e9touffent sous la fiscalit\u00e9 et o\u00f9 l\u2019\u00c9tat-providence s\u2019\u00e9puise \u00e0 r\u00e9parer au lieu de construire, le <mark style=\"background-color:rgba(0, 0, 0, 0);color:#ff6900\" class=\"has-inline-color\">Mouvement Droite Moderniste<\/mark> (<mark style=\"background-color:rgba(0, 0, 0, 0);color:#ff6900\" class=\"has-inline-color\">MDM<\/mark>) pose un principe simple et combatif : l\u2019avenir se construit par la famille.<\/p>\n\n\n\n<p class=\"wp-block-paragraph\">La Belgique ne retrouvera pas son souffle par des slogans technocratiques ou des transitions abstraites : elle le retrouvera en remettant la famille au centre de la cit\u00e9. Pour le <mark style=\"background-color:rgba(0, 0, 0, 0);color:#ff6900\" class=\"has-inline-color\">Mouvement Droite Moderniste<\/mark> (<mark style=\"background-color:rgba(0, 0, 0, 0);color:#ff6900\" class=\"has-inline-color\">MDM<\/mark>), la famille n\u2019est pas un d\u00e9cor folklorique des discours du dimanche ; c\u2019est l\u2019infrastructure premi\u00e8re de la nation, le lieu o\u00f9 se transmettent la langue, les valeurs, le go\u00fbt du travail et le sens du bien commun.<\/p>\n\n\n\n<h2 class=\"wp-block-heading\">Une conviction civilisationnelle, pas un accessoire budg\u00e9taire<\/h2>\n\n\n\n<p class=\"wp-block-paragraph\">Dire que \u00ab l\u2019avenir se construit par la famille \u00bb, c\u2019est refuser de r\u00e9duire la natalit\u00e9 \u00e0 une variable d\u00e9mographique parmi d\u2019autres. C\u2019est affirmer qu\u2019aucune transition \u2013 \u00e9nerg\u00e9tique, num\u00e9rique, administrative \u2013 ne remplacera une politique familiale claire, lisible et courageuse. Quand les naissances s\u2019effondrent, ce n\u2019est pas seulement un probl\u00e8me de pensions dans trente ans : c\u2019est la promesse m\u00eame d\u2019un avenir collectif qui s\u2019amenuise.<\/p>\n\n\n\n<p class=\"wp-block-paragraph\">Le <mark style=\"background-color:rgba(0, 0, 0, 0);color:#ff6900\" class=\"has-inline-color\">MDM<\/mark> le dit sans d\u00e9tour : relancer la natalit\u00e9 est un choix budg\u00e9taire, mais d\u2019abord un choix de civilisation. Cela suppose de sortir du bricolage des allocations saupoudr\u00e9es et des dispositifs illisibles pour installer une logique de fonds d\u00e9di\u00e9, prioritaire et p\u00e9renne.<\/p>\n\n\n\n<h2 class=\"wp-block-heading\">Stop \u00e0 la fiscalit\u00e9 qui oublie ceux qui font tenir le pays<\/h2>\n\n\n\n<p class=\"wp-block-paragraph\">La famille, en Belgique, est aujourd\u2019hui trait\u00e9e comme une externalit\u00e9 n\u00e9gative du syst\u00e8me fiscal. Les classes moyennes, les ind\u00e9pendants, les artisans et les parents qui travaillent sont press\u00e9s comme des citrons, tandis que la complexit\u00e9 administrative d\u00e9courage les projets de vie. Le <mark style=\"background-color:rgba(0, 0, 0, 0);color:#ff6900\" class=\"has-inline-color\">MDM<\/mark> refuse cette injustice organis\u00e9e.<\/p>\n\n\n\n<p class=\"wp-block-paragraph\">Concr\u00e8tement, cela signifie :<\/p>\n\n\n\n<ul class=\"wp-block-list\">\n<li>Un vrai cr\u00e9dit d\u2019imp\u00f4t par enfant, simple et lisible, qui r\u00e9compense imm\u00e9diatement la charge familiale.<\/li>\n\n\n\n<li>Un bonus au travail, pour que chaque heure travaill\u00e9e par un parent se traduise en pouvoir d\u2019achat r\u00e9el.<\/li>\n\n\n\n<li>Une fiscalit\u00e9 qui taxe les grandes pollutions et les rentes, pas les familles qui \u00e9l\u00e8vent, consomment et entreprennent.<\/li>\n<\/ul>\n\n\n\n<p class=\"wp-block-paragraph\">Une famille qui travaille ne doit jamais \u00eatre trait\u00e9e comme un probl\u00e8me budg\u00e9taire.<\/p>\n\n\n\n<h2 class=\"wp-block-heading\">Un fonds natalit\u00e9, outil structurant d\u2019une politique familiale moderne<\/h2>\n\n\n\n<p class=\"wp-block-paragraph\">Le <mark style=\"background-color:rgba(0, 0, 0, 0);color:#ff6900\" class=\"has-inline-color\">MDM<\/mark> propose un outil structurant : la cr\u00e9ation d\u2019un fonds natalit\u00e9, aliment\u00e9 de mani\u00e8re claire et responsable. L\u2019id\u00e9e n\u2019est pas de cr\u00e9er un \u00e9ni\u00e8me guichet, mais de donner une colonne vert\u00e9brale financi\u00e8re \u00e0 la politique familiale belge.<\/p>\n\n\n\n<p class=\"wp-block-paragraph\">Ce fonds pourrait \u00eatre financ\u00e9, entre autres, par une contribution familiale progressive sur les tr\u00e8s hauts revenus, strictement encadr\u00e9e : progressive, plafonn\u00e9e, temporaire et int\u00e9gralement affect\u00e9e au fonds natalit\u00e9. En contrepartie, les familles doivent voir des mesures concr\u00e8tes : acc\u00e8s au logement, soutien \u00e0 la petite enfance, all\u00e8gements fiscaux directs, et reconnaissance sociale du m\u00e9tier de parent.<\/p>\n\n\n\n<h2 class=\"wp-block-heading\">Famille, libert\u00e9 et responsabilit\u00e9 : une droite sociale et moderniste<\/h2>\n\n\n\n<p class=\"wp-block-paragraph\">Le <mark style=\"background-color:rgba(0, 0, 0, 0);color:#ff6900\" class=\"has-inline-color\">MDM<\/mark> n\u2019est pas une droite nostalgique qui id\u00e9alise un pass\u00e9 r\u00e9volu. C\u2019est une droite sociale, attach\u00e9e \u00e0 un \u00c9tat-providence modernis\u00e9, \u00e0 la justice sociale et \u00e0 la libert\u00e9 individuelle. La famille y est comprise dans sa diversit\u00e9 : couples mari\u00e9s ou non, familles monoparentales, familles recompos\u00e9es, couples homosexuels avec enfants, toutes m\u00e9ritent s\u00e9curit\u00e9 juridique, protection sociale et reconnaissance.<\/p>\n\n\n\n<p class=\"wp-block-paragraph\">Pour le <mark style=\"background-color:rgba(0, 0, 0, 0);color:#ff6900\" class=\"has-inline-color\">MDM<\/mark>, le mariage civil est une institution moderne et protectrice des familles, quelle que soit leur composition. L\u2019objectif est de garantir la s\u00e9curit\u00e9 juridique des couples et de leurs enfants, sans imposer un mod\u00e8le unique de vie. Mais cette libert\u00e9 s\u2019accompagne d\u2019une exigence de responsabilit\u00e9 : la famille est le premier lieu d\u2019\u00e9ducation, de transmission et de solidarit\u00e9, avant l\u2019\u00c9tat.<\/p>\n\n\n\n<h2 class=\"wp-block-heading\">Souverainet\u00e9, d\u00e9mographie et projet national<\/h2>\n\n\n\n<p class=\"wp-block-paragraph\">Une politique familiale ambitieuse est aussi une politique de souverainet\u00e9. Un pays qui ne fait plus d\u2019enfants devient d\u00e9pendant : d\u00e9pendant de l\u2019immigration pour maintenir sa population active, d\u00e9pendant des r\u00e8gles europ\u00e9ennes pour g\u00e9rer ses flux, d\u00e9pendant des narratifs ext\u00e9rieurs pour d\u00e9finir son avenir.<\/p>\n\n\n\n<p class=\"wp-block-paragraph\">Le <mark style=\"background-color:rgba(0, 0, 0, 0);color:#ff6900\" class=\"has-inline-color\">MDM<\/mark> assume un souverainisme \u00e9clair\u00e9 : prot\u00e9ger l\u2019int\u00e9r\u00eat belge, d\u00e9fendre un patriotisme civique, et refuser que la d\u00e9mographie soit g\u00e9r\u00e9e par d\u00e9faut. Cela passe par un contr\u00f4le ferme de l\u2019immigration ill\u00e9gale et un regroupement familial mieux encadr\u00e9, pour que la politique familiale ne soit pas contourn\u00e9e par des logiques migratoires non ma\u00eetris\u00e9es. Mais cela passe surtout par un projet national qui redonne envie aux Belges de fonder une famille chez eux, pour eux, et pour leurs enfants.<\/p>\n\n\n\n<h2 class=\"wp-block-heading\">L\u2019avenir ne se d\u00e9cr\u00e8te pas, il se donne la vie<\/h2>\n\n\n\n<p class=\"wp-block-paragraph\">\u00ab L\u2019avenir se construit par la famille \u00bb n\u2019est pas une phrase de circonstance. C\u2019est un appel \u00e0 changer de priorit\u00e9 budg\u00e9taire, de r\u00e9cit national et de courage politique. Cela signifie :<\/p>\n\n\n\n<ul class=\"wp-block-list\">\n<li>Placer la natalit\u00e9 et la famille au c\u0153ur des lois de finances, pas en annexe.<\/li>\n\n\n\n<li>Simplifier radicalement la vie des parents : fiscalit\u00e9, logement, garde d\u2019enfants, conciliation travail-famille.<\/li>\n\n\n\n<li>Reconna\u00eetre socialement et financi\u00e8rement le travail invisible des parents, sans romantisme ni assistanat.<\/li>\n<\/ul>\n\n\n\n<ul class=\"wp-block-list\">\n<li>Assumer que la d\u00e9mographie est une question de s\u00e9curit\u00e9 nationale et de souverainet\u00e9, pas seulement de statistiques.<\/li>\n<\/ul>\n\n\n\n<p class=\"wp-block-paragraph\">La Belgique a besoin d\u2019une droite qui ose dire que l\u2019avenir ne se construit pas d\u2019abord par des transitions, mais par des naissances, des foyers stables, des parents soutenus et des enfants \u00e9lev\u00e9s dans la fiert\u00e9 d\u2019appartenir \u00e0 un projet commun. C\u2019est ce projet que porte le <mark style=\"background-color:rgba(0, 0, 0, 0);color:#ff6900\" class=\"has-inline-color\">MDM<\/mark> : une droite moderniste, sociale et enracin\u00e9e, pour qui la famille est le premier investissement de la nation.<\/p>\n","protected":false},"excerpt":{"rendered":"<p>La famille n\u2019est pas un d\u00e9cor de la politique : elle en est le chantier principal. Dans un pays o\u00f9 la natalit\u00e9 s\u2019effondre, o\u00f9 les classes moyennes \u00e9touffent sous la fiscalit\u00e9 et o\u00f9 l\u2019\u00c9tat-providence s\u2019\u00e9puise \u00e0 r\u00e9parer au lieu de construire, le Mouvement Droite Moderniste (MDM) pose un principe simple et combatif : l\u2019avenir se [&hellip;]<\/p>\n","protected":false},"author":1,"featured_media":0,"comment_status":"open","ping_status":"open","sticky":false,"template":"","format":"standard","meta":{"_monsterinsights_skip_tracking":false,"_uf_show_specific_survey":0,"_uf_disable_surveys":false,"footnotes":""},"categories":[65,61],"tags":[],"class_list":["post-3171","post","type-post","status-publish","format-standard","hentry","category-demographie","category-politique-familiale-et-nataliste"],"_links":{"self":[{"href":"https:\/\/droitemoderniste.be\/index.php\/wp-json\/wp\/v2\/posts\/3171","targetHints":{"allow":["GET"]}}],"collection":[{"href":"https:\/\/droitemoderniste.be\/index.php\/wp-json\/wp\/v2\/posts"}],"about":[{"href":"https:\/\/droitemoderniste.be\/index.php\/wp-json\/wp\/v2\/types\/post"}],"author":[{"embeddable":true,"href":"https:\/\/droitemoderniste.be\/index.php\/wp-json\/wp\/v2\/users\/1"}],"replies":[{"embeddable":true,"href":"https:\/\/droitemoderniste.be\/index.php\/wp-json\/wp\/v2\/comments?post=3171"}],"version-history":[{"count":1,"href":"https:\/\/droitemoderniste.be\/index.php\/wp-json\/wp\/v2\/posts\/3171\/revisions"}],"predecessor-version":[{"id":3173,"href":"https:\/\/droitemoderniste.be\/index.php\/wp-json\/wp\/v2\/posts\/3171\/revisions\/3173"}],"wp:attachment":[{"href":"https:\/\/droitemoderniste.be\/index.php\/wp-json\/wp\/v2\/media?parent=3171"}],"wp:term":[{"taxonomy":"category","embeddable":true,"href":"https:\/\/droitemoderniste.be\/index.php\/wp-json\/wp\/v2\/categories?post=3171"},{"taxonomy":"post_tag","embeddable":true,"href":"https:\/\/droitemoderniste.be\/index.php\/wp-json\/wp\/v2\/tags?post=3171"}],"curies":[{"name":"wp","href":"https:\/\/api.w.org\/{rel}","templated":true}]}}