{"id":3167,"date":"2026-08-25T13:52:39","date_gmt":"2026-08-25T11:52:39","guid":{"rendered":"https:\/\/droitemoderniste.be\/?p=3167"},"modified":"2026-08-25T13:52:39","modified_gmt":"2026-08-25T11:52:39","slug":"une-belgique-qui-nait-a-nouveau","status":"publish","type":"post","link":"https:\/\/droitemoderniste.be\/index.php\/2026\/08\/25\/une-belgique-qui-nait-a-nouveau\/","title":{"rendered":"Une Belgique qui na\u00eet \u00e0 nouveau"},"content":{"rendered":"\n<figure class=\"wp-block-image size-large\"><img loading=\"lazy\" decoding=\"async\" width=\"1024\" height=\"431\" src=\"https:\/\/droitemoderniste.be\/wp-content\/uploads\/2026\/08\/bebe2-1024x431.jpg\" alt=\"\" class=\"wp-image-3168\" srcset=\"https:\/\/droitemoderniste.be\/wp-content\/uploads\/2026\/08\/bebe2-1024x431.jpg 1024w, https:\/\/droitemoderniste.be\/wp-content\/uploads\/2026\/08\/bebe2-300x126.jpg 300w, https:\/\/droitemoderniste.be\/wp-content\/uploads\/2026\/08\/bebe2-768x323.jpg 768w, https:\/\/droitemoderniste.be\/wp-content\/uploads\/2026\/08\/bebe2-1536x647.jpg 1536w, https:\/\/droitemoderniste.be\/wp-content\/uploads\/2026\/08\/bebe2.jpg 1900w\" sizes=\"auto, (max-width: 1024px) 100vw, 1024px\" \/><figcaption class=\"wp-element-caption\">Shot of an adorable baby boy bonding with his mother at home<\/figcaption><\/figure>\n\n\n\n<p class=\"wp-block-paragraph\">La Belgique vieillit. Elle vieillit dans ses \u00e9coles qui ferment, dans ses communes qui perdent des habitants, dans ses entreprises qui ne trouvent plus de travailleurs, dans ses maisons de repos qui se remplissent et dans ses finances publiques qui reportent chaque ann\u00e9e davantage de charges sur les g\u00e9n\u00e9rations futures.<\/p>\n\n\n\n<p class=\"wp-block-paragraph\">Mais le plus grave n\u2019est pas seulement que la Belgique vieillisse. C\u2019est qu\u2019elle renonce progressivement \u00e0 se renouveler.<\/p>\n\n\n\n<p class=\"wp-block-paragraph\">En 2024, notre pays n\u2019a enregistr\u00e9 que 108 150 naissances, soit le niveau le plus bas depuis 1942. L\u2019indice conjoncturel de f\u00e9condit\u00e9 est tomb\u00e9 \u00e0 1,44 enfant par femme, contre 1,47 l\u2019ann\u00e9e pr\u00e9c\u00e9dente. Chez les femmes de nationalit\u00e9 belge, il atteint m\u00eame 1,33.<\/p>\n\n\n\n<p class=\"wp-block-paragraph\">Ces chiffres ne sont pas une curiosit\u00e9 statistique. Ils disent quelque chose de notre \u00e9poque : des couples qui renoncent \u00e0 un enfant suppl\u00e9mentaire, des jeunes adultes qui reportent ind\u00e9finiment leur projet familial, des travailleurs qui redoutent de ne jamais pouvoir acheter ou louer un logement convenable, des parents qui calculent le co\u00fbt d\u2019une cr\u00e8che, d\u2019une rentr\u00e9e scolaire, d\u2019un temps partiel ou d\u2019une maladie.<\/p>\n\n\n\n<p class=\"wp-block-paragraph\">Une soci\u00e9t\u00e9 qui rend la famille impossible finit par rendre son propre avenir impossible.<\/p>\n\n\n\n<h2 class=\"wp-block-heading\">La natalit\u00e9, une question de libert\u00e9<\/h2>\n\n\n\n<p class=\"wp-block-paragraph\">La droite moderne ne doit pas traiter la natalit\u00e9 comme une injonction morale adress\u00e9e aux femmes. Elle doit la consid\u00e9rer comme une question de libert\u00e9 r\u00e9elle.<\/p>\n\n\n\n<p class=\"wp-block-paragraph\">Une libert\u00e9 n\u2019est pas compl\u00e8te lorsqu\u2019elle existe seulement sur le papier. Dire \u00e0 un jeune couple qu\u2019il est libre d\u2019avoir des enfants ne suffit pas si ce couple ne peut pas se loger, si les places en cr\u00e8che manquent, si la fiscalit\u00e9 p\u00e9nalise le second revenu, si les horaires de travail sont incompatibles avec la vie familiale et si chaque impr\u00e9vu transforme le budget en crise.<\/p>\n\n\n\n<p class=\"wp-block-paragraph\">La d\u00e9cision d\u2019avoir un enfant appartient \u00e9videmment aux parents. Mais la puissance publique a le devoir de ne pas organiser l\u2019ins\u00e9curit\u00e9 autour de cette d\u00e9cision.<\/p>\n\n\n\n<p class=\"wp-block-paragraph\">Nous refusons donc deux caricatures.<\/p>\n\n\n\n<p class=\"wp-block-paragraph\">La premi\u00e8re consiste \u00e0 consid\u00e9rer l\u2019enfant comme une charge priv\u00e9e dont la collectivit\u00e9 ne devrait rien savoir. C\u2019est une vision \u00e9conomiquement na\u00efve : les enfants d\u2019aujourd\u2019hui seront les travailleurs, les contribuables, les soignants, les entrepreneurs et les citoyens de demain.<\/p>\n\n\n\n<p class=\"wp-block-paragraph\">La seconde consiste \u00e0 croire que l\u2019immigration peut durablement compenser l\u2019effondrement de la natalit\u00e9. Les projections du Bureau f\u00e9d\u00e9ral du Plan indiquent que la croissance de la population belge \u00e0 l\u2019horizon 2080 reposerait exclusivement sur la migration internationale, le solde naturel demeurant n\u00e9gatif. Cette situation ne constitue pas une politique d\u00e9mographique. C\u2019est le sympt\u00f4me d\u2019un pays qui ne parvient plus \u00e0 transmettre.<\/p>\n\n\n\n<p class=\"wp-block-paragraph\">Accueillir peut r\u00e9pondre \u00e0 des besoins pr\u00e9cis. Mais aucune politique migratoire ne peut remplacer une politique familiale. Une nation qui ne fait plus na\u00eetre suffisamment de ses propres enfants devient d\u00e9pendante de d\u00e9cisions qu\u2019elle ne ma\u00eetrise pas.<\/p>\n\n\n\n<h2 class=\"wp-block-heading\">Sortir de la politique du d\u00e9couragement<\/h2>\n\n\n\n<p class=\"wp-block-paragraph\">Depuis des ann\u00e9es, les gouvernements additionnent les discours sur la famille et les mesures dispers\u00e9es. On verse des allocations, on annonce des plans, on r\u00e9forme des cong\u00e9s, mais on ne s\u2019attaque pas au c\u0153ur du probl\u00e8me : le co\u00fbt global de l\u2019entr\u00e9e dans la vie adulte et de la parentalit\u00e9.<\/p>\n\n\n\n<p class=\"wp-block-paragraph\">Le premier enfant est devenu, pour beaucoup, un saut dans l\u2019inconnu. Le deuxi\u00e8me ressemble parfois \u00e0 un luxe. Le troisi\u00e8me devient une exception.<\/p>\n\n\n\n<p class=\"wp-block-paragraph\">Cette r\u00e9alit\u00e9 n\u2019est pas seulement financi\u00e8re. Elle est aussi culturelle et administrative. La famille est c\u00e9l\u00e9br\u00e9e dans les discours, mais compliqu\u00e9e dans les faits. Les parents doivent naviguer entre plusieurs niveaux de pouvoir, des formulaires innombrables, des r\u00e8gles diff\u00e9rentes selon la R\u00e9gion, des services satur\u00e9s et des dispositifs peu lisibles.<\/p>\n\n\n\n<p class=\"wp-block-paragraph\">Le <mark style=\"background-color:rgba(0, 0, 0, 0);color:#ff6900\" class=\"has-inline-color\">Mouvement Droite Moderniste<\/mark> d\u00e9fend une rupture claire : la politique familiale doit \u00eatre consid\u00e9r\u00e9e comme une politique d\u2019investissement national.<\/p>\n\n\n\n<p class=\"wp-block-paragraph\">Pas une d\u00e9pense passive. Un investissement.<\/p>\n\n\n\n<p class=\"wp-block-paragraph\">Investir dans les enfants, c\u2019est investir dans les pensions futures. C\u2019est investir dans la prosp\u00e9rit\u00e9, la coh\u00e9sion sociale, la vitalit\u00e9 des territoires et la continuit\u00e9 d\u00e9mocratique. C\u2019est aussi reconna\u00eetre que la parentalit\u00e9 produit une valeur collective qui ne peut pas \u00eatre abandonn\u00e9e aux seuls m\u00e9nages.<\/p>\n\n\n\n<h2 class=\"wp-block-heading\">Cinq engagements pour rena\u00eetre<\/h2>\n\n\n\n<p class=\"wp-block-paragraph\">Une Belgique qui na\u00eet \u00e0 nouveau ne se d\u00e9cr\u00e8te pas. Elle se construit par des d\u00e9cisions concr\u00e8tes.<\/p>\n\n\n\n<p class=\"wp-block-paragraph\">Nous proposons d\u2019abord un <strong>bouclier fiscal familial<\/strong>. Le syst\u00e8me fiscal doit tenir compte plus justement de la composition des m\u00e9nages et du co\u00fbt r\u00e9el des enfants. Le travail d\u2019un parent ne peut \u00eatre davantage p\u00e9nalis\u00e9 parce qu\u2019il choisit de r\u00e9duire temporairement son activit\u00e9 pour s\u2019occuper de ses enfants. Le deuxi\u00e8me revenu doit cesser d\u2019\u00eatre la variable sacrifi\u00e9e de la vie familiale.<\/p>\n\n\n\n<p class=\"wp-block-paragraph\">Nous voulons ensuite garantir <strong>une place d\u2019accueil accessible pour chaque enfant<\/strong>. Une place en cr\u00e8che ne doit plus d\u00e9pendre du hasard, de la commune o\u00f9 l\u2019on habite ou de la capacit\u00e9 \u00e0 s\u2019inscrire sur plusieurs listes d\u2019attente. L\u2019offre doit \u00eatre d\u00e9velopp\u00e9e par les pouvoirs publics, mais aussi par les acteurs priv\u00e9s, associatifs et professionnels, dans un cadre de qualit\u00e9 et de transparence.<\/p>\n\n\n\n<p class=\"wp-block-paragraph\">Nous d\u00e9fendons \u00e9galement <strong>un v\u00e9ritable plan logement pour les familles<\/strong>. Les politiques publiques doivent favoriser les logements suffisamment grands, acc\u00e9l\u00e9rer les permis, lib\u00e9rer du foncier et soutenir l\u2019accession \u00e0 la propri\u00e9t\u00e9 lorsque celle-ci est possible. Une famille ne peut pas \u00eatre condamn\u00e9e \u00e0 choisir entre un logement trop petit, un loyer exorbitant et l\u2019exil vers des zones mal desservies.<\/p>\n\n\n\n<p class=\"wp-block-paragraph\">Nous proposons encore <strong>un compte familial de naissance<\/strong>, aliment\u00e9 d\u00e8s l\u2019arriv\u00e9e de l\u2019enfant et utilisable pour les d\u00e9penses essentielles : garde, sant\u00e9, logement, \u00e9quipement ou formation. Ce dispositif devrait \u00eatre concentr\u00e9 sur les premi\u00e8res ann\u00e9es, celles o\u00f9 le choc financier est le plus brutal, et modul\u00e9 en fonction des revenus afin de soutenir prioritairement les m\u00e9nages qui en ont r\u00e9ellement besoin.<\/p>\n\n\n\n<p class=\"wp-block-paragraph\">Enfin, nous voulons faire de la <strong>compatibilit\u00e9 entre travail et famille<\/strong> un objectif national. Il faut d\u00e9velopper le t\u00e9l\u00e9travail lorsque cela est possible, encourager des horaires plus pr\u00e9visibles, mieux prot\u00e9ger les cong\u00e9s li\u00e9s aux enfants malades et valoriser les entreprises qui organisent r\u00e9ellement la conciliation entre activit\u00e9 professionnelle et vie familiale.<\/p>\n\n\n\n<p class=\"wp-block-paragraph\">Ces mesures ne sont ni des cadeaux ni des privil\u00e8ges. Elles sont la contrepartie d\u2019une responsabilit\u00e9 collective : celle de permettre \u00e0 ceux qui le souhaitent de transmettre la vie sans basculer dans la pr\u00e9carit\u00e9.<\/p>\n\n\n\n<h2 class=\"wp-block-heading\">Une politique familiale pour tous<\/h2>\n\n\n\n<p class=\"wp-block-paragraph\">Une politique nataliste moderne doit s\u2019adresser \u00e0 toutes les familles : mari\u00e9es ou non, recompos\u00e9es, monoparentales, adoptives, nombreuses ou confront\u00e9es au handicap. Elle ne doit pas imposer un mod\u00e8le unique de vie. Elle doit donner \u00e0 chacun davantage de s\u00e9curit\u00e9 et de choix.<\/p>\n\n\n\n<p class=\"wp-block-paragraph\">Elle doit aussi respecter les femmes. Il n\u2019y aura pas de renaissance d\u00e9mographique si la maternit\u00e9 signifie automatiquement une p\u00e9nalisation professionnelle, une d\u00e9pendance \u00e9conomique ou une interruption durable de carri\u00e8re. La droite moderne doit d\u00e9fendre simultan\u00e9ment la famille, le travail et l\u2019autonomie.<\/p>\n\n\n\n<p class=\"wp-block-paragraph\">Le choix familial ne doit pas opposer les p\u00e8res et les m\u00e8res, les actifs et les personnes au foyer, les familles nombreuses et les familles avec un seul enfant. Il doit \u00eatre soutenu par un cadre qui reconna\u00eet la diversit\u00e9 des parcours, tout en affirmant une conviction simple : chaque enfant compte.<\/p>\n\n\n\n<h2 class=\"wp-block-heading\">Refaire de l\u2019avenir une promesse<\/h2>\n\n\n\n<p class=\"wp-block-paragraph\">La Belgique ne manque pas seulement d\u2019enfants. Elle manque de confiance.<\/p>\n\n\n\n<p class=\"wp-block-paragraph\">On ne fonde pas une famille dans un pays o\u00f9 l\u2019avenir est d\u00e9crit comme une succession de p\u00e9nuries, de taxes, de crises et de d\u00e9classements. On ne transmet pas lorsque l\u2019on a le sentiment que tout sera plus difficile pour ceux qui viennent apr\u00e8s nous.<\/p>\n\n\n\n<p class=\"wp-block-paragraph\">La question d\u00e9mographique est donc aussi une question politique. Voulons-nous demeurer un territoire vieillissant, dont la population augmente principalement par la migration, ou voulons-nous redevenir une soci\u00e9t\u00e9 capable de se projeter et de transmettre ?<\/p>\n\n\n\n<p class=\"wp-block-paragraph\">Le choix est devant nous.<\/p>\n\n\n\n<p class=\"wp-block-paragraph\">Une Belgique qui na\u00eet \u00e0 nouveau ne sera pas une Belgique referm\u00e9e sur elle-m\u00eame. Ce sera une Belgique qui sait qui elle est, qui ma\u00eetrise ses fronti\u00e8res, qui organise lucidement son immigration, qui garantit l\u2019int\u00e9gration et qui ne confond pas accueil et remplacement d\u00e9mographique.<\/p>\n\n\n\n<p class=\"wp-block-paragraph\">Ce sera une Belgique qui cesse de consid\u00e9rer l\u2019enfant comme une variable budg\u00e9taire. Une Belgique qui construit des logements, ouvre des cr\u00e8ches, r\u00e9compense le travail, prot\u00e8ge les parents et pr\u00e9pare l\u2019avenir au lieu de le consommer.<\/p>\n\n\n\n<p class=\"wp-block-paragraph\">La d\u00e9mographie n\u2019est pas une fatalit\u00e9. Elle est le r\u00e9sultat d\u2019un climat social, \u00e9conomique et politique.<\/p>\n\n\n\n<p class=\"wp-block-paragraph\">\u00c0 nous de changer ce climat.<\/p>\n\n\n\n<p class=\"wp-block-paragraph\">\u00c0 nous de rendre l\u2019avenir d\u00e9sirable.<\/p>\n\n\n\n<p class=\"wp-block-paragraph\">\u00c0 nous de faire en sorte que, demain, une g\u00e9n\u00e9ration de Belges puisse dire : dans ce pays, il est de nouveau possible de vivre, d\u2019aimer, de travailler et de transmettre.<\/p>\n\n\n\n<p class=\"wp-block-paragraph\"><strong>Une Belgique qui na\u00eet \u00e0 nouveau : voil\u00e0 le combat de la droite moderne.<\/strong><\/p>\n\n\n\n<p class=\"wp-block-paragraph\"><\/p>\n\n\n\n<p class=\"wp-block-paragraph\">Texte inspir\u00e9 du livre \u00ab\u00a0<a href=\"https:\/\/www.amazon.com.be\/dp\/B0H9LTYCFB\">Le suicide d\u00e9mographique belge<\/a>\u00ab\u00a0, 2026.<\/p>\n\n\n\n<p class=\"wp-block-paragraph\"><\/p>\n","protected":false},"excerpt":{"rendered":"<p>La Belgique vieillit. Elle vieillit dans ses \u00e9coles qui ferment, dans ses communes qui perdent des habitants, dans ses entreprises qui ne trouvent plus de travailleurs, dans ses maisons de repos qui se remplissent et dans ses finances publiques qui reportent chaque ann\u00e9e davantage de charges sur les g\u00e9n\u00e9rations futures. Mais le plus grave n\u2019est [&hellip;]<\/p>\n","protected":false},"author":1,"featured_media":0,"comment_status":"open","ping_status":"open","sticky":false,"template":"","format":"standard","meta":{"_monsterinsights_skip_tracking":false,"_uf_show_specific_survey":0,"_uf_disable_surveys":false,"footnotes":""},"categories":[65,61,63],"tags":[],"class_list":["post-3167","post","type-post","status-publish","format-standard","hentry","category-demographie","category-politique-familiale-et-nataliste","category-souverainete"],"_links":{"self":[{"href":"https:\/\/droitemoderniste.be\/index.php\/wp-json\/wp\/v2\/posts\/3167","targetHints":{"allow":["GET"]}}],"collection":[{"href":"https:\/\/droitemoderniste.be\/index.php\/wp-json\/wp\/v2\/posts"}],"about":[{"href":"https:\/\/droitemoderniste.be\/index.php\/wp-json\/wp\/v2\/types\/post"}],"author":[{"embeddable":true,"href":"https:\/\/droitemoderniste.be\/index.php\/wp-json\/wp\/v2\/users\/1"}],"replies":[{"embeddable":true,"href":"https:\/\/droitemoderniste.be\/index.php\/wp-json\/wp\/v2\/comments?post=3167"}],"version-history":[{"count":1,"href":"https:\/\/droitemoderniste.be\/index.php\/wp-json\/wp\/v2\/posts\/3167\/revisions"}],"predecessor-version":[{"id":3169,"href":"https:\/\/droitemoderniste.be\/index.php\/wp-json\/wp\/v2\/posts\/3167\/revisions\/3169"}],"wp:attachment":[{"href":"https:\/\/droitemoderniste.be\/index.php\/wp-json\/wp\/v2\/media?parent=3167"}],"wp:term":[{"taxonomy":"category","embeddable":true,"href":"https:\/\/droitemoderniste.be\/index.php\/wp-json\/wp\/v2\/categories?post=3167"},{"taxonomy":"post_tag","embeddable":true,"href":"https:\/\/droitemoderniste.be\/index.php\/wp-json\/wp\/v2\/tags?post=3167"}],"curies":[{"name":"wp","href":"https:\/\/api.w.org\/{rel}","templated":true}]}}