{"id":3164,"date":"2026-08-24T14:17:46","date_gmt":"2026-08-24T12:17:46","guid":{"rendered":"https:\/\/droitemoderniste.be\/?p=3164"},"modified":"2026-08-24T14:17:46","modified_gmt":"2026-08-24T12:17:46","slug":"redonner-envie-davoir-des-enfants","status":"publish","type":"post","link":"https:\/\/droitemoderniste.be\/index.php\/2026\/08\/24\/redonner-envie-davoir-des-enfants\/","title":{"rendered":"Redonner envie d&rsquo;avoir des enfants"},"content":{"rendered":"\n<figure class=\"wp-block-image size-full\"><img loading=\"lazy\" decoding=\"async\" width=\"618\" height=\"495\" src=\"https:\/\/droitemoderniste.be\/wp-content\/uploads\/2026\/08\/bebe0.jpg\" alt=\"\" class=\"wp-image-3165\" srcset=\"https:\/\/droitemoderniste.be\/wp-content\/uploads\/2026\/08\/bebe0.jpg 618w, https:\/\/droitemoderniste.be\/wp-content\/uploads\/2026\/08\/bebe0-300x240.jpg 300w\" sizes=\"auto, (max-width: 618px) 100vw, 618px\" \/><\/figure>\n\n\n\n<p class=\"wp-block-paragraph\">La Belgique vieillit, mais elle ne manque pas seulement de naissances. Elle manque surtout de confiance. Derri\u00e8re chaque berceau qui ne se remplit pas, il y a moins un refus de la vie qu\u2019une inqui\u00e9tude devant l\u2019avenir : le co\u00fbt du logement, la pr\u00e9carit\u00e9 de l\u2019emploi, l\u2019\u00e9puisement des parents, l\u2019incertitude climatique, la crise des services publics et le sentiment que l\u2019enfant serait devenu un luxe r\u00e9serv\u00e9 \u00e0 ceux qui disposent d\u00e9j\u00e0 de tout.<\/p>\n\n\n\n<p class=\"wp-block-paragraph\">Il faut cesser de culpabiliser les Belges. On ne fait pas na\u00eetre des enfants \u00e0 coups de sermons d\u00e9mographiques, de campagnes moralisatrices ou de nostalgie familiale. On ne redonne pas envie d\u2019avoir des enfants en reprochant aux jeunes g\u00e9n\u00e9rations leur individualisme suppos\u00e9. On y parvient en leur permettant de se projeter, de s\u2019installer, de travailler, d\u2019aimer et de devenir parents sans avoir le sentiment de sacrifier leur libert\u00e9, leur sant\u00e9 mentale et leur avenir professionnel.<\/p>\n\n\n\n<h2 class=\"wp-block-heading\">La libert\u00e9 de choisir n\u2019est pas l\u2019indiff\u00e9rence<\/h2>\n\n\n\n<p class=\"wp-block-paragraph\">Avoir un enfant doit rester un choix libre. Mais encore faut-il que ce choix soit r\u00e9ellement libre. Une d\u00e9cision prise sous la pression du loyer, de la peur du ch\u00f4mage, de l\u2019absence de cr\u00e8che ou de l\u2019impossibilit\u00e9 de concilier horaires de travail et vie familiale n\u2019est pas une d\u00e9cision pleinement libre : c\u2019est une d\u00e9cision emp\u00each\u00e9e.<\/p>\n\n\n\n<p class=\"wp-block-paragraph\">La Belgique a trop longtemps trait\u00e9 la politique familiale comme une question secondaire, dispers\u00e9e entre niveaux de pouvoir et r\u00e9duite \u00e0 quelques allocations. Or la natalit\u00e9 n\u2019est pas un probl\u00e8me priv\u00e9. Elle touche \u00e0 l\u2019organisation du travail, au logement, \u00e0 la fiscalit\u00e9, \u00e0 la mobilit\u00e9, \u00e0 l\u2019\u00e9cole, \u00e0 la sant\u00e9 et \u00e0 l\u2019\u00e9galit\u00e9 entre les femmes et les hommes.<\/p>\n\n\n\n<p class=\"wp-block-paragraph\">Le d\u00e9bat doit donc changer de nature. Il ne s\u2019agit pas de demander aux citoyens de faire un effort pour sauver les statistiques. Il s\u2019agit de construire une soci\u00e9t\u00e9 dans laquelle accueillir un enfant ne signifie pas basculer dans l\u2019angoisse.<\/p>\n\n\n\n<h2 class=\"wp-block-heading\">Le premier obstacle : le logement<\/h2>\n\n\n\n<p class=\"wp-block-paragraph\">Pour beaucoup de jeunes adultes, le projet familial commence par une \u00e9quation insoluble : trouver un logement suffisamment grand, correctement situ\u00e9 et financi\u00e8rement supportable. Les loyers progressent, l\u2019acc\u00e8s \u00e0 la propri\u00e9t\u00e9 recule, les logements adapt\u00e9s aux familles sont trop rares dans les zones o\u00f9 se trouvent les emplois et les services.<\/p>\n\n\n\n<p class=\"wp-block-paragraph\">La politique familiale commence par une politique du logement. Il faut construire davantage, mais aussi construire autrement : des logements familiaux accessibles, proches des \u00e9coles, des transports et des cr\u00e8ches. Les pouvoirs publics doivent mobiliser le foncier disponible, acc\u00e9l\u00e9rer les proc\u00e9dures et conditionner une partie des aides \u00e0 la cr\u00e9ation de logements r\u00e9ellement abordables.<\/p>\n\n\n\n<p class=\"wp-block-paragraph\">Il faut \u00e9galement sortir d\u2019une vision \u00e9troite de la propri\u00e9t\u00e9. Une famille n\u2019a pas n\u00e9cessairement besoin d\u2019acheter imm\u00e9diatement. Elle a besoin d\u2019un logement stable, d\u00e9cent et assez grand pour ne pas devoir d\u00e9m\u00e9nager \u00e0 chaque \u00e9tape de la vie. La s\u00e9curit\u00e9 r\u00e9sidentielle vaut parfois davantage qu\u2019une prime ponctuelle \u00e0 la naissance.<\/p>\n\n\n\n<h2 class=\"wp-block-heading\">Le travail ne peut plus d\u00e9vorer la famille<\/h2>\n\n\n\n<p class=\"wp-block-paragraph\">La Belgique proclame l\u2019importance de l\u2019\u00e9quilibre entre vie professionnelle et vie priv\u00e9e tout en organisant souvent l\u2019inverse. Horaires impr\u00e9visibles, temps de trajet, r\u00e9unions tardives, carri\u00e8res p\u00e9nalis\u00e9es par la maternit\u00e9, pression sur les travailleurs ind\u00e9pendants : le mod\u00e8le dominant exige encore trop souvent que les parents s\u2019adaptent \u00e0 l\u2019entreprise, et non que l\u2019entreprise s\u2019organise autour de la vie humaine.<\/p>\n\n\n\n<p class=\"wp-block-paragraph\">Il faut garantir un v\u00e9ritable droit \u00e0 la pr\u00e9visibilit\u00e9 des horaires, renforcer le cong\u00e9 de naissance, prot\u00e9ger les carri\u00e8res apr\u00e8s un cong\u00e9 parental et sanctionner les discriminations li\u00e9es \u00e0 la maternit\u00e9 ou \u00e0 la paternit\u00e9. Le temps partiel ne peut plus \u00eatre la solution par d\u00e9faut impos\u00e9e aux femmes, avec \u00e0 la cl\u00e9 une r\u00e9mun\u00e9ration moindre, une pension plus faible et une d\u00e9pendance accrue.<\/p>\n\n\n\n<p class=\"wp-block-paragraph\">Le partage des responsabilit\u00e9s doit devenir la norme. Un p\u00e8re qui prend sa part n\u2019est pas un h\u00e9ros : c\u2019est un parent. Une m\u00e8re qui veut poursuivre sa carri\u00e8re n\u2019est pas \u00e9go\u00efste : elle exerce un droit \u00e9l\u00e9mentaire. La politique familiale qui repose sur le sacrifice professionnel des femmes est une politique injuste, inefficace et d\u00e9pass\u00e9e.<\/p>\n\n\n\n<h2 class=\"wp-block-heading\">Des cr\u00e8ches, pas des promesses<\/h2>\n\n\n\n<p class=\"wp-block-paragraph\">Comment demander aux citoyens de faire confiance \u00e0 l\u2019avenir lorsque l\u2019acc\u00e8s \u00e0 une place en cr\u00e8che ressemble \u00e0 une loterie ? La p\u00e9nurie de places, les horaires incompatibles et les tarifs parfois dissuasifs constituent un obstacle direct au projet d\u2019enfant. Ce n\u2019est pas une fatalit\u00e9 : c\u2019est un choix collectif.<\/p>\n\n\n\n<p class=\"wp-block-paragraph\">La Belgique doit faire de l\u2019accueil de la petite enfance une infrastructure essentielle, au m\u00eame titre que l\u2019\u00e9cole, l\u2019h\u00f4pital ou le transport public. Cela suppose de financer durablement les structures, de revaloriser les m\u00e9tiers de la petite enfance et de garantir une offre suffisante dans les quartiers o\u00f9 les besoins sont les plus importants.<\/p>\n\n\n\n<p class=\"wp-block-paragraph\">Une place en cr\u00e8che n\u2019est pas un confort pour parents privil\u00e9gi\u00e9s. C\u2019est une condition d\u2019\u00e9galit\u00e9, d\u2019emploi et de d\u00e9veloppement de l\u2019enfant. Chaque place cr\u00e9\u00e9e \u00e9vite \u00e0 une famille de choisir entre travailler et s\u2019occuper de son enfant, entre payer une facture et r\u00e9duire son temps de travail.<\/p>\n\n\n\n<h2 class=\"wp-block-heading\">Une politique familiale qui ne trie pas les familles<\/h2>\n\n\n\n<p class=\"wp-block-paragraph\">La politique familiale ne doit pas opposer les familles nombreuses aux familles monoparentales, les couples mari\u00e9s aux familles recompos\u00e9es, les parents salari\u00e9s aux ind\u00e9pendants, ni les familles n\u00e9es ici \u00e0 celles qui ont rejoint la Belgique. Toutes ont besoin de stabilit\u00e9, de services et de reconnaissance.<\/p>\n\n\n\n<p class=\"wp-block-paragraph\">Les aides doivent \u00eatre simples, lisibles et suffisamment pr\u00e9visibles. Une famille ne devrait pas devoir remplir une multitude de formulaires, comprendre plusieurs r\u00e9gimes administratifs et attendre des mois pour obtenir ce \u00e0 quoi elle a droit. La complexit\u00e9 administrative est une forme de renoncement organis\u00e9.<\/p>\n\n\n\n<p class=\"wp-block-paragraph\">Il faut aussi soutenir les familles monoparentales, qui concentrent souvent les difficult\u00e9s de logement, de revenus et de garde. L\u00e0 encore, la r\u00e9ponse ne peut pas se limiter \u00e0 des d\u00e9clarations g\u00e9n\u00e9reuses. Elle doit passer par des services accessibles, une pension alimentaire effectivement recouvr\u00e9e et une organisation du travail compatible avec les r\u00e9alit\u00e9s familiales.<\/p>\n\n\n\n<h2 class=\"wp-block-heading\">Le courage de financer l\u2019avenir<\/h2>\n\n\n\n<p class=\"wp-block-paragraph\">Toute politique ambitieuse a un co\u00fbt. Mais l\u2019inaction en a un aussi : davantage de vieillissement, moins d\u2019actifs, plus de pression sur les pensions, les soins et les finances publiques. Surtout, l\u2019inaction entretient un cercle vicieux : lorsque les familles renoncent \u00e0 leurs projets, la soci\u00e9t\u00e9 perd en dynamisme, en solidarit\u00e9 interg\u00e9n\u00e9rationnelle et en confiance collective.<\/p>\n\n\n\n<p class=\"wp-block-paragraph\">Il ne s\u2019agit pas de distribuer indistinctement des ch\u00e8ques. Il faut investir dans ce qui r\u00e9duit concr\u00e8tement le co\u00fbt mat\u00e9riel et psychologique de la parentalit\u00e9 : le logement, les cr\u00e8ches, l\u2019\u00e9cole, les soins, les cong\u00e9s, les transports et la stabilit\u00e9 professionnelle.<\/p>\n\n\n\n<p class=\"wp-block-paragraph\">La question n\u2019est donc pas : \u00ab Combien d\u2019enfants les Belges doivent-ils avoir ? \u00bb La question est : \u00ab Quelle soci\u00e9t\u00e9 voulons-nous offrir \u00e0 ceux qui souhaitent en avoir ? \u00bb<\/p>\n\n\n\n<h2 class=\"wp-block-heading\">Une bataille culturelle autant que sociale<\/h2>\n\n\n\n<p class=\"wp-block-paragraph\">Redonner envie d\u2019avoir des enfants ne signifie pas revenir \u00e0 un ordre familial ancien. Cela signifie r\u00e9habiliter l\u2019id\u00e9e que l\u2019avenir peut \u00eatre d\u00e9sirable. Une soci\u00e9t\u00e9 qui ne parle de la naissance qu\u2019en termes de d\u00e9penses, de p\u00e9nuries et de contraintes finit par faire de l\u2019enfant le symbole d\u2019un risque. Une soci\u00e9t\u00e9 qui prot\u00e8ge les parents, valorise les liens et garantit des conditions de vie dignes peut au contraire faire de la famille un projet d\u2019\u00e9mancipation.<\/p>\n\n\n\n<p class=\"wp-block-paragraph\">Il faut donc mener une bataille culturelle contre le fatalisme. L\u2019enfant n\u2019est ni un produit de consommation, ni un instrument au service de la d\u00e9mographie, ni une charge que les individus devraient assumer seuls. Il est une promesse de continuit\u00e9, un lien entre les g\u00e9n\u00e9rations et une responsabilit\u00e9 que la collectivit\u00e9 doit partager.<\/p>\n\n\n\n<p class=\"wp-block-paragraph\">La Belgique ne redonnera pas envie d\u2019avoir des enfants en invoquant le pass\u00e9. Elle y parviendra en donnant des raisons de croire au futur.<\/p>\n\n\n\n<p class=\"wp-block-paragraph\">Le choix d\u2019avoir un enfant appartient \u00e0 chacun. Mais la possibilit\u00e9 de faire ce choix dans la s\u00e9r\u00e9nit\u00e9 rel\u00e8ve de tous. C\u2019est pourquoi une politique nataliste digne de ce nom ne doit pas commander, culpabiliser ou surveiller. Elle doit lib\u00e9rer.<\/p>\n\n\n\n<p class=\"wp-block-paragraph\">Et si nous voulons vraiment que les berceaux se remplissent, commen\u00e7ons par une exigence simple : que les adultes puissent enfin croire que demain sera vivable.<\/p>\n\n\n\n<p class=\"wp-block-paragraph\"><\/p>\n\n\n\n<p class=\"wp-block-paragraph\"><\/p>\n\n\n\n<p class=\"wp-block-paragraph\">Texte inspir\u00e9 du livre \u00ab\u00a0<a href=\"https:\/\/www.amazon.com.be\/dp\/B0H9LTYCFB\">Le suicide d\u00e9mographique belge<\/a>\u00ab\u00a0, 2026.<\/p>\n\n\n\n<p class=\"wp-block-paragraph\"><\/p>\n","protected":false},"excerpt":{"rendered":"<p>La Belgique vieillit, mais elle ne manque pas seulement de naissances. Elle manque surtout de confiance. Derri\u00e8re chaque berceau qui ne se remplit pas, il y a moins un refus de la vie qu\u2019une inqui\u00e9tude devant l\u2019avenir : le co\u00fbt du logement, la pr\u00e9carit\u00e9 de l\u2019emploi, l\u2019\u00e9puisement des parents, l\u2019incertitude climatique, la crise des services [&hellip;]<\/p>\n","protected":false},"author":1,"featured_media":0,"comment_status":"open","ping_status":"open","sticky":false,"template":"","format":"standard","meta":{"_monsterinsights_skip_tracking":false,"_uf_show_specific_survey":0,"_uf_disable_surveys":false,"footnotes":""},"categories":[65,61,63],"tags":[],"class_list":["post-3164","post","type-post","status-publish","format-standard","hentry","category-demographie","category-politique-familiale-et-nataliste","category-souverainete"],"_links":{"self":[{"href":"https:\/\/droitemoderniste.be\/index.php\/wp-json\/wp\/v2\/posts\/3164","targetHints":{"allow":["GET"]}}],"collection":[{"href":"https:\/\/droitemoderniste.be\/index.php\/wp-json\/wp\/v2\/posts"}],"about":[{"href":"https:\/\/droitemoderniste.be\/index.php\/wp-json\/wp\/v2\/types\/post"}],"author":[{"embeddable":true,"href":"https:\/\/droitemoderniste.be\/index.php\/wp-json\/wp\/v2\/users\/1"}],"replies":[{"embeddable":true,"href":"https:\/\/droitemoderniste.be\/index.php\/wp-json\/wp\/v2\/comments?post=3164"}],"version-history":[{"count":1,"href":"https:\/\/droitemoderniste.be\/index.php\/wp-json\/wp\/v2\/posts\/3164\/revisions"}],"predecessor-version":[{"id":3166,"href":"https:\/\/droitemoderniste.be\/index.php\/wp-json\/wp\/v2\/posts\/3164\/revisions\/3166"}],"wp:attachment":[{"href":"https:\/\/droitemoderniste.be\/index.php\/wp-json\/wp\/v2\/media?parent=3164"}],"wp:term":[{"taxonomy":"category","embeddable":true,"href":"https:\/\/droitemoderniste.be\/index.php\/wp-json\/wp\/v2\/categories?post=3164"},{"taxonomy":"post_tag","embeddable":true,"href":"https:\/\/droitemoderniste.be\/index.php\/wp-json\/wp\/v2\/tags?post=3164"}],"curies":[{"name":"wp","href":"https:\/\/api.w.org\/{rel}","templated":true}]}}