{"id":3161,"date":"2026-08-23T14:09:48","date_gmt":"2026-08-23T12:09:48","guid":{"rendered":"https:\/\/droitemoderniste.be\/?p=3161"},"modified":"2026-08-23T14:09:48","modified_gmt":"2026-08-23T12:09:48","slug":"la-natalite-enjeu-de-souverainete","status":"publish","type":"post","link":"https:\/\/droitemoderniste.be\/index.php\/2026\/08\/23\/la-natalite-enjeu-de-souverainete\/","title":{"rendered":"La natalit\u00e9, enjeu de souverainet\u00e9"},"content":{"rendered":"\n<figure class=\"wp-block-image size-full\"><img loading=\"lazy\" decoding=\"async\" width=\"376\" height=\"212\" src=\"https:\/\/droitemoderniste.be\/wp-content\/uploads\/2026\/08\/bebe-1.webp\" alt=\"\" class=\"wp-image-3162\" srcset=\"https:\/\/droitemoderniste.be\/wp-content\/uploads\/2026\/08\/bebe-1.webp 376w, https:\/\/droitemoderniste.be\/wp-content\/uploads\/2026\/08\/bebe-1-300x169.webp 300w\" sizes=\"auto, (max-width: 376px) 100vw, 376px\" \/><\/figure>\n\n\n\n<p class=\"wp-block-paragraph\">\u00c0 la Belgique qui se demande encore si la natalit\u00e9 rel\u00e8ve de la vie priv\u00e9e ou de l\u2019int\u00e9r\u00eat g\u00e9n\u00e9ral, il faut r\u00e9pondre clairement : <strong>la natalit\u00e9 est d\u00e9sormais un enjeu de souverainet\u00e9<\/strong>.<\/p>\n\n\n\n<p class=\"wp-block-paragraph\">Pas une affaire de morale. Pas une injonction adress\u00e9e aux femmes. Pas une nostalgie r\u00e9actionnaire. Une question de libert\u00e9 collective, de continuit\u00e9 nationale et de ma\u00eetrise de notre destin.<\/p>\n\n\n\n<p class=\"wp-block-paragraph\">Un pays qui ne renouvelle plus ses g\u00e9n\u00e9rations finit par d\u00e9pendre des autres pour travailler, financer ses pensions, soigner ses malades, faire vivre ses territoires et transmettre sa culture civique. Il peut demeurer riche, organis\u00e9 et prosp\u00e8re en apparence. Mais il perd progressivement la capacit\u00e9 de d\u00e9cider seul de son avenir.<\/p>\n\n\n\n<h2 class=\"wp-block-heading\">Le choc d\u00e9mographique est l\u00e0<\/h2>\n\n\n\n<p class=\"wp-block-paragraph\">En 2024, la Belgique a enregistr\u00e9 108 150 naissances, soit le niveau le plus bas depuis 1942. L\u2019indice de f\u00e9condit\u00e9 est descendu \u00e0 1,44 enfant par femme.<a rel=\"noopener\" target=\"_blank\" href=\"https:\/\/statbel.fgov.be\/en\/news\/108150-births-2024-lowest-level-1942\"><\/a><\/p>\n\n\n\n<p class=\"wp-block-paragraph\">Dans le m\u00eame temps, le solde naturel \u2014 la diff\u00e9rence entre les naissances et les d\u00e9c\u00e8s \u2014 est devenu n\u00e9gatif au d\u00e9but des ann\u00e9es 2020. Selon les nouvelles perspectives d\u00e9mographiques du Bureau f\u00e9d\u00e9ral du Plan, cette situation devrait persister : \u00e0 l\u2019horizon 2080, la croissance de la population belge s\u2019expliquerait exclusivement par la migration internationale.<a rel=\"noopener\" target=\"_blank\" href=\"https:\/\/www.plan.be\/fr\/publications\/le-solde-naturel-ne-contribue-plus-positivement-la\"><\/a><\/p>\n\n\n\n<p class=\"wp-block-paragraph\">Voil\u00e0 le fait politique que beaucoup refusent encore de nommer.<\/p>\n\n\n\n<p class=\"wp-block-paragraph\">Si la Belgique continue \u00e0 compter sur les arriv\u00e9es ext\u00e9rieures pour compenser l\u2019absence de renouvellement naturel, elle ne m\u00e8ne pas une politique d\u00e9mographique. Elle subit une \u00e9volution d\u00e9mographique. Et un peuple qui subit les conditions de sa propre continuit\u00e9 finit par perdre une part de sa souverainet\u00e9.<\/p>\n\n\n\n<h2 class=\"wp-block-heading\">La souverainet\u00e9, ce n\u2019est pas seulement les fronti\u00e8res<\/h2>\n\n\n\n<p class=\"wp-block-paragraph\">La souverainet\u00e9 ne consiste pas uniquement \u00e0 contr\u00f4ler un territoire ou \u00e0 voter ses lois. Elle signifie aussi disposer des forces humaines n\u00e9cessaires pour faire vivre ces lois.<\/p>\n\n\n\n<p class=\"wp-block-paragraph\">Que vaut une s\u00e9curit\u00e9 sociale lorsque le nombre de cotisants diminue face \u00e0 celui des pensionn\u00e9s ? Que vaut un syst\u00e8me de soins si les soignants manquent ? Que vaut une \u00e9cole si les enseignants ne sont plus assez nombreux ? Que vaut une d\u00e9mocratie si les citoyens cessent de croire que le pays sera encore capable de prot\u00e9ger leurs enfants ?<\/p>\n\n\n\n<p class=\"wp-block-paragraph\">Le vieillissement exerce d\u00e9j\u00e0 une pression croissante sur les finances publiques. Le Comit\u00e9 d\u2019\u00e9tude sur le vieillissement estime que les d\u00e9penses sociales \u00e0 charge de l\u2019\u00c9tat passeraient de 25,8% du PIB en 2024 \u00e0 27,5% en 2070, principalement sous l\u2019effet des pensions et des soins de sant\u00e9.<a rel=\"noopener\" target=\"_blank\" href=\"https:\/\/www.plan.be\/fr\/publications\/comite-detude-sur-le-vieillissement-rapport-annuel\"><\/a><\/p>\n\n\n\n<p class=\"wp-block-paragraph\">Il ne s\u2019agit pas de r\u00e9duire les droits des a\u00een\u00e9s. Ceux qui ont travaill\u00e9, cotis\u00e9 et construit la Belgique ont droit \u00e0 la dignit\u00e9. Mais d\u00e9fendre les retrait\u00e9s suppose aussi de pr\u00e9parer les g\u00e9n\u00e9rations qui financeront demain la solidarit\u00e9. Une soci\u00e9t\u00e9 qui prot\u00e8ge le pr\u00e9sent en sacrifiant l\u2019avenir ne prot\u00e8ge rien durablement.<\/p>\n\n\n\n<h2 class=\"wp-block-heading\">Une d\u00e9pendance qui ne dit pas son nom<\/h2>\n\n\n\n<p class=\"wp-block-paragraph\">Soyons pr\u00e9cis : l\u2019immigration peut contribuer \u00e0 notre \u00e9conomie et enrichir notre soci\u00e9t\u00e9. Elle r\u00e9pond \u00e0 des besoins r\u00e9els dans certains secteurs et doit \u00eatre abord\u00e9e avec s\u00e9rieux, exigence et humanit\u00e9.<\/p>\n\n\n\n<p class=\"wp-block-paragraph\">Mais elle ne peut pas \u00eatre la r\u00e9ponse unique \u00e0 notre crise d\u00e9mographique.<\/p>\n\n\n\n<p class=\"wp-block-paragraph\">Les projections du Bureau f\u00e9d\u00e9ral du Plan indiquent que la Belgique pourrait d\u00e9passer 13 millions d\u2019habitants en 2080, malgr\u00e9 un solde naturel n\u00e9gatif, pr\u00e9cis\u00e9ment parce que la croissance reposerait sur la migration internationale. Cette \u00e9volution pose des questions l\u00e9gitimes de logement, d\u2019emploi, d\u2019int\u00e9gration, d\u2019enseignement, de coh\u00e9sion sociale et de capacit\u00e9 institutionnelle.<a rel=\"noopener\" target=\"_blank\" href=\"https:\/\/www.plan.be\/fr\/publications\/le-solde-naturel-ne-contribue-plus-positivement-la\"><\/a><\/p>\n\n\n\n<p class=\"wp-block-paragraph\">Refuser ces questions au nom d\u2019une g\u00e9n\u00e9rosit\u00e9 abstraite est irresponsable. Pr\u00e9tendre que la migration pourrait remplacer ind\u00e9finiment le renouvellement des g\u00e9n\u00e9rations l\u2019est tout autant. Aucun pays ne peut importer durablement sa propre continuit\u00e9.<\/p>\n\n\n\n<p class=\"wp-block-paragraph\">La souverainet\u00e9 d\u00e9mographique ne signifie pas le repli. Elle signifie que la Belgique doit \u00eatre capable d\u2019accueillir sans renoncer \u00e0 se reproduire, d\u2019int\u00e9grer sans s\u2019effacer, et de transmettre sans se dissoudre.<\/p>\n\n\n\n<h2 class=\"wp-block-heading\">La libert\u00e9 d\u2019avoir des enfants<\/h2>\n\n\n\n<p class=\"wp-block-paragraph\">Le drame belge n\u2019est pas que les citoyens ne veulent plus d\u2019enfants. C\u2019est qu\u2019un nombre croissant d\u2019entre eux ne se sentent plus en mesure d\u2019en avoir autant qu\u2019ils le souhaiteraient.<\/p>\n\n\n\n<p class=\"wp-block-paragraph\">Ils affrontent le prix du logement, la p\u00e9nurie de places en cr\u00e8che, la pr\u00e9carit\u00e9 professionnelle, les horaires impossibles, le co\u00fbt de l\u2019\u00e9nergie et l\u2019incertitude \u00e9conomique. Beaucoup de jeunes adultes ont le sentiment qu\u2019un enfant est devenu un luxe, une prise de risque ou un handicap dans la comp\u00e9tition professionnelle.<\/p>\n\n\n\n<p class=\"wp-block-paragraph\">Cette situation n\u2019est pas une fatalit\u00e9 biologique. C\u2019est le r\u00e9sultat de choix politiques.<\/p>\n\n\n\n<p class=\"wp-block-paragraph\">Une soci\u00e9t\u00e9 qui proclame la libert\u00e9 de fonder une famille tout en rendant cette famille mat\u00e9riellement inaccessible organise une libert\u00e9 fictive. Il ne suffit pas de dire aux citoyens qu\u2019ils sont libres d\u2019avoir des enfants. Il faut leur donner les moyens r\u00e9els de choisir.<\/p>\n\n\n\n<h2 class=\"wp-block-heading\">Un pacte national pour la natalit\u00e9<\/h2>\n\n\n\n<p class=\"wp-block-paragraph\">La Belgique doit se doter d\u2019un pacte national pour la natalit\u00e9, stable au-del\u00e0 des alternances et coordonn\u00e9 entre l\u2019\u00c9tat f\u00e9d\u00e9ral, les R\u00e9gions et les Communaut\u00e9s.<\/p>\n\n\n\n<p class=\"wp-block-paragraph\">Ce pacte devrait comprendre :<\/p>\n\n\n\n<ul class=\"wp-block-list\">\n<li>une place d\u2019accueil de qualit\u00e9 et financi\u00e8rement accessible pour chaque enfant ;<\/li>\n\n\n\n<li>une politique massive de logements adapt\u00e9s aux jeunes m\u00e9nages et aux familles ;<\/li>\n\n\n\n<li>des cong\u00e9s de naissance et parentaux correctement r\u00e9mun\u00e9r\u00e9s ;<\/li>\n\n\n\n<li>une protection r\u00e9elle contre les p\u00e9nalit\u00e9s professionnelles li\u00e9es \u00e0 la maternit\u00e9 et \u00e0 la parentalit\u00e9 ;<\/li>\n\n\n\n<li>une fiscalit\u00e9 qui tienne compte du co\u00fbt croissant des enfants ;<\/li>\n\n\n\n<li>des allocations familiales simples, lisibles et suffisamment pr\u00e9visibles ;<\/li>\n\n\n\n<li>des horaires scolaires et professionnels compatibles avec la vie familiale ;<\/li>\n\n\n\n<li>un soutien renforc\u00e9 aux familles monoparentales et aux familles nombreuses ;<\/li>\n\n\n\n<li>une \u00e9valuation de l\u2019impact d\u00e9mographique de chaque grande d\u00e9cision budg\u00e9taire ou sociale.<\/li>\n<\/ul>\n\n\n\n<p class=\"wp-block-paragraph\">Il faut \u00e9galement cesser de consid\u00e9rer la famille comme une variable d\u2019ajustement. Les politiques publiques parlent volontiers de comp\u00e9titivit\u00e9, de transition \u00e9cologique et de transformation num\u00e9rique. Elles doivent parler avec la m\u00eame gravit\u00e9 de transmission, de filiation et de renouvellement des g\u00e9n\u00e9rations.<\/p>\n\n\n\n<h2 class=\"wp-block-heading\">Produire, transmettre, d\u00e9cider<\/h2>\n\n\n\n<p class=\"wp-block-paragraph\">La souverainet\u00e9 ne se limite pas \u00e0 produire des marchandises. Elle consiste aussi \u00e0 transmettre une langue, une histoire, des institutions, une culture d\u00e9mocratique et une volont\u00e9 de vivre ensemble.<\/p>\n\n\n\n<p class=\"wp-block-paragraph\">Chaque naissance est une promesse de citoyennet\u00e9. Chaque enfant qui grandit dans de bonnes conditions renforce la capacit\u00e9 d\u2019un pays \u00e0 se projeter. Chaque famille soutenue dans son choix de transmettre contribue \u00e0 la libert\u00e9 future de tous.<\/p>\n\n\n\n<p class=\"wp-block-paragraph\">Il ne s\u2019agit pas de demander aux familles de r\u00e9parer les erreurs de l\u2019\u00c9tat. Il s\u2019agit de faire de la famille une priorit\u00e9 politique, parce que l\u2019\u00c9tat lui-m\u00eame n\u2019a pas d\u2019avenir sans citoyens.<\/p>\n\n\n\n<p class=\"wp-block-paragraph\">La Belgique doit donc choisir. Elle peut continuer \u00e0 administrer son d\u00e9clin d\u00e9mographique, en augmentant les pr\u00e9l\u00e8vements, en repoussant les r\u00e9formes et en esp\u00e9rant que les migrations, la croissance ou la technologie r\u00e9gleront tout. Ou elle peut d\u00e9cider que la naissance n\u2019est pas un co\u00fbt \u00e0 minimiser, mais une force \u00e0 prot\u00e9ger.<\/p>\n\n\n\n<h2 class=\"wp-block-heading\">Reprendre possession de notre avenir<\/h2>\n\n\n\n<p class=\"wp-block-paragraph\">Le temps du d\u00e9ni est termin\u00e9.<\/p>\n\n\n\n<p class=\"wp-block-paragraph\">Un pays qui ne fait plus assez d\u2019enfants renonce lentement \u00e0 sa capacit\u00e9 de se d\u00e9fendre, de financer son mod\u00e8le social, de d\u00e9velopper son \u00e9conomie et de transmettre son identit\u00e9 civique. Il devient spectateur de son avenir.<\/p>\n\n\n\n<p class=\"wp-block-paragraph\">Nous refusons cette r\u00e9signation.<\/p>\n\n\n\n<p class=\"wp-block-paragraph\">Nous voulons une Belgique qui prot\u00e8ge ses a\u00een\u00e9s sans abandonner sa jeunesse. Une Belgique qui accueille sans se nier. Une Belgique qui travaille, qui transmet et qui se renouvelle. Une Belgique qui ne confond pas modernit\u00e9 et d\u00e9racinement, ni solidarit\u00e9 et impuissance.<\/p>\n\n\n\n<p class=\"wp-block-paragraph\">La natalit\u00e9 n\u2019est pas une politique parmi d\u2019autres. Elle est la condition de toutes les autres.<\/p>\n\n\n\n<p class=\"wp-block-paragraph\"><strong>Car un peuple qui ne ma\u00eetrise plus son renouvellement ne ma\u00eetrise plus pleinement son destin.<\/strong><\/p>\n\n\n\n<p class=\"wp-block-paragraph\"><\/p>\n\n\n\n<p class=\"wp-block-paragraph\"><\/p>\n\n\n\n<p class=\"wp-block-paragraph\"><\/p>\n\n\n\n<p class=\"wp-block-paragraph\">Texte inspir\u00e9 par \u00ab\u00a0<a href=\"https:\/\/www.amazon.com.be\/dp\/B0H9LTYCFB\">Le suicide d\u00e9mographique belge<\/a>\u00ab\u00a0, 2026.<\/p>\n\n\n\n<p class=\"wp-block-paragraph\"><\/p>\n","protected":false},"excerpt":{"rendered":"<p>\u00c0 la Belgique qui se demande encore si la natalit\u00e9 rel\u00e8ve de la vie priv\u00e9e ou de l\u2019int\u00e9r\u00eat g\u00e9n\u00e9ral, il faut r\u00e9pondre clairement : la natalit\u00e9 est d\u00e9sormais un enjeu de souverainet\u00e9. Pas une affaire de morale. Pas une injonction adress\u00e9e aux femmes. Pas une nostalgie r\u00e9actionnaire. Une question de libert\u00e9 collective, de continuit\u00e9 nationale [&hellip;]<\/p>\n","protected":false},"author":1,"featured_media":0,"comment_status":"open","ping_status":"open","sticky":false,"template":"","format":"standard","meta":{"_monsterinsights_skip_tracking":false,"_uf_show_specific_survey":0,"_uf_disable_surveys":false,"footnotes":""},"categories":[65,61,63],"tags":[],"class_list":["post-3161","post","type-post","status-publish","format-standard","hentry","category-demographie","category-politique-familiale-et-nataliste","category-souverainete"],"_links":{"self":[{"href":"https:\/\/droitemoderniste.be\/index.php\/wp-json\/wp\/v2\/posts\/3161","targetHints":{"allow":["GET"]}}],"collection":[{"href":"https:\/\/droitemoderniste.be\/index.php\/wp-json\/wp\/v2\/posts"}],"about":[{"href":"https:\/\/droitemoderniste.be\/index.php\/wp-json\/wp\/v2\/types\/post"}],"author":[{"embeddable":true,"href":"https:\/\/droitemoderniste.be\/index.php\/wp-json\/wp\/v2\/users\/1"}],"replies":[{"embeddable":true,"href":"https:\/\/droitemoderniste.be\/index.php\/wp-json\/wp\/v2\/comments?post=3161"}],"version-history":[{"count":1,"href":"https:\/\/droitemoderniste.be\/index.php\/wp-json\/wp\/v2\/posts\/3161\/revisions"}],"predecessor-version":[{"id":3163,"href":"https:\/\/droitemoderniste.be\/index.php\/wp-json\/wp\/v2\/posts\/3161\/revisions\/3163"}],"wp:attachment":[{"href":"https:\/\/droitemoderniste.be\/index.php\/wp-json\/wp\/v2\/media?parent=3161"}],"wp:term":[{"taxonomy":"category","embeddable":true,"href":"https:\/\/droitemoderniste.be\/index.php\/wp-json\/wp\/v2\/categories?post=3161"},{"taxonomy":"post_tag","embeddable":true,"href":"https:\/\/droitemoderniste.be\/index.php\/wp-json\/wp\/v2\/tags?post=3161"}],"curies":[{"name":"wp","href":"https:\/\/api.w.org\/{rel}","templated":true}]}}