{"id":3153,"date":"2026-08-23T08:48:23","date_gmt":"2026-08-23T06:48:23","guid":{"rendered":"https:\/\/droitemoderniste.be\/?p=3153"},"modified":"2026-08-23T08:48:23","modified_gmt":"2026-08-23T06:48:23","slug":"lukraine-dans-lunion-europeenne-pas-a-credit-pas-a-laveugle","status":"publish","type":"post","link":"https:\/\/droitemoderniste.be\/index.php\/2026\/08\/23\/lukraine-dans-lunion-europeenne-pas-a-credit-pas-a-laveugle\/","title":{"rendered":"L\u2019Ukraine dans l\u2019Union europ\u00e9enne ? Pas \u00e0 cr\u00e9dit, pas \u00e0 l\u2019aveugle"},"content":{"rendered":"\n<figure class=\"wp-block-image size-full\"><img loading=\"lazy\" decoding=\"async\" width=\"678\" height=\"452\" src=\"https:\/\/droitemoderniste.be\/wp-content\/uploads\/2026\/08\/zel-et-ursula.jpg\" alt=\"\" class=\"wp-image-3154\" srcset=\"https:\/\/droitemoderniste.be\/wp-content\/uploads\/2026\/08\/zel-et-ursula.jpg 678w, https:\/\/droitemoderniste.be\/wp-content\/uploads\/2026\/08\/zel-et-ursula-300x200.jpg 300w\" sizes=\"auto, (max-width: 678px) 100vw, 678px\" \/><\/figure>\n\n\n\n<p class=\"wp-block-paragraph\">L\u2019Ukraine m\u00e9rite-t-elle, un jour, d\u2019adh\u00e9rer \u00e0 l\u2019Union europ\u00e9enne ? La r\u00e9ponse ne peut \u00eatre ni un r\u00e9flexe sentimental, ni un automatisme g\u00e9opolitique. La solidarit\u00e9 avec un pays agress\u00e9 ne vaut pas certificat d\u2019adh\u00e9sion. L\u2019Union europ\u00e9enne n\u2019est pas une r\u00e9compense militaire, encore moins une caisse de compensation pour les fautes, les soup\u00e7ons et les risques que l\u2019on refuse d\u2019examiner.<\/p>\n\n\n\n<p class=\"wp-block-paragraph\">L\u2019Ukraine a obtenu le statut de pays candidat en juin 2022, \u00e0 l\u2019unanimit\u00e9 des Vingt-Sept. Mais un statut de candidat n\u2019est pas une promesse d\u2019adh\u00e9sion. Le trait\u00e9 europ\u00e9en impose le respect de crit\u00e8res pr\u00e9cis : d\u00e9mocratie, \u00c9tat de droit, droits fondamentaux, protection des minorit\u00e9s, \u00e9conomie de march\u00e9 fonctionnelle et capacit\u00e9 \u00e0 appliquer effectivement le droit de l\u2019Union. L\u2019adh\u00e9sion finale devra elle aussi \u00eatre approuv\u00e9e \u00e0 l\u2019unanimit\u00e9 par les \u00c9tats membres.&nbsp;&nbsp;<\/p>\n\n\n\n<p class=\"wp-block-paragraph\">C\u2019est pr\u00e9cis\u00e9ment parce que l\u2019Ukraine est engag\u00e9e dans une guerre qu\u2019il faut refuser les raccourcis. La compassion ne dispense pas de la vigilance. Elle la rend n\u00e9cessaire.<\/p>\n\n\n\n<p class=\"wp-block-paragraph\">Plusieurs affaires r\u00e9centes devraient au minimum imposer un d\u00e9bat public s\u00e9rieux. Le sabotage des gazoducs Nord Stream, d\u2019abord, reste une affaire extraordinairement grave. Les autorit\u00e9s allemandes ont mis en cause des ressortissants ukrainiens et soup\u00e7onnent l\u2019existence d\u2019un groupe ayant utilis\u00e9 un voilier pour d\u00e9poser les explosifs. Mais l\u2019implication directe de l\u2019\u00c9tat ukrainien n\u2019est pas \u00e9tablie publiquement : Kiev d\u00e9ment toute responsabilit\u00e9 et affirme que son enqu\u00eate n\u2019a trouv\u00e9 aucun \u00e9l\u00e9ment incriminant les institutions ou les responsables ukrainiens.&nbsp;<\/p>\n\n\n\n<p class=\"wp-block-paragraph\">La nuance n\u2019est pas un d\u00e9tail. Elle s\u00e9pare une enqu\u00eate judiciaire d\u2019une accusation politique. On peut exiger toute la lumi\u00e8re sur Nord Stream sans transformer des soup\u00e7ons en verdict. Mais on ne peut pas non plus demander aux Europ\u00e9ens de faire comme si cette affaire n\u2019existait pas, alors qu\u2019elle touche directement leurs infrastructures, leur s\u00e9curit\u00e9 \u00e9nerg\u00e9tique et leur souverainet\u00e9.<\/p>\n\n\n\n<p class=\"wp-block-paragraph\">Les incidents de Leipzig et de Bulgarie soul\u00e8vent, eux aussi, des questions de s\u00e9curit\u00e9 pr\u00e9occupantes. \u00c0 Leipzig, un drone \u00e9quip\u00e9 d\u2019un dispositif explosif a \u00e9t\u00e9 d\u00e9couvert \u00e0 proximit\u00e9 d\u2019avions-cargos ukrainiens ; l\u2019enqu\u00eate allemande cherche encore \u00e0 d\u00e9terminer les responsables et l\u2019\u00e9ventuelle implication d\u2019une puissance \u00e9trang\u00e8re. En Bulgarie, un drone a explos\u00e9 pr\u00e8s de la fronti\u00e8re roumaine et d\u2019infrastructures gazi\u00e8res ; les premi\u00e8res analyses bulgares \u00e9voquent un mod\u00e8le de leurre utilis\u00e9 par les forces ukrainiennes, tout en indiquant qu\u2019aucun \u00e9l\u00e9ment ne permettait alors de conclure \u00e0 une action intentionnelle.&nbsp;<\/p>\n\n\n\n<p class=\"wp-block-paragraph\">Voil\u00e0 le probl\u00e8me : dans une Europe d\u00e9j\u00e0 expos\u00e9e aux op\u00e9rations clandestines, aux sabotages et aux attaques hybrides, l\u2019incertitude elle-m\u00eame devient un risque politique. Une future adh\u00e9sion ne peut \u00eatre fond\u00e9e sur le principe selon lequel toute question embarrassante serait n\u00e9cessairement une \u00ab manipulation russe \u00bb.<\/p>\n\n\n\n<p class=\"wp-block-paragraph\">Autre sujet trop souvent \u00e9vacu\u00e9 : le contr\u00f4le des armes livr\u00e9es \u00e0 l\u2019Ukraine. Oui, les autorit\u00e9s europ\u00e9ennes coop\u00e8rent avec Kiev pour surveiller les armes perdues, vol\u00e9es ou saisies. Oui, les donn\u00e9es disponibles ne d\u00e9montrent pas l\u2019existence d\u2019un d\u00e9tournement massif et organis\u00e9 vers les r\u00e9seaux criminels de Marseille, Bruxelles ou d\u2019autres villes europ\u00e9ennes. Une \u00e9tude du Parlement europ\u00e9en relevait m\u00eame que les \u00e9l\u00e9ments disponibles faisaient plut\u00f4t appara\u00eetre des transactions opportunistes \u00e0 petite \u00e9chelle et un risque de trafic jug\u00e9 faible par Frontex.&nbsp;<\/p>\n\n\n\n<p class=\"wp-block-paragraph\">Mais l\u2019absence de preuve d\u2019un trafic massif ne signifie pas que le contr\u00f4le est parfait. Dans un pays en guerre, o\u00f9 circulent des quantit\u00e9s consid\u00e9rables d\u2019armes, de munitions et d\u2019explosifs, la tra\u00e7abilit\u00e9 doit \u00eatre totale, v\u00e9rifiable et ind\u00e9pendante. Il ne suffit pas d\u2019invoquer la confiance entre alli\u00e9s. Il faut des inventaires, des audits, des inspections, des m\u00e9canismes de r\u00e9cup\u00e9ration et des sanctions en cas de disparition.<\/p>\n\n\n\n<p class=\"wp-block-paragraph\">La m\u00eame exigence vaut pour les milliards europ\u00e9ens et am\u00e9ricains mobilis\u00e9s au titre de l\u2019aide, de la reconstruction et du soutien budg\u00e9taire. La Commission europ\u00e9enne reconna\u00eet les progr\u00e8s r\u00e9alis\u00e9s par l\u2019Ukraine dans la lutte contre la corruption, mais elle demande aussi de consolider l\u2019ind\u00e9pendance des institutions anticorruption et de pr\u00e9venir tout retour en arri\u00e8re. Elle souligne que la lutte anticorruption et l\u2019\u00c9tat de droit constituent des conditions centrales de l\u2019utilisation cr\u00e9dible de l\u2019aide internationale.&nbsp;&nbsp;<\/p>\n\n\n\n<p class=\"wp-block-paragraph\">Autrement dit, m\u00eame Bruxelles ne pr\u00e9tend pas que le probl\u00e8me est r\u00e9gl\u00e9. Pourquoi les opinions publiques europ\u00e9ennes devraient-elles, elles, s\u2019interdire de poser la question ?<\/p>\n\n\n\n<p class=\"wp-block-paragraph\">Le d\u00e9bat ne devrait donc pas opposer les \u00ab amis de l\u2019Ukraine \u00bb aux pr\u00e9tendus \u00ab agents de Moscou \u00bb. Il devrait porter sur les conditions concr\u00e8tes d\u2019une \u00e9ventuelle adh\u00e9sion.<\/p>\n\n\n\n<p class=\"wp-block-paragraph\">L\u2019Ukraine pourrait un jour rejoindre l\u2019Union europ\u00e9enne. Mais ce jour ne viendra que si elle d\u00e9montre durablement :<\/p>\n\n\n\n<ul class=\"wp-block-list\">\n<li>l\u2019ind\u00e9pendance r\u00e9elle de sa justice et de ses institutions anticorruption ;<\/li>\n\n\n\n<li>la transparence compl\u00e8te de l\u2019utilisation des fonds europ\u00e9ens et internationaux ;<\/li>\n\n\n\n<li>la tra\u00e7abilit\u00e9 des armes et \u00e9quipements fournis par les \u00c9tats membres ;<\/li>\n\n\n\n<li>la coop\u00e9ration pleine et enti\u00e8re avec les enqu\u00eates judiciaires europ\u00e9ennes ;<\/li>\n\n\n\n<li>le respect effectif des minorit\u00e9s, des libert\u00e9s publiques et de l\u2019\u00c9tat de droit ;<\/li>\n\n\n\n<li>sa capacit\u00e9 \u00e0 appliquer l\u2019int\u00e9gralit\u00e9 de l\u2019acquis communautaire.<\/li>\n<\/ul>\n\n\n\n<p class=\"wp-block-paragraph\">Il faudrait \u00e9galement r\u00e9pondre \u00e0 une question rarement pos\u00e9e : l\u2019Union europ\u00e9enne a-t-elle les moyens institutionnels, financiers et sociaux d\u2019accueillir un pays de cette taille, ravag\u00e9 par la guerre, confront\u00e9 \u00e0 une reconstruction gigantesque et susceptible de peser lourdement sur la politique agricole, les fonds de coh\u00e9sion, les \u00e9quilibres budg\u00e9taires et les d\u00e9cisions communes ?<\/p>\n\n\n\n<p class=\"wp-block-paragraph\">L\u2019Ukraine ne doit pas \u00eatre condamn\u00e9e \u00e0 rester \u00e9ternellement aux portes de l\u2019Europe. Mais l\u2019Europe ne doit pas davantage \u00eatre somm\u00e9e d\u2019ouvrir ses portes sans contr\u00f4le, au nom de la culpabilit\u00e9, de l\u2019\u00e9motion ou de la peur de d\u00e9plaire.<\/p>\n\n\n\n<p class=\"wp-block-paragraph\">Soutenir l\u2019Ukraine dans sa r\u00e9sistance est une chose. Lui accorder un blanc-seing institutionnel en est une autre. L\u2019Union europ\u00e9enne n\u2019est pas une alliance militaire, ni une prime au courage, ni une immunit\u00e9 diplomatique. Elle repose sur des r\u00e8gles.<\/p>\n\n\n\n<p class=\"wp-block-paragraph\">Si l\u2019Ukraine les respecte, elle aura vocation \u00e0 devenir un \u00c9tat membre. Si elle ne les respecte pas, son adh\u00e9sion devra \u00eatre report\u00e9e \u2014 aussi longtemps que n\u00e9cessaire. La paix m\u00e9rite notre solidarit\u00e9. L\u2019Europe, elle, m\u00e9rite notre lucidit\u00e9.<\/p>\n","protected":false},"excerpt":{"rendered":"<p>L\u2019Ukraine m\u00e9rite-t-elle, un jour, d\u2019adh\u00e9rer \u00e0 l\u2019Union europ\u00e9enne ? La r\u00e9ponse ne peut \u00eatre ni un r\u00e9flexe sentimental, ni un automatisme g\u00e9opolitique. La solidarit\u00e9 avec un pays agress\u00e9 ne vaut pas certificat d\u2019adh\u00e9sion. L\u2019Union europ\u00e9enne n\u2019est pas une r\u00e9compense militaire, encore moins une caisse de compensation pour les fautes, les soup\u00e7ons et les risques que [&hellip;]<\/p>\n","protected":false},"author":1,"featured_media":0,"comment_status":"open","ping_status":"open","sticky":false,"template":"","format":"standard","meta":{"_monsterinsights_skip_tracking":false,"_uf_show_specific_survey":0,"_uf_disable_surveys":false,"footnotes":""},"categories":[39,41],"tags":[],"class_list":["post-3153","post","type-post","status-publish","format-standard","hentry","category-ukraine","category-union-europeenne"],"_links":{"self":[{"href":"https:\/\/droitemoderniste.be\/index.php\/wp-json\/wp\/v2\/posts\/3153","targetHints":{"allow":["GET"]}}],"collection":[{"href":"https:\/\/droitemoderniste.be\/index.php\/wp-json\/wp\/v2\/posts"}],"about":[{"href":"https:\/\/droitemoderniste.be\/index.php\/wp-json\/wp\/v2\/types\/post"}],"author":[{"embeddable":true,"href":"https:\/\/droitemoderniste.be\/index.php\/wp-json\/wp\/v2\/users\/1"}],"replies":[{"embeddable":true,"href":"https:\/\/droitemoderniste.be\/index.php\/wp-json\/wp\/v2\/comments?post=3153"}],"version-history":[{"count":1,"href":"https:\/\/droitemoderniste.be\/index.php\/wp-json\/wp\/v2\/posts\/3153\/revisions"}],"predecessor-version":[{"id":3155,"href":"https:\/\/droitemoderniste.be\/index.php\/wp-json\/wp\/v2\/posts\/3153\/revisions\/3155"}],"wp:attachment":[{"href":"https:\/\/droitemoderniste.be\/index.php\/wp-json\/wp\/v2\/media?parent=3153"}],"wp:term":[{"taxonomy":"category","embeddable":true,"href":"https:\/\/droitemoderniste.be\/index.php\/wp-json\/wp\/v2\/categories?post=3153"},{"taxonomy":"post_tag","embeddable":true,"href":"https:\/\/droitemoderniste.be\/index.php\/wp-json\/wp\/v2\/tags?post=3153"}],"curies":[{"name":"wp","href":"https:\/\/api.w.org\/{rel}","templated":true}]}}