{"id":3150,"date":"2026-08-22T11:42:31","date_gmt":"2026-08-22T09:42:31","guid":{"rendered":"https:\/\/droitemoderniste.be\/?p=3150"},"modified":"2026-08-22T11:42:31","modified_gmt":"2026-08-22T09:42:31","slug":"lavenir-se-construit-par-la-naissance-pas-par-la-transition-energetique","status":"publish","type":"post","link":"https:\/\/droitemoderniste.be\/index.php\/2026\/08\/22\/lavenir-se-construit-par-la-naissance-pas-par-la-transition-energetique\/","title":{"rendered":"L\u2019avenir se construit par la naissance, pas par la transition \u00e9nerg\u00e9tique"},"content":{"rendered":"\n<figure class=\"wp-block-image size-large\"><img loading=\"lazy\" decoding=\"async\" width=\"1024\" height=\"685\" src=\"https:\/\/droitemoderniste.be\/wp-content\/uploads\/2026\/08\/bebe1-1024x685.jpg\" alt=\"\" class=\"wp-image-3151\" srcset=\"https:\/\/droitemoderniste.be\/wp-content\/uploads\/2026\/08\/bebe1-1024x685.jpg 1024w, https:\/\/droitemoderniste.be\/wp-content\/uploads\/2026\/08\/bebe1-300x201.jpg 300w, https:\/\/droitemoderniste.be\/wp-content\/uploads\/2026\/08\/bebe1-768x514.jpg 768w, https:\/\/droitemoderniste.be\/wp-content\/uploads\/2026\/08\/bebe1.jpg 1390w\" sizes=\"auto, (max-width: 1024px) 100vw, 1024px\" \/><\/figure>\n\n\n\n<p class=\"wp-block-paragraph\">Il est devenu presque impossible, en Belgique, de prononcer le mot \u00ab avenir \u00bb sans \u00eatre aussit\u00f4t renvoy\u00e9 aux \u00e9missions de CO\u2082, \u00e0 la neutralit\u00e9 carbone ou \u00e0 la r\u00e9novation \u00e9nerg\u00e9tique des b\u00e2timents. La transition \u00e9nerg\u00e9tique est devenue l\u2019horizon oblig\u00e9 de toute politique publique, le crit\u00e8re auquel on pr\u00e9tend soumettre l\u2019\u00e9conomie, les transports, le logement et jusqu\u2019aux comportements individuels.<\/p>\n\n\n\n<p class=\"wp-block-paragraph\">Mais une soci\u00e9t\u00e9 ne se r\u00e9sume pas \u00e0 son empreinte carbone. Elle repose d\u2019abord sur des femmes et des hommes capables de la faire vivre, de la transmettre et de la renouveler. Or c\u2019est pr\u00e9cis\u00e9ment cette \u00e9vidence que notre pays semble avoir oubli\u00e9e : l\u2019avenir de la Belgique se construit d\u2019abord par la naissance, plus que par la transition \u00e9nerg\u00e9tique.<\/p>\n\n\n\n<p class=\"wp-block-paragraph\">Cette affirmation n\u2019est ni un refus de la responsabilit\u00e9 environnementale ni un plaidoyer pour l\u2019inaction climatique. Elle est un rappel des priorit\u00e9s. Un pays qui ne croit plus en sa propre descendance, qui ne permet plus aux familles d\u2019accueillir des enfants dans des conditions dignes et qui compense son d\u00e9clin d\u00e9mographique par une immigration non ma\u00eetris\u00e9e ne pr\u00e9pare pas son avenir : il administre son effacement.<\/p>\n\n\n\n<h2 class=\"wp-block-heading\">Une Belgique qui vieillit et renonce<\/h2>\n\n\n\n<p class=\"wp-block-paragraph\">La Belgique vieillit. Les g\u00e9n\u00e9rations nombreuses arrivent \u00e0 la retraite, tandis que les g\u00e9n\u00e9rations qui suivent sont moins nombreuses. Cette \u00e9volution p\u00e8se d\u00e9j\u00e0 sur les pensions, les soins de sant\u00e9, l\u2019enseignement, le march\u00e9 du travail et le financement de la s\u00e9curit\u00e9 sociale.<\/p>\n\n\n\n<p class=\"wp-block-paragraph\">Le probl\u00e8me n\u2019est pas seulement comptable. Une soci\u00e9t\u00e9 vieillissante est aussi une soci\u00e9t\u00e9 qui doute davantage d\u2019elle-m\u00eame, qui privil\u00e9gie la pr\u00e9servation de l\u2019existant et qui peine \u00e0 se projeter. Lorsque les naissances diminuent, ce sont les \u00e9coles qui ferment, les communes qui se vident, les entreprises qui manquent de travailleurs et les syst\u00e8mes sociaux qui deviennent plus fragiles.<\/p>\n\n\n\n<p class=\"wp-block-paragraph\">L\u2019enfant n\u2019est pourtant pas une charge au sens o\u00f9 le pr\u00e9sentent certains raisonnements technocratiques. Il est le futur citoyen, le futur soignant, le futur ing\u00e9nieur, le futur entrepreneur, le futur enseignant et, plus largement, le futur contributeur \u00e0 la solidarit\u00e9 collective. Chaque naissance repr\u00e9sente une responsabilit\u00e9 imm\u00e9diate, mais aussi un investissement humain de long terme.<\/p>\n\n\n\n<p class=\"wp-block-paragraph\">La Belgique a pris l\u2019habitude de parler de natalit\u00e9 avec g\u00eane, comme si soutenir les familles relevait d\u2019une nostalgie r\u00e9actionnaire. Cette pudeur est incompr\u00e9hensible. La d\u00e9mographie n\u2019est pas une opinion : elle d\u00e9termine les conditions concr\u00e8tes de notre avenir collectif.<\/p>\n\n\n\n<h2 class=\"wp-block-heading\">La transition \u00e9nerg\u00e9tique ne remplacera jamais une politique familiale<\/h2>\n\n\n\n<p class=\"wp-block-paragraph\">On peut \u00e9lectrifier les voitures, isoler les logements et installer des \u00e9oliennes. Rien de tout cela ne remplacera les citoyens n\u00e9cessaires pour faire fonctionner les h\u00f4pitaux, les entreprises, les administrations et les \u00e9coles.<\/p>\n\n\n\n<p class=\"wp-block-paragraph\">La transition \u00e9nerg\u00e9tique peut modifier notre mani\u00e8re de produire et de consommer. Elle ne r\u00e9pond pas \u00e0 la question essentielle : qui fera fonctionner la soci\u00e9t\u00e9 dans vingt ou trente ans ?<\/p>\n\n\n\n<p class=\"wp-block-paragraph\">Cette question ne se r\u00e8gle pas par des slogans. Elle ne se r\u00e9sout pas davantage par l\u2019importation permanente de main-d\u2019\u0153uvre ou par une immigration pens\u00e9e comme variable d\u2019ajustement d\u00e9mographique. Une politique qui refuse de soutenir la natalit\u00e9 nationale tout en comptant sur des arriv\u00e9es toujours plus nombreuses pour maintenir les \u00e9quilibres \u00e9conomiques prend le risque d\u2019ajouter une fragilit\u00e9 sociale \u00e0 une fragilit\u00e9 d\u00e9mographique.<\/p>\n\n\n\n<p class=\"wp-block-paragraph\">L\u2019immigration peut contribuer \u00e0 la vitalit\u00e9 d\u2019un pays lorsqu\u2019elle est ma\u00eetris\u00e9e, int\u00e9gr\u00e9e et compatible avec ses capacit\u00e9s d\u2019accueil. Mais elle ne peut \u00eatre le substitut permanent d\u2019une politique familiale. Elle ne cr\u00e9e pas automatiquement de la coh\u00e9sion, ne r\u00e9sout pas m\u00e9caniquement les p\u00e9nuries de main-d\u2019\u0153uvre et ne dispense pas l\u2019\u00c9tat de s\u2019interroger sur les raisons pour lesquelles tant de jeunes adultes renoncent \u00e0 avoir des enfants.<\/p>\n\n\n\n<h2 class=\"wp-block-heading\">Pourquoi les Belges h\u00e9sitent-ils \u00e0 devenir parents ?<\/h2>\n\n\n\n<p class=\"wp-block-paragraph\">La r\u00e9ponse est connue, mais elle est rarement assum\u00e9e politiquement. Les jeunes couples font face \u00e0 un logement trop cher, \u00e0 des emplois pr\u00e9caires, \u00e0 des cr\u00e8ches insuffisantes, \u00e0 des horaires incompatibles avec la vie familiale et \u00e0 une fiscalit\u00e9 qui p\u00e9nalise trop souvent les m\u00e9nages avec enfants.<\/p>\n\n\n\n<p class=\"wp-block-paragraph\">\u00c0 cela s\u2019ajoute un climat culturel de d\u00e9couragement. On explique aux jeunes que l\u2019avenir sera plus pauvre, plus chaud, plus endett\u00e9, plus conflictuel et plus contraint. Puis on s\u2019\u00e9tonne qu\u2019ils h\u00e9sitent \u00e0 fonder une famille.<\/p>\n\n\n\n<p class=\"wp-block-paragraph\">Il ne s\u2019agit \u00e9videmment pas de commander les naissances ni de culpabiliser ceux qui n\u2019ont pas d\u2019enfants. La libert\u00e9 de ne pas devenir parent doit \u00eatre pleinement respect\u00e9e. Mais la libert\u00e9 de vouloir une famille doit l\u2019\u00eatre tout autant. Or cette libert\u00e9 est aujourd\u2019hui limit\u00e9e par des obstacles mat\u00e9riels que les pouvoirs publics refusent de traiter avec la d\u00e9termination qu\u2019ils consacrent \u00e0 d\u2019autres priorit\u00e9s.<\/p>\n\n\n\n<h2 class=\"wp-block-heading\">Une r\u00e9volution familiale est n\u00e9cessaire<\/h2>\n\n\n\n<p class=\"wp-block-paragraph\">La Belgique doit faire de la politique familiale une priorit\u00e9 nationale, avec des mesures simples, lisibles et durables.<\/p>\n\n\n\n<p class=\"wp-block-paragraph\">Il faut d\u2019abord rendre le logement accessible aux jeunes m\u00e9nages. Une politique qui multiplie les normes, rench\u00e9rit la construction et laisse les familles se battre pour trouver un logement adapt\u00e9 organise elle-m\u00eame la baisse de la natalit\u00e9.<\/p>\n\n\n\n<p class=\"wp-block-paragraph\">Il faut ensuite garantir une place en cr\u00e8che et d\u00e9velopper des solutions d\u2019accueil souples, compatibles avec les horaires r\u00e9els du travail. Il faut aussi mieux valoriser le cong\u00e9 parental, prot\u00e9ger les carri\u00e8res des parents et mettre fin \u00e0 l\u2019id\u00e9e que la maternit\u00e9 constitue un risque professionnel.<\/p>\n\n\n\n<p class=\"wp-block-paragraph\">La fiscalit\u00e9 doit \u00e9galement tenir compte de la r\u00e9alit\u00e9 familiale. Un m\u00e9nage avec trois enfants ne peut \u00eatre consid\u00e9r\u00e9 comme une simple unit\u00e9 fiscale parmi d\u2019autres. Il assume une fonction sociale essentielle, en \u00e9levant les citoyens qui feront demain vivre les institutions collectives.<\/p>\n\n\n\n<p class=\"wp-block-paragraph\">Enfin, la Belgique doit cesser de traiter la d\u00e9mographie comme une fatalit\u00e9. Les projections ne sont pas des condamnations. Elles d\u00e9crivent ce qui arrivera si nous ne changeons rien. Une politique volontariste peut modifier les conditions dans lesquelles les citoyens font leurs choix.<\/p>\n\n\n\n<h2 class=\"wp-block-heading\">L\u2019\u00e9cologie doit servir la vie, non la remplacer<\/h2>\n\n\n\n<p class=\"wp-block-paragraph\">Il faut d\u00e9fendre une \u00e9cologie au service de la prosp\u00e9rit\u00e9 humaine. L\u2019environnement m\u00e9rite d\u2019\u00eatre prot\u00e9g\u00e9 parce que nous voulons transmettre un pays habitable \u00e0 nos enfants, et non parce que l\u2019\u00eatre humain serait devenu un probl\u00e8me \u00e0 r\u00e9duire.<\/p>\n\n\n\n<p class=\"wp-block-paragraph\">Une transition \u00e9nerg\u00e9tique raisonnable doit pr\u00e9server le pouvoir d\u2019achat, la comp\u00e9titivit\u00e9, la mobilit\u00e9 et l\u2019acc\u00e8s au logement. Elle ne peut pas devenir une machine \u00e0 taxer les m\u00e9nages, \u00e0 interdire les comportements ordinaires et \u00e0 rendre la vie familiale encore plus co\u00fbteuse.<\/p>\n\n\n\n<p class=\"wp-block-paragraph\">Il y a une contradiction profonde \u00e0 pr\u00e9tendre sauver la plan\u00e8te tout en rendant chaque naissance \u00e9conomiquement plus difficile. Une soci\u00e9t\u00e9 qui ne peut plus loger ses familles, chauffer ses maisons, financer ses \u00e9coles et garantir un avenir professionnel \u00e0 ses enfants ne peut pas se contenter d\u2019afficher des objectifs climatiques.<\/p>\n\n\n\n<p class=\"wp-block-paragraph\">La v\u00e9ritable question n\u2019est pas de choisir entre l\u2019environnement et la natalit\u00e9. Elle est de savoir quelle politique mettra l\u2019une et l\u2019autre au service d\u2019un m\u00eame projet : transmettre un pays prosp\u00e8re, coh\u00e9rent et vivable.<\/p>\n\n\n\n<h2 class=\"wp-block-heading\">Refuser le renoncement<\/h2>\n\n\n\n<p class=\"wp-block-paragraph\">La Belgique ne manque pas de rapports, de plans et d\u2019objectifs \u00e0 long terme. Elle manque d\u2019une volont\u00e9 politique claire : celle de dire que les enfants ne sont ni un co\u00fbt \u00e0 minimiser ni une variable statistique, mais la condition m\u00eame de la continuit\u00e9 nationale.<\/p>\n\n\n\n<p class=\"wp-block-paragraph\">Un pays qui ne transmet plus ne se sauve pas en changeant seulement son mix \u00e9nerg\u00e9tique. Il se maintient provisoirement, puis s\u2019affaiblit. Il peut r\u00e9duire ses \u00e9missions tout en perdant sa coh\u00e9sion, sa capacit\u00e9 productive et sa confiance collective.<\/p>\n\n\n\n<p class=\"wp-block-paragraph\">L\u2019avenir ne sera pas construit uniquement dans les parcs \u00e9oliens, les laboratoires de batteries ou les administrations charg\u00e9es de mesurer nos \u00e9missions. Il se construira dans les familles, les maternit\u00e9s, les cr\u00e8ches, les \u00e9coles et les quartiers o\u00f9 grandiront les citoyens de demain.<\/p>\n\n\n\n<p class=\"wp-block-paragraph\">La Belgique doit donc changer de priorit\u00e9. Elle doit soutenir ceux qui veulent transmettre la vie, r\u00e9compenser l\u2019effort familial et restaurer les conditions mat\u00e9rielles d\u2019un projet collectif. La transition \u00e9nerg\u00e9tique peut \u00eatre n\u00e9cessaire. La naissance, elle, est indispensable.<\/p>\n\n\n\n<p class=\"wp-block-paragraph\">Sans enfants, il n\u2019y a ni soci\u00e9t\u00e9 \u00e0 pr\u00e9server, ni \u00e9conomie \u00e0 faire fonctionner, ni d\u00e9mocratie \u00e0 transmettre.<\/p>\n\n\n\n<p class=\"wp-block-paragraph\"><\/p>\n\n\n\n<p class=\"wp-block-paragraph\">Texte inspir\u00e9 des livres :<\/p>\n\n\n\n<ul class=\"wp-block-list\">\n<li>\u00ab\u00a0<a href=\"https:\/\/www.amazon.com.be\/dp\/B0H9LTYCFB\">Le suicide d\u00e9mographique belge<\/a>\u00ab\u00a0<\/li>\n\n\n\n<li>\u00ab\u00a0<a href=\"https:\/\/www.amazon.fr\/dp\/B0HDJG8WBF\">La Belgique en changement de peuple<\/a>\u00ab\u00a0<\/li>\n<\/ul>\n\n\n\n<p class=\"wp-block-paragraph\"><\/p>\n","protected":false},"excerpt":{"rendered":"<p>Il est devenu presque impossible, en Belgique, de prononcer le mot \u00ab avenir \u00bb sans \u00eatre aussit\u00f4t renvoy\u00e9 aux \u00e9missions de CO\u2082, \u00e0 la neutralit\u00e9 carbone ou \u00e0 la r\u00e9novation \u00e9nerg\u00e9tique des b\u00e2timents. La transition \u00e9nerg\u00e9tique est devenue l\u2019horizon oblig\u00e9 de toute politique publique, le crit\u00e8re auquel on pr\u00e9tend soumettre l\u2019\u00e9conomie, les transports, le logement [&hellip;]<\/p>\n","protected":false},"author":1,"featured_media":0,"comment_status":"open","ping_status":"open","sticky":false,"template":"","format":"standard","meta":{"_monsterinsights_skip_tracking":false,"_uf_show_specific_survey":0,"_uf_disable_surveys":false,"footnotes":""},"categories":[61],"tags":[],"class_list":["post-3150","post","type-post","status-publish","format-standard","hentry","category-politique-familiale-et-nataliste"],"_links":{"self":[{"href":"https:\/\/droitemoderniste.be\/index.php\/wp-json\/wp\/v2\/posts\/3150","targetHints":{"allow":["GET"]}}],"collection":[{"href":"https:\/\/droitemoderniste.be\/index.php\/wp-json\/wp\/v2\/posts"}],"about":[{"href":"https:\/\/droitemoderniste.be\/index.php\/wp-json\/wp\/v2\/types\/post"}],"author":[{"embeddable":true,"href":"https:\/\/droitemoderniste.be\/index.php\/wp-json\/wp\/v2\/users\/1"}],"replies":[{"embeddable":true,"href":"https:\/\/droitemoderniste.be\/index.php\/wp-json\/wp\/v2\/comments?post=3150"}],"version-history":[{"count":1,"href":"https:\/\/droitemoderniste.be\/index.php\/wp-json\/wp\/v2\/posts\/3150\/revisions"}],"predecessor-version":[{"id":3152,"href":"https:\/\/droitemoderniste.be\/index.php\/wp-json\/wp\/v2\/posts\/3150\/revisions\/3152"}],"wp:attachment":[{"href":"https:\/\/droitemoderniste.be\/index.php\/wp-json\/wp\/v2\/media?parent=3150"}],"wp:term":[{"taxonomy":"category","embeddable":true,"href":"https:\/\/droitemoderniste.be\/index.php\/wp-json\/wp\/v2\/categories?post=3150"},{"taxonomy":"post_tag","embeddable":true,"href":"https:\/\/droitemoderniste.be\/index.php\/wp-json\/wp\/v2\/tags?post=3150"}],"curies":[{"name":"wp","href":"https:\/\/api.w.org\/{rel}","templated":true}]}}