{"id":3147,"date":"2026-08-21T13:52:01","date_gmt":"2026-08-21T11:52:01","guid":{"rendered":"https:\/\/droitemoderniste.be\/?p=3147"},"modified":"2026-08-21T13:52:01","modified_gmt":"2026-08-21T11:52:01","slug":"reprendre-la-main-restaurer-lautorite-de-letat-face-au-defi-migratoire-et-securitaire","status":"publish","type":"post","link":"https:\/\/droitemoderniste.be\/index.php\/2026\/08\/21\/reprendre-la-main-restaurer-lautorite-de-letat-face-au-defi-migratoire-et-securitaire\/","title":{"rendered":"Reprendre la main : restaurer l\u2019autorit\u00e9 de l\u2019\u00c9tat face au d\u00e9fi migratoire et s\u00e9curitaire"},"content":{"rendered":"\n<figure class=\"wp-block-image size-full\"><img loading=\"lazy\" decoding=\"async\" width=\"800\" height=\"400\" src=\"https:\/\/droitemoderniste.be\/wp-content\/uploads\/2026\/08\/5e3da038e35bab7f844b43b6-800x400-1.jpeg\" alt=\"\" class=\"wp-image-3148\" srcset=\"https:\/\/droitemoderniste.be\/wp-content\/uploads\/2026\/08\/5e3da038e35bab7f844b43b6-800x400-1.jpeg 800w, https:\/\/droitemoderniste.be\/wp-content\/uploads\/2026\/08\/5e3da038e35bab7f844b43b6-800x400-1-300x150.jpeg 300w, https:\/\/droitemoderniste.be\/wp-content\/uploads\/2026\/08\/5e3da038e35bab7f844b43b6-800x400-1-768x384.jpeg 768w\" sizes=\"auto, (max-width: 800px) 100vw, 800px\" \/><\/figure>\n\n\n\n<p class=\"wp-block-paragraph\">Assez de renoncements, assez de chaos, assez d\u2019impuissance : ces mots traduisent aujourd\u2019hui un malaise profond, perceptible dans une large partie de la soci\u00e9t\u00e9. Celui d\u2019un \u00c9tat qui peine \u00e0 assurer ses fonctions essentielles, au premier rang desquelles figurent la s\u00e9curit\u00e9 des citoyens et la ma\u00eetrise des flux migratoires.<\/p>\n\n\n\n<p class=\"wp-block-paragraph\">Ces deux enjeux, souvent trait\u00e9s s\u00e9par\u00e9ment dans le d\u00e9bat public, sont pourtant \u00e9troitement li\u00e9s. Ils interrogent, au fond, la capacit\u00e9 de la puissance publique \u00e0 fixer des r\u00e8gles claires, \u00e0 les faire respecter et \u00e0 garantir les conditions d\u2019une coexistence harmonieuse au sein de la soci\u00e9t\u00e9.<\/p>\n\n\n\n<p class=\"wp-block-paragraph\">En mati\u00e8re de s\u00e9curit\u00e9, le constat est connu mais ne peut \u00eatre banalis\u00e9. Dans plusieurs territoires, le sentiment d\u2019ins\u00e9curit\u00e9 persiste, aliment\u00e9 par une d\u00e9linquance quotidienne, des violences r\u00e9currentes et une perception d\u2019impunit\u00e9. Cette r\u00e9alit\u00e9, v\u00e9cue concr\u00e8tement par de nombreux citoyens, fragilise le pacte social. Car lorsque la loi appara\u00eet in\u00e9galement appliqu\u00e9e, c\u2019est la confiance dans l\u2019\u00c9tat qui s\u2019\u00e9rode.<\/p>\n\n\n\n<p class=\"wp-block-paragraph\">Dans le m\u00eame temps, la question migratoire continue de susciter incompr\u00e9hensions et tensions. Non pas en raison d\u2019un rejet de principe, mais parce que la gestion actuelle est per\u00e7ue comme insuffisamment ma\u00eetris\u00e9e, parfois incoh\u00e9rente, et souvent d\u00e9connect\u00e9e des capacit\u00e9s r\u00e9elles d\u2019int\u00e9gration. L\u00e0 encore, le sentiment dominant est celui d\u2019un manque de pilotage et de lisibilit\u00e9.<\/p>\n\n\n\n<p class=\"wp-block-paragraph\">Or, une d\u00e9mocratie ne peut durablement fonctionner si elle donne le sentiment de subir plut\u00f4t que de choisir.<\/p>\n\n\n\n<p class=\"wp-block-paragraph\">R\u00e9affirmer la souverainet\u00e9 du peuple, dans ce contexte, ne rel\u00e8ve ni du repli ni de la crispation. Il s\u2019agit au contraire de restaurer la capacit\u00e9 collective \u00e0 d\u00e9cider des conditions d\u2019entr\u00e9e, de s\u00e9jour et d\u2019int\u00e9gration sur le territoire, dans le respect des principes de l\u2019\u00c9tat de droit. Cela suppose une politique migratoire \u00e0 la fois claire, coh\u00e9rente et effectivement appliqu\u00e9e.<\/p>\n\n\n\n<p class=\"wp-block-paragraph\">De la m\u00eame mani\u00e8re, restaurer l\u2019autorit\u00e9 de l\u2019\u00c9tat en mati\u00e8re de s\u00e9curit\u00e9 implique de garantir l\u2019ex\u00e9cution des lois sur l\u2019ensemble du territoire, sans exception. Cela passe par des moyens adapt\u00e9s, mais aussi par une volont\u00e9 politique constante : celle de ne plus tol\u00e9rer les zones grises o\u00f9 la r\u00e8gle commune recule.<\/p>\n\n\n\n<p class=\"wp-block-paragraph\">Il ne s\u2019agit pas d\u2019opposer fermet\u00e9 et humanit\u00e9, mais de rappeler qu\u2019une politique juste est d\u2019abord une politique lisible et assum\u00e9e. L\u2019absence de clart\u00e9 nourrit les tensions ; l\u2019absence d\u2019autorit\u00e9 alimente les d\u00e9rives.<\/p>\n\n\n\n<p class=\"wp-block-paragraph\">Dans un paysage institutionnel complexe comme celui de la Belgique, cet enjeu est d\u2019autant plus crucial. La multiplicit\u00e9 des niveaux de pouvoir ne peut servir d\u2019alibi \u00e0 l\u2019inaction ou \u00e0 la dilution des responsabilit\u00e9s. Au contraire, elle appelle \u00e0 une clarification des comp\u00e9tences et \u00e0 une coordination renforc\u00e9e, au service d\u2019une action publique plus efficace.<\/p>\n\n\n\n<p class=\"wp-block-paragraph\">Reprendre la main, aujourd\u2019hui, c\u2019est refuser que les questions de s\u00e9curit\u00e9 et d\u2019immigration demeurent des angles morts ou des terrains d\u2019impuissance. C\u2019est r\u00e9affirmer que l\u2019\u00c9tat doit \u00eatre en mesure de prot\u00e9ger, de r\u00e9guler et d\u2019organiser.<\/p>\n\n\n\n<p class=\"wp-block-paragraph\">\u00c0 cette condition seulement, la souverainet\u00e9 du peuple pourra retrouver sa pleine signification, non comme un principe abstrait, mais comme une r\u00e9alit\u00e9 v\u00e9cue.<\/p>\n\n\n\n<p class=\"wp-block-paragraph\"><\/p>\n\n\n\n<p class=\"wp-block-paragraph\">Id\u00e9es inspir\u00e9es par :<\/p>\n\n\n\n<ul class=\"wp-block-list\">\n<li>\u00ab\u00a0<a href=\"https:\/\/www.amazon.com.be\/dp\/B0H9LTYCFB\">Le suicide d\u00e9mographique belge<\/a>\u00ab\u00a0<\/li>\n\n\n\n<li>\u00ab\u00a0<a href=\"https:\/\/www.amazon.fr\/dp\/B0HDJG8WBF\">La Belgique en changement de peuple<\/a>\u00ab\u00a0<\/li>\n<\/ul>\n\n\n\n<p class=\"wp-block-paragraph\"><\/p>\n","protected":false},"excerpt":{"rendered":"<p>Assez de renoncements, assez de chaos, assez d\u2019impuissance : ces mots traduisent aujourd\u2019hui un malaise profond, perceptible dans une large partie de la soci\u00e9t\u00e9. Celui d\u2019un \u00c9tat qui peine \u00e0 assurer ses fonctions essentielles, au premier rang desquelles figurent la s\u00e9curit\u00e9 des citoyens et la ma\u00eetrise des flux migratoires. Ces deux enjeux, souvent trait\u00e9s s\u00e9par\u00e9ment [&hellip;]<\/p>\n","protected":false},"author":1,"featured_media":0,"comment_status":"open","ping_status":"open","sticky":false,"template":"","format":"standard","meta":{"_monsterinsights_skip_tracking":false,"_uf_show_specific_survey":0,"_uf_disable_surveys":false,"footnotes":""},"categories":[65,1,32],"tags":[],"class_list":["post-3147","post","type-post","status-publish","format-standard","hentry","category-demographie","category-immigration","category-securite-publique"],"_links":{"self":[{"href":"https:\/\/droitemoderniste.be\/index.php\/wp-json\/wp\/v2\/posts\/3147","targetHints":{"allow":["GET"]}}],"collection":[{"href":"https:\/\/droitemoderniste.be\/index.php\/wp-json\/wp\/v2\/posts"}],"about":[{"href":"https:\/\/droitemoderniste.be\/index.php\/wp-json\/wp\/v2\/types\/post"}],"author":[{"embeddable":true,"href":"https:\/\/droitemoderniste.be\/index.php\/wp-json\/wp\/v2\/users\/1"}],"replies":[{"embeddable":true,"href":"https:\/\/droitemoderniste.be\/index.php\/wp-json\/wp\/v2\/comments?post=3147"}],"version-history":[{"count":1,"href":"https:\/\/droitemoderniste.be\/index.php\/wp-json\/wp\/v2\/posts\/3147\/revisions"}],"predecessor-version":[{"id":3149,"href":"https:\/\/droitemoderniste.be\/index.php\/wp-json\/wp\/v2\/posts\/3147\/revisions\/3149"}],"wp:attachment":[{"href":"https:\/\/droitemoderniste.be\/index.php\/wp-json\/wp\/v2\/media?parent=3147"}],"wp:term":[{"taxonomy":"category","embeddable":true,"href":"https:\/\/droitemoderniste.be\/index.php\/wp-json\/wp\/v2\/categories?post=3147"},{"taxonomy":"post_tag","embeddable":true,"href":"https:\/\/droitemoderniste.be\/index.php\/wp-json\/wp\/v2\/tags?post=3147"}],"curies":[{"name":"wp","href":"https:\/\/api.w.org\/{rel}","templated":true}]}}