{"id":3144,"date":"2026-08-20T13:53:36","date_gmt":"2026-08-20T11:53:36","guid":{"rendered":"https:\/\/droitemoderniste.be\/?p=3144"},"modified":"2026-08-20T13:53:36","modified_gmt":"2026-08-20T11:53:36","slug":"un-etat-qui-doute-une-belgique-qui-abdique","status":"publish","type":"post","link":"https:\/\/droitemoderniste.be\/index.php\/2026\/08\/20\/un-etat-qui-doute-une-belgique-qui-abdique\/","title":{"rendered":"Un \u00c9tat qui doute, une Belgique qui abdique"},"content":{"rendered":"\n<figure class=\"wp-block-image size-full\"><img loading=\"lazy\" decoding=\"async\" width=\"678\" height=\"452\" src=\"https:\/\/droitemoderniste.be\/wp-content\/uploads\/2026\/08\/Baudoin-abdique.jpg\" alt=\"\" class=\"wp-image-3145\" srcset=\"https:\/\/droitemoderniste.be\/wp-content\/uploads\/2026\/08\/Baudoin-abdique.jpg 678w, https:\/\/droitemoderniste.be\/wp-content\/uploads\/2026\/08\/Baudoin-abdique-300x200.jpg 300w\" sizes=\"auto, (max-width: 678px) 100vw, 678px\" \/><\/figure>\n\n\n\n<p class=\"wp-block-paragraph\">Assez de renoncements, assez de chaos, assez d\u2019impuissance : ces mots traduisent aujourd\u2019hui un sentiment largement partag\u00e9 dans la population. Celui d\u2019un \u00c9tat qui doute, d\u2019un pouvoir qui h\u00e9site, et d\u2019une d\u00e9mocratie qui peine \u00e0 produire des r\u00e9ponses \u00e0 la hauteur des d\u00e9fis contemporains.<\/p>\n\n\n\n<p class=\"wp-block-paragraph\">Depuis plusieurs ann\u00e9es, la Belgique \u2014 comme d\u2019autres d\u00e9mocraties europ\u00e9ennes \u2014 semble confront\u00e9e \u00e0 une forme d\u2019\u00e9rosion progressive de sa capacit\u00e9 d\u2019action. Sur des enjeux aussi essentiels que la s\u00e9curit\u00e9, la ma\u00eetrise des flux migratoires, ou encore la coh\u00e9sion sociale, le sentiment d\u2019un d\u00e9calage entre les attentes citoyennes et les d\u00e9cisions publiques ne cesse de cro\u00eetre.<\/p>\n\n\n\n<p class=\"wp-block-paragraph\">Ce constat m\u00e9rite d\u2019\u00eatre pos\u00e9 avec lucidit\u00e9, sans outrance mais sans na\u00efvet\u00e9. Car il ne s\u2019agit pas d\u2019une crise conjoncturelle, mais bien d\u2019une interrogation plus profonde sur le r\u00f4le de l\u2019\u00c9tat et sur les conditions d\u2019exercice de la souverainet\u00e9 d\u00e9mocratique dans un monde ouvert, interd\u00e9pendant et soumis \u00e0 de multiples contraintes.<\/p>\n\n\n\n<p class=\"wp-block-paragraph\">Dans ce contexte, la question de la souverainet\u00e9 du peuple ne peut \u00eatre \u00e9lud\u00e9e. Non pas dans une logique de repli, mais dans une exigence de clart\u00e9 d\u00e9mocratique. Qui d\u00e9cide, et au nom de qui ? \u00c0 quel niveau s\u2019exerce le pouvoir, et avec quelle l\u00e9gitimit\u00e9 ? Trop souvent, les m\u00e9canismes de d\u00e9cision apparaissent opaques, dilu\u00e9s entre diff\u00e9rents \u00e9chelons de gouvernance, au risque d\u2019affaiblir la responsabilit\u00e9 politique.<\/p>\n\n\n\n<p class=\"wp-block-paragraph\">R\u00e9affirmer la souverainet\u00e9 populaire, c\u2019est d\u2019abord restaurer ce lien de confiance entre les citoyens et les institutions. Cela implique de redonner du sens \u00e0 la d\u00e9cision publique, de clarifier les responsabilit\u00e9s, et d\u2019assumer des choix parfois difficiles, mais n\u00e9cessaires.<\/p>\n\n\n\n<p class=\"wp-block-paragraph\">Mais cette exigence d\u00e9mocratique ne peut se concevoir sans une r\u00e9flexion parall\u00e8le sur l\u2019autorit\u00e9 de l\u2019\u00c9tat.<\/p>\n\n\n\n<p class=\"wp-block-paragraph\">Un \u00c9tat dont les r\u00e8gles ne sont plus pleinement appliqu\u00e9es, ou per\u00e7ues comme telles, s\u2019expose \u00e0 une perte de cr\u00e9dibilit\u00e9. Or, cette cr\u00e9dibilit\u00e9 est la condition m\u00eame de l\u2019adh\u00e9sion collective. L\u2019autorit\u00e9 n\u2019est pas une fin en soi : elle est le cadre qui permet l\u2019exercice des libert\u00e9s. Elle suppose une action publique coh\u00e9rente, pr\u00e9visible, et \u00e9quitablement appliqu\u00e9e.<\/p>\n\n\n\n<p class=\"wp-block-paragraph\">Cela vaut notamment en mati\u00e8re de s\u00e9curit\u00e9, de justice, et de politique migratoire, o\u00f9 l\u2019enjeu n\u2019est pas seulement op\u00e9rationnel, mais aussi symbolique : celui de la capacit\u00e9 de la puissance publique \u00e0 fixer des r\u00e8gles et \u00e0 les faire respecter.<\/p>\n\n\n\n<p class=\"wp-block-paragraph\">Il ne s\u2019agit ni de c\u00e9der \u00e0 la tentation du simplisme, ni de nier la complexit\u00e9 des enjeux contemporains. Mais refuser l\u2019impuissance ne signifie pas ignorer la r\u00e9alit\u00e9 ; cela signifie au contraire s\u2019y confronter avec rigueur et d\u00e9termination.<\/p>\n\n\n\n<p class=\"wp-block-paragraph\">Dans un contexte de fragmentation politique et de d\u00e9fiance croissante, il devient essentiel de r\u00e9affirmer quelques principes fondamentaux : la primaut\u00e9 du politique dans la d\u00e9finition des choix collectifs, la responsabilit\u00e9 des d\u00e9cideurs devant les citoyens, et la n\u00e9cessit\u00e9 d\u2019un \u00c9tat \u00e0 la fois l\u00e9gitime et effectif.<\/p>\n\n\n\n<p class=\"wp-block-paragraph\">Reprendre la main, aujourd\u2019hui, ne rel\u00e8ve pas d\u2019un slogan. C\u2019est une exigence d\u00e9mocratique. Celle de redonner \u00e0 l\u2019action publique sa capacit\u00e9 \u00e0 prot\u00e9ger, \u00e0 organiser et \u00e0 projeter. \u00c0 cette condition seulement, la souverainet\u00e9 du peuple cessera d\u2019appara\u00eetre comme une notion abstraite pour redevenir une r\u00e9alit\u00e9 tangible.<br><\/p>\n","protected":false},"excerpt":{"rendered":"<p>Assez de renoncements, assez de chaos, assez d\u2019impuissance : ces mots traduisent aujourd\u2019hui un sentiment largement partag\u00e9 dans la population. Celui d\u2019un \u00c9tat qui doute, d\u2019un pouvoir qui h\u00e9site, et d\u2019une d\u00e9mocratie qui peine \u00e0 produire des r\u00e9ponses \u00e0 la hauteur des d\u00e9fis contemporains. Depuis plusieurs ann\u00e9es, la Belgique \u2014 comme d\u2019autres d\u00e9mocraties europ\u00e9ennes \u2014 [&hellip;]<\/p>\n","protected":false},"author":1,"featured_media":0,"comment_status":"open","ping_status":"open","sticky":false,"template":"","format":"standard","meta":{"_monsterinsights_skip_tracking":false,"_uf_show_specific_survey":0,"_uf_disable_surveys":false,"footnotes":""},"categories":[22,63],"tags":[],"class_list":["post-3144","post","type-post","status-publish","format-standard","hentry","category-democratie","category-souverainete"],"_links":{"self":[{"href":"https:\/\/droitemoderniste.be\/index.php\/wp-json\/wp\/v2\/posts\/3144","targetHints":{"allow":["GET"]}}],"collection":[{"href":"https:\/\/droitemoderniste.be\/index.php\/wp-json\/wp\/v2\/posts"}],"about":[{"href":"https:\/\/droitemoderniste.be\/index.php\/wp-json\/wp\/v2\/types\/post"}],"author":[{"embeddable":true,"href":"https:\/\/droitemoderniste.be\/index.php\/wp-json\/wp\/v2\/users\/1"}],"replies":[{"embeddable":true,"href":"https:\/\/droitemoderniste.be\/index.php\/wp-json\/wp\/v2\/comments?post=3144"}],"version-history":[{"count":1,"href":"https:\/\/droitemoderniste.be\/index.php\/wp-json\/wp\/v2\/posts\/3144\/revisions"}],"predecessor-version":[{"id":3146,"href":"https:\/\/droitemoderniste.be\/index.php\/wp-json\/wp\/v2\/posts\/3144\/revisions\/3146"}],"wp:attachment":[{"href":"https:\/\/droitemoderniste.be\/index.php\/wp-json\/wp\/v2\/media?parent=3144"}],"wp:term":[{"taxonomy":"category","embeddable":true,"href":"https:\/\/droitemoderniste.be\/index.php\/wp-json\/wp\/v2\/categories?post=3144"},{"taxonomy":"post_tag","embeddable":true,"href":"https:\/\/droitemoderniste.be\/index.php\/wp-json\/wp\/v2\/tags?post=3144"}],"curies":[{"name":"wp","href":"https:\/\/api.w.org\/{rel}","templated":true}]}}