{"id":3140,"date":"2026-08-19T11:11:02","date_gmt":"2026-08-19T09:11:02","guid":{"rendered":"https:\/\/droitemoderniste.be\/?p=3140"},"modified":"2026-08-19T11:11:02","modified_gmt":"2026-08-19T09:11:02","slug":"assez-de-renoncements-assez-de-chaos-assez-dimpuissance","status":"publish","type":"post","link":"https:\/\/droitemoderniste.be\/index.php\/2026\/08\/19\/assez-de-renoncements-assez-de-chaos-assez-dimpuissance\/","title":{"rendered":"Assez de renoncements. Assez de chaos. Assez d&rsquo;impuissance."},"content":{"rendered":"\n<figure class=\"wp-block-image size-full\"><img loading=\"lazy\" decoding=\"async\" width=\"215\" height=\"121\" src=\"https:\/\/droitemoderniste.be\/wp-content\/uploads\/2026\/08\/recession.jpg\" alt=\"\" class=\"wp-image-3141\"\/><\/figure>\n\n\n\n<p class=\"wp-block-paragraph\">Depuis trop longtemps, nos dirigeants ont fait le choix de l\u2019abdication. Abdication face \u00e0 l\u2019ins\u00e9curit\u00e9 qui gangr\u00e8ne nos quartiers. Abdication face \u00e0 une immigration mal ma\u00eetris\u00e9e qui fragilise la coh\u00e9sion nationale. Abdication face \u00e0 des normes et des contraintes supranationales qui vident peu \u00e0 peu la souverainet\u00e9 populaire de sa substance. \u00c0 force de reculer, l\u2019\u00c9tat a cess\u00e9 d\u2019incarner l\u2019autorit\u00e9. \u00c0 force d\u2019h\u00e9siter, il a perdu la confiance.<\/p>\n\n\n\n<p class=\"wp-block-paragraph\">Le constat est d\u00e9sormais partag\u00e9 bien au-del\u00e0 des clivages traditionnels : notre mod\u00e8le politique est en crise. Non pas une crise passag\u00e8re, mais une crise de direction, de volont\u00e9 et de courage. L\u00e0 o\u00f9 le peuple attend protection, il ne trouve que confusion. L\u00e0 o\u00f9 il attend des d\u00e9cisions, il ne re\u00e7oit que des compromis st\u00e9riles. L\u00e0 o\u00f9 il attend une vision, il se heurte \u00e0 une gestion \u00e0 courte vue.<\/p>\n\n\n\n<p class=\"wp-block-paragraph\">Le <mark style=\"background-color:rgba(0, 0, 0, 0);color:#ff6900\" class=\"has-inline-color\">Mouvement Droite Moderniste<\/mark> refuse cette fatalit\u00e9.<\/p>\n\n\n\n<p class=\"wp-block-paragraph\">Nous affirmons qu\u2019il est encore possible de reprendre la main. Mais cela suppose une rupture nette avec les logiques d\u2019abandon qui ont pr\u00e9valu ces derni\u00e8res d\u00e9cennies. Reprendre la main, c\u2019est d\u2019abord r\u00e9affirmer une \u00e9vidence trop souvent oubli\u00e9e : la souverainet\u00e9 appartient au peuple, et \u00e0 lui seul. Elle ne se d\u00e9l\u00e8gue pas sans contr\u00f4le, elle ne se dilue pas dans des structures technocratiques, elle ne se n\u00e9gocie pas \u00e0 huis clos.<\/p>\n\n\n\n<p class=\"wp-block-paragraph\">Restaurer la souverainet\u00e9 populaire, c\u2019est redonner aux citoyens le pouvoir r\u00e9el de d\u00e9cider des grandes orientations qui engagent leur avenir. C\u2019est remettre la d\u00e9mocratie au centre, non pas comme un rituel \u00e9lectoral vid\u00e9 de sens, mais comme une force vivante, exigeante et responsable.<\/p>\n\n\n\n<p class=\"wp-block-paragraph\">Mais la souverainet\u00e9 ne peut exister sans autorit\u00e9.<\/p>\n\n\n\n<p class=\"wp-block-paragraph\">Un \u00c9tat qui n\u2019est plus capable de faire respecter ses lois n\u2019est plus un \u00c9tat, mais une illusion administrative. L\u2019autorit\u00e9 n\u2019est pas une option id\u00e9ologique, c\u2019est une condition de la libert\u00e9. Sans s\u00e9curit\u00e9, il n\u2019y a pas de libert\u00e9. Sans r\u00e8gles claires et appliqu\u00e9es, il n\u2019y a pas de justice. Sans fronti\u00e8res ma\u00eetris\u00e9es, il n\u2019y a pas de communaut\u00e9 politique durable.<\/p>\n\n\n\n<p class=\"wp-block-paragraph\">Restaurer l\u2019autorit\u00e9 de l\u2019\u00c9tat, c\u2019est garantir l\u2019application effective des lois sur tout le territoire. C\u2019est refuser les zones de non-droit. C\u2019est assumer une politique migratoire ferme, lucide et coh\u00e9rente. C\u2019est aussi prot\u00e9ger ceux qui respectent les r\u00e8gles contre ceux qui les transgressent.<\/p>\n\n\n\n<p class=\"wp-block-paragraph\">Il ne s\u2019agit pas de revenir en arri\u00e8re, mais d\u2019avancer avec lucidit\u00e9. La modernit\u00e9 ne consiste pas \u00e0 nier les r\u00e9alit\u00e9s, mais \u00e0 y r\u00e9pondre avec efficacit\u00e9. Une droite v\u00e9ritablement moderne est une droite qui prot\u00e8ge, qui assume, qui d\u00e9cide. Une droite qui ne s\u2019excuse plus d\u2019exister.<\/p>\n\n\n\n<p class=\"wp-block-paragraph\">Le temps des diagnostics est r\u00e9volu. Le temps des demi-mesures est d\u00e9pass\u00e9. Ce qui est en jeu aujourd\u2019hui, ce n\u2019est pas seulement l\u2019efficacit\u00e9 de l\u2019action publique, mais la capacit\u00e9 m\u00eame de notre nation \u00e0 continuer d\u2019exister comme communaut\u00e9 politique souveraine.<\/p>\n\n\n\n<p class=\"wp-block-paragraph\">Reprendre la main, c\u2019est refuser le d\u00e9clin comme horizon. C\u2019est r\u00e9tablir un cap clair. C\u2019est redonner \u00e0 l\u2019\u00c9tat sa force et au peuple sa voix.<\/p>\n\n\n\n<p class=\"wp-block-paragraph\">Le <mark style=\"background-color:rgba(0, 0, 0, 0);color:#ff6900\" class=\"has-inline-color\">Mouvement Droite Moderniste<\/mark> appelle \u00e0 ce sursaut. Non pas demain. Maintenant.<\/p>\n\n\n\n<p class=\"wp-block-paragraph\"><\/p>\n","protected":false},"excerpt":{"rendered":"<p>Depuis trop longtemps, nos dirigeants ont fait le choix de l\u2019abdication. Abdication face \u00e0 l\u2019ins\u00e9curit\u00e9 qui gangr\u00e8ne nos quartiers. Abdication face \u00e0 une immigration mal ma\u00eetris\u00e9e qui fragilise la coh\u00e9sion nationale. Abdication face \u00e0 des normes et des contraintes supranationales qui vident peu \u00e0 peu la souverainet\u00e9 populaire de sa substance. \u00c0 force de reculer, [&hellip;]<\/p>\n","protected":false},"author":1,"featured_media":0,"comment_status":"open","ping_status":"open","sticky":false,"template":"","format":"standard","meta":{"_monsterinsights_skip_tracking":false,"_uf_show_specific_survey":0,"_uf_disable_surveys":false,"footnotes":""},"categories":[64,22,65,1,61],"tags":[],"class_list":["post-3140","post","type-post","status-publish","format-standard","hentry","category-asile","category-democratie","category-demographie","category-immigration","category-politique-familiale-et-nataliste"],"_links":{"self":[{"href":"https:\/\/droitemoderniste.be\/index.php\/wp-json\/wp\/v2\/posts\/3140","targetHints":{"allow":["GET"]}}],"collection":[{"href":"https:\/\/droitemoderniste.be\/index.php\/wp-json\/wp\/v2\/posts"}],"about":[{"href":"https:\/\/droitemoderniste.be\/index.php\/wp-json\/wp\/v2\/types\/post"}],"author":[{"embeddable":true,"href":"https:\/\/droitemoderniste.be\/index.php\/wp-json\/wp\/v2\/users\/1"}],"replies":[{"embeddable":true,"href":"https:\/\/droitemoderniste.be\/index.php\/wp-json\/wp\/v2\/comments?post=3140"}],"version-history":[{"count":1,"href":"https:\/\/droitemoderniste.be\/index.php\/wp-json\/wp\/v2\/posts\/3140\/revisions"}],"predecessor-version":[{"id":3142,"href":"https:\/\/droitemoderniste.be\/index.php\/wp-json\/wp\/v2\/posts\/3140\/revisions\/3142"}],"wp:attachment":[{"href":"https:\/\/droitemoderniste.be\/index.php\/wp-json\/wp\/v2\/media?parent=3140"}],"wp:term":[{"taxonomy":"category","embeddable":true,"href":"https:\/\/droitemoderniste.be\/index.php\/wp-json\/wp\/v2\/categories?post=3140"},{"taxonomy":"post_tag","embeddable":true,"href":"https:\/\/droitemoderniste.be\/index.php\/wp-json\/wp\/v2\/tags?post=3140"}],"curies":[{"name":"wp","href":"https:\/\/api.w.org\/{rel}","templated":true}]}}