{"id":3137,"date":"2026-08-18T13:52:33","date_gmt":"2026-08-18T11:52:33","guid":{"rendered":"https:\/\/droitemoderniste.be\/?p=3137"},"modified":"2026-08-18T13:52:33","modified_gmt":"2026-08-18T11:52:33","slug":"climat-subventions-vertes-et-desert-demographique-la-belgique-finance-t-elle-son-propre-effacement","status":"publish","type":"post","link":"https:\/\/droitemoderniste.be\/index.php\/2026\/08\/18\/climat-subventions-vertes-et-desert-demographique-la-belgique-finance-t-elle-son-propre-effacement\/","title":{"rendered":"Climat, subventions vertes\u2026 et d\u00e9sert d\u00e9mographique : la Belgique finance-t-elle son propre effacement ?"},"content":{"rendered":"\n<figure class=\"wp-block-image size-full\"><img loading=\"lazy\" decoding=\"async\" width=\"260\" height=\"194\" src=\"https:\/\/droitemoderniste.be\/wp-content\/uploads\/2026\/08\/effacer.jpg\" alt=\"\" class=\"wp-image-3138\"\/><\/figure>\n\n\n\n<p class=\"wp-block-paragraph\">La Belgique d\u00e9pense des milliards pour verdir son \u00e9conomie, r\u00e9nover ses b\u00e2timents, \u00e9lectrifier ses mobilit\u00e9s. Chaque ann\u00e9e, la transition \u00e9nerg\u00e9tique s\u2019impose comme l\u2019alpha et l\u2019om\u00e9ga de l\u2019action publique. Mais pendant que l\u2019\u00c9tat subventionne les kilowattheures propres, une autre r\u00e9alit\u00e9, autrement plus fondamentale, s\u2019effondre dans un silence assourdissant : la capacit\u00e9 du pays \u00e0 faire des enfants.<\/p>\n\n\n\n<p class=\"wp-block-paragraph\">\u00c0 quoi sert de sauver le climat si le peuple dispara\u00eet ?<\/p>\n\n\n\n<p class=\"wp-block-paragraph\">Le constat est brutal, et il est connu. La natalit\u00e9 belge s\u2019enfonce sous le seuil de renouvellement. Partout, les m\u00eames signaux faibles devenus structurels : premier enfant toujours plus tardif, deux enfants devenant l\u2019exception, troisi\u00e8me enfant rel\u00e9gu\u00e9 au rang de luxe. Derri\u00e8re ces chiffres, il n\u2019y a pas un changement de \u201cvaleurs\u201d. Il y a une r\u00e9alit\u00e9 mat\u00e9rielle implacable : fonder une famille est devenu un risque social.<\/p>\n\n\n\n<p class=\"wp-block-paragraph\">Un logement adapt\u00e9 ? Hors de prix.<br>Une place en cr\u00e8che ? Incertaine, rare, parfois inaccessible.<br>Une stabilit\u00e9 professionnelle ? De plus en plus fragile.<\/p>\n\n\n\n<p class=\"wp-block-paragraph\">Et face \u00e0 cela, que propose la puissance publique ? Des aides morcel\u00e9es, des dispositifs illisibles, et surtout une hi\u00e9rarchie budg\u00e9taire qui dit tout : la famille passe apr\u00e8s.<\/p>\n\n\n\n<p class=\"wp-block-paragraph\">Apr\u00e8s quoi ? Apr\u00e8s tout.<\/p>\n\n\n\n<p class=\"wp-block-paragraph\">Apr\u00e8s les primes \u00e9nerg\u00e9tiques, apr\u00e8s les plans climatiques, apr\u00e8s les objectifs europ\u00e9ens. La Belgique a fait un choix implicite mais tr\u00e8s clair : investir massivement dans la transition \u00e9cologique, tout en laissant les jeunes m\u00e9nages arbitrer seuls, dans l\u2019angoisse, la question d\u2019avoir des enfants.<\/p>\n\n\n\n<p class=\"wp-block-paragraph\">C\u2019est un choix politique. Et c\u2019est un choix lourd de cons\u00e9quences.<\/p>\n\n\n\n<p class=\"wp-block-paragraph\">Car une soci\u00e9t\u00e9 qui ne se renouvelle plus n\u2019a pas d\u2019avenir \u00e0 \u201cd\u00e9carboner\u201d. Elle organise son propre r\u00e9tr\u00e9cissement, sa d\u00e9pendance, et \u00e0 terme sa dilution. Moins d\u2019enfants aujourd\u2019hui, c\u2019est moins d\u2019actifs demain, moins de cotisations, plus de pression sur les syst\u00e8mes sociaux, et une fragilisation globale de la coh\u00e9sion nationale.<\/p>\n\n\n\n<p class=\"wp-block-paragraph\">On peut repeindre l\u2019\u00e9conomie en vert. On ne compense pas un vide d\u00e9mographique.<\/p>\n\n\n\n<p class=\"wp-block-paragraph\">Certains r\u00e9pondront que l\u2019immigration comblera ce d\u00e9ficit. C\u2019est une illusion confortable. Aucune soci\u00e9t\u00e9 ne peut durablement externaliser sa reproduction sans en payer le prix social, culturel et politique. Le renouvellement d\u00e9mographique ne se d\u00e9cr\u00e8te pas par flux entrants ; il se construit d\u2019abord par la confiance des citoyens dans leur propre avenir.<\/p>\n\n\n\n<p class=\"wp-block-paragraph\">Or cette confiance est bris\u00e9e.<\/p>\n\n\n\n<p class=\"wp-block-paragraph\">Pourquoi un jeune couple prendrait-il le risque d\u2019avoir deux ou trois enfants dans un pays o\u00f9 se loger devient un combat, o\u00f9 faire garder son enfant rel\u00e8ve du parcours d\u2019obstacles, et o\u00f9 chaque arbitrage budg\u00e9taire semble lui rappeler qu\u2019il n\u2019est pas une priorit\u00e9 ?<\/p>\n\n\n\n<p class=\"wp-block-paragraph\">La v\u00e9rit\u00e9, c\u2019est que la Belgique subventionne davantage ses infrastructures que ses naissances.<\/p>\n\n\n\n<p class=\"wp-block-paragraph\">Il est temps d\u2019inverser cette logique.<\/p>\n\n\n\n<p class=\"wp-block-paragraph\">Faire de la famille la premi\u00e8re priorit\u00e9 budg\u00e9taire n\u2019est pas un slogan conservateur : c\u2019est une n\u00e9cessit\u00e9 strat\u00e9gique. Cela implique des choix clairs, assum\u00e9s, et potentiellement conflictuels.<\/p>\n\n\n\n<p class=\"wp-block-paragraph\">Moins de dispersion dans les d\u00e9penses climatiques symboliques, plus d\u2019investissements massifs dans le logement familial.<br>Moins de complexit\u00e9 administrative, plus de places en cr\u00e8che garanties.<br>Moins de discours incantatoires, plus de s\u00e9curit\u00e9 \u00e9conomique pour les jeunes parents.<\/p>\n\n\n\n<p class=\"wp-block-paragraph\">Oui, cela suppose de hi\u00e9rarchiser. Oui, cela suppose de dire que tout ne peut pas \u00eatre prioritaire \u00e0 la fois. Et oui, cela suppose de remettre en question une forme de consensus mou qui place le climat au sommet de tout, sans jamais interroger ce qui fait qu\u2019une soci\u00e9t\u00e9 continue d\u2019exister.<\/p>\n\n\n\n<p class=\"wp-block-paragraph\">Car la question est simple, et elle d\u00e9range : que voulons-nous transmettre, et \u00e0 qui ?<\/p>\n\n\n\n<p class=\"wp-block-paragraph\">Une Belgique parfaitement neutre en carbone, mais vid\u00e9e de ses enfants ? Ou une Belgique vivante, capable de se projeter, de se renouveler, et donc de relever, r\u00e9ellement, les d\u00e9fis \u00e9cologiques de demain ?<\/p>\n\n\n\n<p class=\"wp-block-paragraph\">Le vrai enjeu n\u2019est pas de choisir entre climat et famille. Il est de comprendre que sans famille, il n\u2019y aura bient\u00f4t plus personne pour choisir.<\/p>\n\n\n\n<p class=\"wp-block-paragraph\"><\/p>\n\n\n\n<p class=\"wp-block-paragraph\">Texte inspir\u00e9 par \u00ab\u00a0<a href=\"https:\/\/www.amazon.com.be\/dp\/B0H9LTYCFB\">Le suicide d\u00e9mographique belge<\/a>\u00a0\u00bb et \u00ab\u00a0<a href=\"https:\/\/www.amazon.fr\/dp\/B0HDJG8WBF\">La Belgique en changement de peuple<\/a>\u00ab\u00a0<\/p>\n\n\n\n<p class=\"wp-block-paragraph\"><\/p>\n","protected":false},"excerpt":{"rendered":"<p>La Belgique d\u00e9pense des milliards pour verdir son \u00e9conomie, r\u00e9nover ses b\u00e2timents, \u00e9lectrifier ses mobilit\u00e9s. Chaque ann\u00e9e, la transition \u00e9nerg\u00e9tique s\u2019impose comme l\u2019alpha et l\u2019om\u00e9ga de l\u2019action publique. Mais pendant que l\u2019\u00c9tat subventionne les kilowattheures propres, une autre r\u00e9alit\u00e9, autrement plus fondamentale, s\u2019effondre dans un silence assourdissant : la capacit\u00e9 du pays \u00e0 faire des [&hellip;]<\/p>\n","protected":false},"author":1,"featured_media":0,"comment_status":"open","ping_status":"open","sticky":false,"template":"","format":"standard","meta":{"_monsterinsights_skip_tracking":false,"_uf_show_specific_survey":0,"_uf_disable_surveys":false,"footnotes":""},"categories":[65,31,12],"tags":[],"class_list":["post-3137","post","type-post","status-publish","format-standard","hentry","category-demographie","category-economie","category-finances-publiques"],"_links":{"self":[{"href":"https:\/\/droitemoderniste.be\/index.php\/wp-json\/wp\/v2\/posts\/3137","targetHints":{"allow":["GET"]}}],"collection":[{"href":"https:\/\/droitemoderniste.be\/index.php\/wp-json\/wp\/v2\/posts"}],"about":[{"href":"https:\/\/droitemoderniste.be\/index.php\/wp-json\/wp\/v2\/types\/post"}],"author":[{"embeddable":true,"href":"https:\/\/droitemoderniste.be\/index.php\/wp-json\/wp\/v2\/users\/1"}],"replies":[{"embeddable":true,"href":"https:\/\/droitemoderniste.be\/index.php\/wp-json\/wp\/v2\/comments?post=3137"}],"version-history":[{"count":1,"href":"https:\/\/droitemoderniste.be\/index.php\/wp-json\/wp\/v2\/posts\/3137\/revisions"}],"predecessor-version":[{"id":3139,"href":"https:\/\/droitemoderniste.be\/index.php\/wp-json\/wp\/v2\/posts\/3137\/revisions\/3139"}],"wp:attachment":[{"href":"https:\/\/droitemoderniste.be\/index.php\/wp-json\/wp\/v2\/media?parent=3137"}],"wp:term":[{"taxonomy":"category","embeddable":true,"href":"https:\/\/droitemoderniste.be\/index.php\/wp-json\/wp\/v2\/categories?post=3137"},{"taxonomy":"post_tag","embeddable":true,"href":"https:\/\/droitemoderniste.be\/index.php\/wp-json\/wp\/v2\/tags?post=3137"}],"curies":[{"name":"wp","href":"https:\/\/api.w.org\/{rel}","templated":true}]}}