{"id":3134,"date":"2026-08-17T11:33:09","date_gmt":"2026-08-17T09:33:09","guid":{"rendered":"https:\/\/droitemoderniste.be\/?p=3134"},"modified":"2026-08-17T11:33:09","modified_gmt":"2026-08-17T09:33:09","slug":"remettre-la-famille-au-coeur-du-budget-public-avant-quil-ne-soit-trop-tard","status":"publish","type":"post","link":"https:\/\/droitemoderniste.be\/index.php\/2026\/08\/17\/remettre-la-famille-au-coeur-du-budget-public-avant-quil-ne-soit-trop-tard\/","title":{"rendered":"Remettre la famille au c\u0153ur du budget public, avant qu&rsquo;il ne soit trop tard"},"content":{"rendered":"\n<figure class=\"wp-block-image size-full\"><img loading=\"lazy\" decoding=\"async\" width=\"300\" height=\"168\" src=\"https:\/\/droitemoderniste.be\/wp-content\/uploads\/2026\/08\/famille-belge.jpg\" alt=\"\" class=\"wp-image-3135\"\/><\/figure>\n\n\n\n<p class=\"wp-block-paragraph\">La Belgique s\u2019est fix\u00e9 des priorit\u00e9s ambitieuses pour les d\u00e9cennies \u00e0 venir. Transition \u00e9nerg\u00e9tique, neutralit\u00e9 carbone, investissements verts : ces objectifs occupent d\u00e9sormais le sommet de l\u2019agenda politique et budg\u00e9taire. Mais \u00e0 force de regarder vers l\u2019horizon climatique, notre pays en oublie une r\u00e9alit\u00e9 plus imm\u00e9diate, plus tangible, et surtout plus d\u00e9cisive pour son avenir : sa propre capacit\u00e9 \u00e0 se reproduire, \u00e0 transmettre, \u00e0 se projeter. En un mot : sa d\u00e9mographie.<\/p>\n\n\n\n<p class=\"wp-block-paragraph\">Car un pays qui ne fait plus d\u2019enfants est un pays qui s\u2019efface.<\/p>\n\n\n\n<p class=\"wp-block-paragraph\">Aujourd\u2019hui, la Belgique fait face \u00e0 une \u00e9rosion silencieuse mais profonde de sa natalit\u00e9. Le taux de f\u00e9condit\u00e9 est durablement en dessous du seuil de renouvellement. Derri\u00e8re les statistiques, une r\u00e9alit\u00e9 concr\u00e8te : des jeunes couples qui renoncent, reportent, ou limitent leurs projets familiaux. Non par choix id\u00e9ologique, mais par contrainte \u00e9conomique, par manque de stabilit\u00e9, par absence de perspectives.<\/p>\n\n\n\n<p class=\"wp-block-paragraph\">Le signal est clair : fonder une famille est devenu trop difficile.<\/p>\n\n\n\n<p class=\"wp-block-paragraph\">Le co\u00fbt du logement explose, en particulier pour les familles nombreuses ou les jeunes parents. L\u2019acc\u00e8s \u00e0 la propri\u00e9t\u00e9 recule. Les cr\u00e8ches sont satur\u00e9es, les listes d\u2019attente s\u2019allongent, et les solutions priv\u00e9es restent hors de port\u00e9e pour beaucoup. Les carri\u00e8res sont fragment\u00e9es, incertaines, incompatibles avec les exigences de la petite enfance. Quant aux aides existantes, elles sont souvent complexes, insuffisantes ou mal cibl\u00e9es.<\/p>\n\n\n\n<p class=\"wp-block-paragraph\">Face \u00e0 cela, la r\u00e9ponse publique reste timide, dispers\u00e9e, presque secondaire.<\/p>\n\n\n\n<p class=\"wp-block-paragraph\">Il est temps de changer de paradigme. La politique familiale ne peut plus \u00eatre une variable d\u2019ajustement budg\u00e9taire. Elle doit devenir une priorit\u00e9 structurante, assum\u00e9e, centrale \u2014 au m\u00eame titre que la transition \u00e9nerg\u00e9tique, voire avant elle.<\/p>\n\n\n\n<p class=\"wp-block-paragraph\">Car il n\u2019y aura pas de transition \u00e9cologique sans soci\u00e9t\u00e9 pour la porter.<\/p>\n\n\n\n<p class=\"wp-block-paragraph\">R\u00e9orienter les priorit\u00e9s budg\u00e9taires en faveur des familles ne signifie pas abandonner les objectifs climatiques. Cela signifie reconna\u00eetre une hi\u00e9rarchie des urgences. Avant de transformer notre mod\u00e8le \u00e9nerg\u00e9tique, encore faut-il garantir la p\u00e9rennit\u00e9 humaine, sociale et \u00e9conomique du pays.<\/p>\n\n\n\n<p class=\"wp-block-paragraph\">Concr\u00e8tement, cela suppose des choix clairs.<\/p>\n\n\n\n<p class=\"wp-block-paragraph\">D\u2019abord, faire du logement familial une priorit\u00e9 nationale. Cela implique d\u2019augmenter massivement l\u2019offre de logements accessibles aux familles, de soutenir l\u2019accession \u00e0 la propri\u00e9t\u00e9 pour les jeunes m\u00e9nages, et de repenser l\u2019urbanisme pour favoriser des environnements adapt\u00e9s \u00e0 la vie familiale.<\/p>\n\n\n\n<p class=\"wp-block-paragraph\">Ensuite, investir de mani\u00e8re d\u00e9cisive dans la petite enfance. Chaque enfant devrait pouvoir b\u00e9n\u00e9ficier d\u2019une place en cr\u00e8che accessible, de qualit\u00e9, sans que cela devienne un casse-t\u00eate logistique ou financier. C\u2019est un levier direct pour la natalit\u00e9, mais aussi pour l\u2019emploi, notamment des femmes.<\/p>\n\n\n\n<p class=\"wp-block-paragraph\">Enfin, simplifier et renforcer les politiques de soutien aux familles. Allocations, fiscalit\u00e9, cong\u00e9s parentaux : l\u2019ensemble doit \u00eatre coh\u00e9rent, lisible et r\u00e9ellement incitatif. Il ne s\u2019agit pas d\u2019assistanat, mais d\u2019un investissement strat\u00e9gique dans l\u2019avenir du pays.<\/p>\n\n\n\n<p class=\"wp-block-paragraph\">Car chaque naissance est un capital humain, social et \u00e9conomique.<\/p>\n\n\n\n<p class=\"wp-block-paragraph\">Certains objecteront que les contraintes budg\u00e9taires ne permettent pas de tels arbitrages. Mais c\u2019est pr\u00e9cis\u00e9ment l\u2019inverse : ne pas investir dans la natalit\u00e9 et la famille co\u00fbtera infiniment plus cher \u00e0 long terme. Vieillissement acc\u00e9l\u00e9r\u00e9, pression sur les syst\u00e8mes sociaux, p\u00e9nurie de main-d\u2019\u0153uvre, fragmentation sociale accrue.<\/p>\n\n\n\n<p class=\"wp-block-paragraph\">La transition \u00e9nerg\u00e9tique est une n\u00e9cessit\u00e9. Mais elle ne doit pas devenir un \u00e9cran qui masque l\u2019essentiel.<\/p>\n\n\n\n<p class=\"wp-block-paragraph\">Une nation qui ne se renouvelle plus ne se transforme pas : elle d\u00e9cline.<\/p>\n\n\n\n<p class=\"wp-block-paragraph\">La Belgique a encore le choix. Celui de continuer \u00e0 traiter la famille comme un sujet secondaire, ou celui de la replacer au c\u0153ur de son projet collectif. Ce choix n\u2019est pas seulement budg\u00e9taire. Il est civilisationnel.<\/p>\n\n\n\n<p class=\"wp-block-paragraph\"><\/p>\n\n\n\n<p class=\"wp-block-paragraph\">Id\u00e9es d\u00e9velopp\u00e9es dans \u00ab\u00a0<a href=\"https:\/\/www.amazon.com.be\/dp\/B0H9LTYCFB\">Le suicide d\u00e9mographique belge<\/a>\u00a0\u00bb et \u00ab\u00a0<a href=\"https:\/\/www.amazon.fr\/dp\/B0HDJG8WBF\">La Belgique en changement de peuple<\/a>\u00ab\u00a0<\/p>\n\n\n\n<p class=\"wp-block-paragraph\"><\/p>\n","protected":false},"excerpt":{"rendered":"<p>La Belgique s\u2019est fix\u00e9 des priorit\u00e9s ambitieuses pour les d\u00e9cennies \u00e0 venir. Transition \u00e9nerg\u00e9tique, neutralit\u00e9 carbone, investissements verts : ces objectifs occupent d\u00e9sormais le sommet de l\u2019agenda politique et budg\u00e9taire. Mais \u00e0 force de regarder vers l\u2019horizon climatique, notre pays en oublie une r\u00e9alit\u00e9 plus imm\u00e9diate, plus tangible, et surtout plus d\u00e9cisive pour son avenir [&hellip;]<\/p>\n","protected":false},"author":1,"featured_media":0,"comment_status":"open","ping_status":"open","sticky":false,"template":"","format":"standard","meta":{"_monsterinsights_skip_tracking":false,"_uf_show_specific_survey":0,"_uf_disable_surveys":false,"footnotes":""},"categories":[65,61],"tags":[],"class_list":["post-3134","post","type-post","status-publish","format-standard","hentry","category-demographie","category-politique-familiale-et-nataliste"],"_links":{"self":[{"href":"https:\/\/droitemoderniste.be\/index.php\/wp-json\/wp\/v2\/posts\/3134","targetHints":{"allow":["GET"]}}],"collection":[{"href":"https:\/\/droitemoderniste.be\/index.php\/wp-json\/wp\/v2\/posts"}],"about":[{"href":"https:\/\/droitemoderniste.be\/index.php\/wp-json\/wp\/v2\/types\/post"}],"author":[{"embeddable":true,"href":"https:\/\/droitemoderniste.be\/index.php\/wp-json\/wp\/v2\/users\/1"}],"replies":[{"embeddable":true,"href":"https:\/\/droitemoderniste.be\/index.php\/wp-json\/wp\/v2\/comments?post=3134"}],"version-history":[{"count":1,"href":"https:\/\/droitemoderniste.be\/index.php\/wp-json\/wp\/v2\/posts\/3134\/revisions"}],"predecessor-version":[{"id":3136,"href":"https:\/\/droitemoderniste.be\/index.php\/wp-json\/wp\/v2\/posts\/3134\/revisions\/3136"}],"wp:attachment":[{"href":"https:\/\/droitemoderniste.be\/index.php\/wp-json\/wp\/v2\/media?parent=3134"}],"wp:term":[{"taxonomy":"category","embeddable":true,"href":"https:\/\/droitemoderniste.be\/index.php\/wp-json\/wp\/v2\/categories?post=3134"},{"taxonomy":"post_tag","embeddable":true,"href":"https:\/\/droitemoderniste.be\/index.php\/wp-json\/wp\/v2\/tags?post=3134"}],"curies":[{"name":"wp","href":"https:\/\/api.w.org\/{rel}","templated":true}]}}