{"id":3130,"date":"2026-08-16T12:39:05","date_gmt":"2026-08-16T10:39:05","guid":{"rendered":"https:\/\/droitemoderniste.be\/?p=3130"},"modified":"2026-08-16T12:39:05","modified_gmt":"2026-08-16T10:39:05","slug":"natalite-changement-de-paradigme","status":"publish","type":"post","link":"https:\/\/droitemoderniste.be\/index.php\/2026\/08\/16\/natalite-changement-de-paradigme\/","title":{"rendered":"Natalit\u00e9\u00a0: changement de paradigme"},"content":{"rendered":"\n<figure class=\"wp-block-image size-full\"><img loading=\"lazy\" decoding=\"async\" width=\"399\" height=\"126\" src=\"https:\/\/droitemoderniste.be\/wp-content\/uploads\/2026\/08\/famille-belge2.jpg\" alt=\"\" class=\"wp-image-3131\" srcset=\"https:\/\/droitemoderniste.be\/wp-content\/uploads\/2026\/08\/famille-belge2.jpg 399w, https:\/\/droitemoderniste.be\/wp-content\/uploads\/2026\/08\/famille-belge2-300x95.jpg 300w\" sizes=\"auto, (max-width: 399px) 100vw, 399px\" \/><\/figure>\n\n\n\n<p class=\"wp-block-paragraph\">La Belgique persiste \u00e0 traiter la natalit\u00e9 comme une affaire priv\u00e9e, presque intime, relevant du seul choix des individus. Cette position n\u2019est plus seulement na\u00efve : elle est politiquement irresponsable. Dans un pays confront\u00e9 \u00e0 un vieillissement rapide, \u00e0 une fragilisation de son mod\u00e8le social et \u00e0 une transformation d\u00e9mographique profonde, continuer \u00e0 rel\u00e9guer la question des naissances \u00e0 la sph\u00e8re priv\u00e9e revient \u00e0 organiser notre propre impuissance.<\/p>\n\n\n\n<p class=\"wp-block-paragraph\">Car enfin, de quoi parle-t-on ? D\u2019un pays qui ne se renouvelle plus suffisamment par lui-m\u00eame, qui voit son \u00e9quilibre g\u00e9n\u00e9rationnel se d\u00e9grader et qui compense, de fait, par des dynamiques qu\u2019il ne ma\u00eetrise que partiellement. On peut tourner autour des mots, invoquer des principes abstraits, multiplier les pr\u00e9cautions oratoires : une nation qui ne fait plus d\u2019enfants en nombre suffisant devient d\u00e9pendante. D\u00e9pendante \u00e9conomiquement, socialement, culturellement. D\u00e9pendante, au fond, de forces ext\u00e9rieures pour continuer \u00e0 exister.<\/p>\n\n\n\n<p class=\"wp-block-paragraph\">Le plus frappant est le d\u00e9calage entre ce constat et le discours dominant. En mati\u00e8re d\u2019\u00e9nergie, on parle de souverainet\u00e9. En mati\u00e8re de d\u00e9fense, on parle de souverainet\u00e9. Mais d\u00e8s qu\u2019il s\u2019agit de d\u00e9mographie, toute r\u00e9flexion strat\u00e9gique dispara\u00eet. Comme si la reproduction d\u2019un peuple n\u2019\u00e9tait pas, elle aussi, une question de puissance et de continuit\u00e9. Comme si un pays pouvait durablement externaliser ce qui constitue sa base la plus \u00e9l\u00e9mentaire : sa propre reproduction.<\/p>\n\n\n\n<p class=\"wp-block-paragraph\">Ce d\u00e9ni a des cons\u00e9quences tr\u00e8s concr\u00e8tes. Il conduit \u00e0 des politiques familiales faibles, dispers\u00e9es, souvent symboliques. Il conduit surtout \u00e0 ignorer une r\u00e9alit\u00e9 simple : aujourd\u2019hui, en Belgique, faire des enfants est devenu un parcours d\u2019obstacles. Co\u00fbt du logement, pr\u00e9carit\u00e9 des d\u00e9buts de carri\u00e8re, fiscalit\u00e9 peu lisible, manque de solutions de garde, pression sur le temps de vie \u2014 tout concourt \u00e0 d\u00e9courager ou retarder les projets familiaux. Et pendant ce temps, le politique se contente de commentaires impuissants.<\/p>\n\n\n\n<p class=\"wp-block-paragraph\">Il faut le dire clairement : favoriser la natalit\u00e9 n\u2019est pas une intrusion dans la vie priv\u00e9e, c\u2019est une politique de survie collective. Il ne s\u2019agit pas d\u2019imposer, mais de permettre. Permettre \u00e0 ceux qui veulent des enfants de pouvoir en avoir, dans des conditions dignes et stables. Aujourd\u2019hui, ce n\u2019est plus le cas. Et ce renoncement silencieux a un co\u00fbt immense, que l\u2019on refuse encore de regarder en face.<\/p>\n\n\n\n<p class=\"wp-block-paragraph\">Il faut \u00e9galement mettre fin \u00e0 une confusion entretenue par confort id\u00e9ologique : la natalit\u00e9 et l\u2019immigration ne sont pas des variables substituables. L\u2019une rel\u00e8ve de la continuit\u00e9 interne d\u2019un peuple, l\u2019autre de d\u00e9cisions politiques qui doivent \u00eatre ma\u00eetris\u00e9es, \u00e9valu\u00e9es et conditionn\u00e9es. Faire comme si l\u2019une pouvait compenser l\u2019autre, c\u2019est renoncer \u00e0 toute vision de long terme. C\u2019est accepter que la structure m\u00eame du pays \u00e9volue sans v\u00e9ritable pilotage.<\/p>\n\n\n\n<p class=\"wp-block-paragraph\">Le v\u00e9ritable scandale est l\u00e0 : la Belgique parle de tout, sauf de l\u2019essentiel. Elle discute des effets, mais refuse de traiter les causes. Elle g\u00e8re les cons\u00e9quences d\u00e9mographiques sans jamais assumer une politique d\u00e9mographique. Elle administre un territoire, mais peine de plus en plus \u00e0 se penser comme une nation qui dure.<\/p>\n\n\n\n<p class=\"wp-block-paragraph\">Il est temps de rompre avec cette illusion. La natalit\u00e9 n\u2019est plus une affaire priv\u00e9e. Elle est une question de souverainet\u00e9, au m\u00eame titre que l\u2019\u00e9nergie ou la d\u00e9fense. Un pays qui ne se donne pas les moyens de sa continuit\u00e9 d\u00e9mographique choisit, en r\u00e9alit\u00e9, de ne plus ma\u00eetriser son avenir. Et un pays qui renonce \u00e0 cela renonce, t\u00f4t ou tard, \u00e0 lui-m\u00eame.<\/p>\n\n\n\n<p class=\"wp-block-paragraph\"><\/p>\n\n\n\n<p class=\"wp-block-paragraph\">Th\u00e9matique d\u00e9velopp\u00e9e dans :<\/p>\n\n\n\n<ul class=\"wp-block-list\">\n<li>\u00ab\u00a0<a href=\"https:\/\/www.amazon.com.be\/dp\/B0H9LTYCFB\">Le suicide d\u00e9mographique belge<\/a>\u00ab\u00a0<\/li>\n\n\n\n<li>\u00ab\u00a0<a href=\"https:\/\/www.amazon.fr\/dp\/B0HDJG8WBF\">La Belgique en changement de peuple<\/a>\u00ab\u00a0<\/li>\n<\/ul>\n","protected":false},"excerpt":{"rendered":"<p>La Belgique persiste \u00e0 traiter la natalit\u00e9 comme une affaire priv\u00e9e, presque intime, relevant du seul choix des individus. Cette position n\u2019est plus seulement na\u00efve : elle est politiquement irresponsable. Dans un pays confront\u00e9 \u00e0 un vieillissement rapide, \u00e0 une fragilisation de son mod\u00e8le social et \u00e0 une transformation d\u00e9mographique profonde, continuer \u00e0 rel\u00e9guer la [&hellip;]<\/p>\n","protected":false},"author":1,"featured_media":0,"comment_status":"open","ping_status":"open","sticky":false,"template":"","format":"standard","meta":{"_monsterinsights_skip_tracking":false,"_uf_show_specific_survey":0,"_uf_disable_surveys":false,"footnotes":""},"categories":[65,61],"tags":[],"class_list":["post-3130","post","type-post","status-publish","format-standard","hentry","category-demographie","category-politique-familiale-et-nataliste"],"_links":{"self":[{"href":"https:\/\/droitemoderniste.be\/index.php\/wp-json\/wp\/v2\/posts\/3130","targetHints":{"allow":["GET"]}}],"collection":[{"href":"https:\/\/droitemoderniste.be\/index.php\/wp-json\/wp\/v2\/posts"}],"about":[{"href":"https:\/\/droitemoderniste.be\/index.php\/wp-json\/wp\/v2\/types\/post"}],"author":[{"embeddable":true,"href":"https:\/\/droitemoderniste.be\/index.php\/wp-json\/wp\/v2\/users\/1"}],"replies":[{"embeddable":true,"href":"https:\/\/droitemoderniste.be\/index.php\/wp-json\/wp\/v2\/comments?post=3130"}],"version-history":[{"count":1,"href":"https:\/\/droitemoderniste.be\/index.php\/wp-json\/wp\/v2\/posts\/3130\/revisions"}],"predecessor-version":[{"id":3132,"href":"https:\/\/droitemoderniste.be\/index.php\/wp-json\/wp\/v2\/posts\/3130\/revisions\/3132"}],"wp:attachment":[{"href":"https:\/\/droitemoderniste.be\/index.php\/wp-json\/wp\/v2\/media?parent=3130"}],"wp:term":[{"taxonomy":"category","embeddable":true,"href":"https:\/\/droitemoderniste.be\/index.php\/wp-json\/wp\/v2\/categories?post=3130"},{"taxonomy":"post_tag","embeddable":true,"href":"https:\/\/droitemoderniste.be\/index.php\/wp-json\/wp\/v2\/tags?post=3130"}],"curies":[{"name":"wp","href":"https:\/\/api.w.org\/{rel}","templated":true}]}}