{"id":3119,"date":"2026-08-13T10:16:52","date_gmt":"2026-08-13T08:16:52","guid":{"rendered":"https:\/\/droitemoderniste.be\/?p=3119"},"modified":"2026-08-13T10:16:52","modified_gmt":"2026-08-13T08:16:52","slug":"il-faut-ouvrir-le-debat-sur-lidentite-belge","status":"publish","type":"post","link":"https:\/\/droitemoderniste.be\/index.php\/2026\/08\/13\/il-faut-ouvrir-le-debat-sur-lidentite-belge\/","title":{"rendered":"Il faut ouvrir le d\u00e9bat sur l\u2019identit\u00e9 belge"},"content":{"rendered":"\n<figure class=\"wp-block-image size-full\"><img loading=\"lazy\" decoding=\"async\" width=\"182\" height=\"278\" src=\"https:\/\/droitemoderniste.be\/wp-content\/uploads\/2026\/08\/identite-belge1.jpg\" alt=\"\" class=\"wp-image-3120\"\/><\/figure>\n\n\n\n<p class=\"wp-block-paragraph\">L\u2019identit\u00e9 belge n\u2019a jamais \u00e9t\u00e9 une donn\u00e9e fig\u00e9e. Elle n\u2019est ni un h\u00e9ritage immuable, ni un bloc homog\u00e8ne transmis intact de g\u00e9n\u00e9ration en g\u00e9n\u00e9ration. Elle est, par nature, le produit d\u2019un \u00e9quilibre instable, d\u2019une construction politique et sociale en perp\u00e9tuelle recomposition. Mais ce qui relevait autrefois d\u2019ajustements progressifs s\u2019apparente aujourd\u2019hui \u00e0 une v\u00e9ritable mutation : notre identit\u00e9 belge a chang\u00e9 de nature, parce que le corps social qui la portait a lui-m\u00eame profond\u00e9ment \u00e9volu\u00e9.<\/p>\n\n\n\n<p class=\"wp-block-paragraph\">Pendant des d\u00e9cennies, la Belgique a tenu sur une forme de compromis implicite. Malgr\u00e9 ses divisions linguistiques, philosophiques et sociales, elle reposait sur un socle commun minimal : des r\u00e9f\u00e9rences culturelles largement partag\u00e9es, des normes sociales relativement convergentes, et une certaine id\u00e9e de l\u2019int\u00e9r\u00eat g\u00e9n\u00e9ral. L\u2019identit\u00e9 belge n\u2019\u00e9tait pas spectaculaire, mais elle existait comme cadre discret, presque \u00e9vident, permettant \u00e0 des diff\u00e9rences r\u00e9elles de coexister sans faire imploser l\u2019ensemble.<\/p>\n\n\n\n<p class=\"wp-block-paragraph\">Ce cadre s\u2019est progressivement fissur\u00e9. Non pas sous l\u2019effet d\u2019un seul facteur, mais d\u2019une convergence de transformations profondes. Les mutations d\u00e9mographiques ont redessin\u00e9 la composition m\u00eame de la population. Les flux migratoires, en s\u2019inscrivant dans la dur\u00e9e, ont introduit de nouveaux r\u00e9f\u00e9rentiels culturels, religieux et sociaux, parfois compatibles, parfois en tension avec les normes existantes. Parall\u00e8lement, les anciennes structures d\u2019encadrement \u2014 piliers, syndicats, partis de masse \u2014 ont perdu leur capacit\u00e9 \u00e0 int\u00e9grer et \u00e0 homog\u00e9n\u00e9iser ces diff\u00e9rences.<\/p>\n\n\n\n<p class=\"wp-block-paragraph\">Le r\u00e9sultat n\u2019est pas simplement une diversit\u00e9 accrue, mais une recomposition du paysage identitaire. L\u2019identit\u00e9 belge ne se d\u00e9cline plus comme un cadre commun auquel viennent s\u2019agr\u00e9ger des singularit\u00e9s ; elle tend \u00e0 devenir la somme instable de ces singularit\u00e9s elles-m\u00eames. Autrement dit, ce qui \u00e9tait autrefois structurant devient aujourd\u2019hui p\u00e9riph\u00e9rique, et ce qui relevait de la marge tend \u00e0 red\u00e9finir le centre.<\/p>\n\n\n\n<p class=\"wp-block-paragraph\">\u00c0 cela s\u2019ajoute un ph\u00e9nom\u00e8ne plus insidieux : la transformation du rapport m\u00eame \u00e0 l\u2019identit\u00e9. Dans une soci\u00e9t\u00e9 marqu\u00e9e par l\u2019individualisation et la mondialisation, l\u2019appartenance n\u2019est plus v\u00e9cue comme une \u00e9vidence, mais comme un choix \u2014 r\u00e9versible, modulable, parfois instrumentalis\u00e9. On n\u2019\u00ab est \u00bb plus belge au sens plein du terme ; on l\u2019est parmi d\u2019autres appartenances, souvent mises en concurrence, parfois rel\u00e9gu\u00e9es au second plan. L\u2019identit\u00e9 nationale cesse d\u2019\u00eatre un horizon structurant pour devenir une option parmi d\u2019autres.<\/p>\n\n\n\n<p class=\"wp-block-paragraph\">Ce glissement n\u2019est pas sans cons\u00e9quences politiques. Car une identit\u00e9 qui se fragmente est aussi une capacit\u00e9 collective qui s\u2019affaiblit. Faire soci\u00e9t\u00e9 suppose un minimum de reconnaissance mutuelle, un langage commun, des r\u00e9f\u00e9rences partag\u00e9es. Or, lorsque ces \u00e9l\u00e9ments s\u2019\u00e9rodent, le lien civique lui-m\u00eame se distend. La solidarit\u00e9 devient plus conditionnelle, la confiance plus fragile, et le sentiment d\u2019appartenance plus incertain.<\/p>\n\n\n\n<p class=\"wp-block-paragraph\">Dans ce contexte, continuer \u00e0 parler d\u2019\u00ab identit\u00e9 belge \u00bb comme si elle allait de soi rel\u00e8ve de l\u2019approximation, sinon du d\u00e9ni. Il ne s\u2019agit pas de dire qu\u2019elle a disparu, mais qu\u2019elle s\u2019est transform\u00e9e au point de devenir m\u00e9connaissable pour ceux qui la pensaient acquise. Elle n\u2019est plus ce cadre discret mais op\u00e9rant ; elle est devenue un objet de d\u00e9bat, de contestation, voire de conflit.<\/p>\n\n\n\n<p class=\"wp-block-paragraph\">Refuser de voir cette mutation, c\u2019est se condamner \u00e0 l\u2019impuissance. Car on ne gouverne pas durablement un pays dont on ne comprend plus la r\u00e9alit\u00e9 sociologique. La question n\u2019est pas de savoir s\u2019il faut \u00ab pr\u00e9server \u00bb une identit\u00e9 fig\u00e9e \u2014 ce qui n\u2019a jamais exist\u00e9 \u2014 mais de d\u00e9terminer ce qui peut encore faire lien dans une soci\u00e9t\u00e9 profond\u00e9ment recompos\u00e9e.<\/p>\n\n\n\n<p class=\"wp-block-paragraph\">En ce sens, le d\u00e9bat sur l\u2019identit\u00e9 belge n\u2019est pas un luxe intellectuel ni un th\u00e8me p\u00e9riph\u00e9rique : il est au c\u0153ur de la capacit\u00e9 du pays \u00e0 se projeter dans l\u2019avenir. Tant que cette question restera \u00e9lud\u00e9e, l\u2019identit\u00e9 continuera de se transformer sans cadre, au gr\u00e9 des dynamiques sociales, \u00e9conomiques et culturelles. Et avec elle, c\u2019est la coh\u00e9rence m\u00eame du projet collectif belge qui restera en suspens.<\/p>\n\n\n\n<p class=\"wp-block-paragraph\"><\/p>\n\n\n\n<p class=\"wp-block-paragraph\"><\/p>\n\n\n\n<p class=\"wp-block-paragraph\">Id\u00e9e inspir\u00e9e par les livres \u00ab\u00a0<a href=\"https:\/\/www.amazon.com.be\/dp\/B0H9LTYCFB\">Le suicide d\u00e9mographique belge<\/a>\u00a0\u00bb et \u00ab\u00a0<a href=\"https:\/\/www.amazon.fr\/dp\/B0HDJG8WBF\">La Belgique en changement de peuple<\/a>\u00ab\u00a0, 2026, disponibles via Amazon Books.<\/p>\n\n\n\n<p class=\"wp-block-paragraph\"><\/p>\n","protected":false},"excerpt":{"rendered":"<p>L\u2019identit\u00e9 belge n\u2019a jamais \u00e9t\u00e9 une donn\u00e9e fig\u00e9e. Elle n\u2019est ni un h\u00e9ritage immuable, ni un bloc homog\u00e8ne transmis intact de g\u00e9n\u00e9ration en g\u00e9n\u00e9ration. Elle est, par nature, le produit d\u2019un \u00e9quilibre instable, d\u2019une construction politique et sociale en perp\u00e9tuelle recomposition. Mais ce qui relevait autrefois d\u2019ajustements progressifs s\u2019apparente aujourd\u2019hui \u00e0 une v\u00e9ritable mutation : [&hellip;]<\/p>\n","protected":false},"author":1,"featured_media":0,"comment_status":"open","ping_status":"open","sticky":false,"template":"","format":"standard","meta":{"_monsterinsights_skip_tracking":false,"_uf_show_specific_survey":0,"_uf_disable_surveys":false,"footnotes":""},"categories":[33,65,59],"tags":[],"class_list":["post-3119","post","type-post","status-publish","format-standard","hentry","category-belgitude","category-demographie","category-peuple"],"_links":{"self":[{"href":"https:\/\/droitemoderniste.be\/index.php\/wp-json\/wp\/v2\/posts\/3119","targetHints":{"allow":["GET"]}}],"collection":[{"href":"https:\/\/droitemoderniste.be\/index.php\/wp-json\/wp\/v2\/posts"}],"about":[{"href":"https:\/\/droitemoderniste.be\/index.php\/wp-json\/wp\/v2\/types\/post"}],"author":[{"embeddable":true,"href":"https:\/\/droitemoderniste.be\/index.php\/wp-json\/wp\/v2\/users\/1"}],"replies":[{"embeddable":true,"href":"https:\/\/droitemoderniste.be\/index.php\/wp-json\/wp\/v2\/comments?post=3119"}],"version-history":[{"count":1,"href":"https:\/\/droitemoderniste.be\/index.php\/wp-json\/wp\/v2\/posts\/3119\/revisions"}],"predecessor-version":[{"id":3121,"href":"https:\/\/droitemoderniste.be\/index.php\/wp-json\/wp\/v2\/posts\/3119\/revisions\/3121"}],"wp:attachment":[{"href":"https:\/\/droitemoderniste.be\/index.php\/wp-json\/wp\/v2\/media?parent=3119"}],"wp:term":[{"taxonomy":"category","embeddable":true,"href":"https:\/\/droitemoderniste.be\/index.php\/wp-json\/wp\/v2\/categories?post=3119"},{"taxonomy":"post_tag","embeddable":true,"href":"https:\/\/droitemoderniste.be\/index.php\/wp-json\/wp\/v2\/tags?post=3119"}],"curies":[{"name":"wp","href":"https:\/\/api.w.org\/{rel}","templated":true}]}}