{"id":3116,"date":"2026-08-11T11:31:06","date_gmt":"2026-08-11T09:31:06","guid":{"rendered":"https:\/\/droitemoderniste.be\/?p=3116"},"modified":"2026-08-11T11:31:06","modified_gmt":"2026-08-11T09:31:06","slug":"reduire-la-dependance-de-la-belgique-aux-cotisations-des-travailleurs-actifs","status":"publish","type":"post","link":"https:\/\/droitemoderniste.be\/index.php\/2026\/08\/11\/reduire-la-dependance-de-la-belgique-aux-cotisations-des-travailleurs-actifs\/","title":{"rendered":"R\u00e9duire la d\u00e9pendance de la Belgique aux cotisations des travailleurs actifs"},"content":{"rendered":"\n<figure class=\"wp-block-image size-full\"><img loading=\"lazy\" decoding=\"async\" width=\"275\" height=\"183\" src=\"https:\/\/droitemoderniste.be\/wp-content\/uploads\/2026\/08\/accompagnants-startups1.jpg\" alt=\"\" class=\"wp-image-3117\"\/><\/figure>\n\n\n\n<p class=\"wp-block-paragraph\">L\u2019objectif est de faire \u00e9voluer le financement des pensions et de la protection sociale belge vers un mod\u00e8le moins d\u00e9pendant de la masse salariale. En Belgique, la s\u00e9curit\u00e9 sociale est d\u00e9j\u00e0 financ\u00e9e par un m\u00e9lange de cotisations, de dotations publiques et de financement alternatif, notamment via la TVA et d\u2019autres recettes fiscales. Le cadre institutionnel existe donc d\u00e9j\u00e0; la question est son ampleur et sa composition.\u00a0<\/p>\n\n\n\n<p class=\"wp-block-paragraph\">Le syst\u00e8me belge repose encore principalement sur les cotisations sociales des salari\u00e9s, des employeurs et des ind\u00e9pendants, m\u00eame si l\u2019\u00c9tat f\u00e9d\u00e9ral intervient aussi via des transferts budg\u00e9taires et un financement alternatif. Le SPF S\u00e9curit\u00e9 sociale pr\u00e9cise que le financement alternatif vise explicitement \u00e0 limiter la pression sur le travail, en mobilisant d\u2019autres recettes fiscales comme une part de TVA, des accises, et, dans certains cas, l\u2019imp\u00f4t des personnes physiques et des soci\u00e9t\u00e9s. Cela signifie qu\u2019une r\u00e9forme cr\u00e9dible doit surtout d\u00e9placer le poids marginal du financement, plut\u00f4t que pr\u00e9tendre tout reconstruire.\u00a0<\/p>\n\n\n\n<p class=\"wp-block-paragraph\">La d\u00e9pendance excessive aux cotisations a trois effets n\u00e9gatifs: elle rench\u00e9rit le travail, elle fragilise le financement quand l\u2019emploi stagne, et elle rend la protection sociale trop sensible \u00e0 la d\u00e9mographie. Le financement alternatif belge existe d\u00e9j\u00e0 pr\u00e9cis\u00e9ment pour corriger ce biais. La bonne strat\u00e9gie consiste donc \u00e0 \u00e9largir cette base et \u00e0 en stabiliser les recettes sur des assiettes moins \u00e9troites que le seul salaire.&nbsp;<\/p>\n\n\n\n<p class=\"wp-block-paragraph\">Une architecture plus robuste pourrait combiner quatre sources principales.<\/p>\n\n\n\n<ul class=\"wp-block-list\">\n<li><strong>Cotisations sociales<\/strong>: conserv\u00e9es, mais all\u00e9g\u00e9es progressivement sur les bas et moyens salaires.<\/li>\n\n\n\n<li><strong>Financement budg\u00e9taire f\u00e9d\u00e9ral<\/strong>: utilis\u00e9 comme stabilisateur automatique des r\u00e9gimes sociaux.<\/li>\n\n\n\n<li><strong>TVA affect\u00e9e<\/strong>: part plus importante de la consommation vers la protection sociale.<\/li>\n\n\n\n<li><strong>Contributions sur le capital et les profits<\/strong>: pour faire participer davantage les revenus non salariaux.\u00a0<\/li>\n<\/ul>\n\n\n\n<p class=\"wp-block-paragraph\">Cette logique correspond \u00e0 ce que le SPF S\u00e9curit\u00e9 sociale d\u00e9crit d\u00e9j\u00e0 comme financement alternatif, mais en le renfor\u00e7ant de mani\u00e8re plus structurelle.&nbsp;<\/p>\n\n\n\n<h6 class=\"wp-block-heading\">Sc\u00e9nario 1: ajustement prudent<\/h6>\n\n\n\n<p class=\"wp-block-paragraph\">Dans ce sc\u00e9nario, la Belgique ne change pas la structure du syst\u00e8me, mais augmente l\u00e9g\u00e8rement la part du financement alternatif. L\u2019objectif est de r\u00e9duire la sensibilit\u00e9 des recettes aux fluctuations de l\u2019emploi tout en gardant les cotisations comme source principale. Ce sc\u00e9nario est politiquement le plus facile, mais il ne corrige qu\u2019en partie la d\u00e9pendance au travail.\u00a0<\/p>\n\n\n\n<h6 class=\"wp-block-heading\">Sc\u00e9nario 2: r\u00e9\u00e9quilibrage interm\u00e9diaire<\/h6>\n\n\n\n<p class=\"wp-block-paragraph\">Ici, une part plus importante du financement des pensions et des soins de sant\u00e9 est transf\u00e9r\u00e9e vers la fiscalit\u00e9 g\u00e9n\u00e9rale. Les recettes de TVA et certains imp\u00f4ts indirects jouent un r\u00f4le plus important, tandis que les cotisations patronales diminuent sur les emplois peu qualifi\u00e9s. Ce sc\u00e9nario r\u00e9duit le co\u00fbt du travail plus nettement et r\u00e9pond mieux au vieillissement.&nbsp;<\/p>\n\n\n\n<h6 class=\"wp-block-heading\">Sc\u00e9nario 3: refonte structurelle<\/h6>\n\n\n\n<p class=\"wp-block-paragraph\">Dans ce sc\u00e9nario, les pensions de base et une partie de la protection sociale sont davantage financ\u00e9es par l\u2019imp\u00f4t g\u00e9n\u00e9ral, les recettes sur le capital, et des affectations fiscales stables. Les cotisations deviennent un financement partiel du syst\u00e8me, non plus son pilier unique. C\u2019est le mod\u00e8le le plus coh\u00e9rent \u00e0 long terme, mais aussi le plus conflictuel politiquement.&nbsp;<\/p>\n\n\n\n<p class=\"wp-block-paragraph\">Le SPF S\u00e9curit\u00e9 sociale souligne que le financement alternatif a justement \u00e9t\u00e9 d\u00e9velopp\u00e9 depuis la fin du XXe si\u00e8cle parce que les cotisations patronales avaient \u00e9t\u00e9 fortement r\u00e9duites. Autrement dit, le syst\u00e8me belge a d\u00e9j\u00e0 entam\u00e9 sa mutation. La question est maintenant de savoir si l\u2019on veut un simple compl\u00e9ment de recettes, ou une vraie recomposition du financement social.\u00a0<\/p>\n\n\n\n<h6 class=\"wp-block-heading\">Proposition op\u00e9rationnelle<\/h6>\n\n\n\n<p class=\"wp-block-paragraph\">Une r\u00e9forme cr\u00e9dible pourrait suivre cinq \u00e9tapes:<\/p>\n\n\n\n<ol class=\"wp-block-list\">\n<li>Fixer un objectif pluriannuel de baisse de la part des cotisations dans le financement total.<\/li>\n\n\n\n<li>Affecter une fraction plus lisible de la TVA \u00e0 la s\u00e9curit\u00e9 sociale.<\/li>\n\n\n\n<li>Renforcer la contribution des revenus du capital et des b\u00e9n\u00e9fices.<\/li>\n\n\n\n<li>R\u00e9duire les cotisations sur les bas salaires pour soutenir l\u2019emploi.<\/li>\n\n\n\n<li>Cr\u00e9er un m\u00e9canisme automatique d\u2019ajustement budg\u00e9taire entre croissance, emploi et financement social<\/li>\n<\/ol>\n\n\n\n<p class=\"wp-block-paragraph\">La Belgique n\u2019a pas besoin d\u2019un syst\u00e8me enti\u00e8rement nouveau; elle a besoin d\u2019un syst\u00e8me moins d\u00e9pendant de l\u2019emploi salari\u00e9. Les textes officiels montrent d\u00e9j\u00e0 que le financement alternatif est un pilier reconnu du mod\u00e8le belge. La vraie r\u00e9forme consiste \u00e0 transformer ce pilier en base structurante, afin que le financement des retraites et de la protection sociale repose davantage sur la richesse globale que sur les seules fiches de paie.\u00a0\u00a0<\/p>\n\n\n\n<p class=\"wp-block-paragraph\"><\/p>\n\n\n\n<p class=\"wp-block-paragraph\">Sources : \u00ab\u00a0<a href=\"https:\/\/www.amazon.com.be\/dp\/B0H9LTYCFB\">Le suicide d\u00e9mographique belge<\/a>\u00a0\u00bb et \u00ab\u00a0<a href=\"https:\/\/www.amazon.fr\/dp\/B0HDJG8WBF\">La Belgique en changement de peuple<\/a>\u00ab\u00a0, 2026, disponibles via Amazon Books.<\/p>\n\n\n\n<p class=\"wp-block-paragraph\"><\/p>\n","protected":false},"excerpt":{"rendered":"<p>L\u2019objectif est de faire \u00e9voluer le financement des pensions et de la protection sociale belge vers un mod\u00e8le moins d\u00e9pendant de la masse salariale. En Belgique, la s\u00e9curit\u00e9 sociale est d\u00e9j\u00e0 financ\u00e9e par un m\u00e9lange de cotisations, de dotations publiques et de financement alternatif, notamment via la TVA et d\u2019autres recettes fiscales. Le cadre institutionnel [&hellip;]<\/p>\n","protected":false},"author":1,"featured_media":0,"comment_status":"open","ping_status":"open","sticky":false,"template":"","format":"standard","meta":{"_monsterinsights_skip_tracking":false,"_uf_show_specific_survey":0,"_uf_disable_surveys":false,"footnotes":""},"categories":[31,10],"tags":[],"class_list":["post-3116","post","type-post","status-publish","format-standard","hentry","category-economie","category-securite-sociale"],"_links":{"self":[{"href":"https:\/\/droitemoderniste.be\/index.php\/wp-json\/wp\/v2\/posts\/3116","targetHints":{"allow":["GET"]}}],"collection":[{"href":"https:\/\/droitemoderniste.be\/index.php\/wp-json\/wp\/v2\/posts"}],"about":[{"href":"https:\/\/droitemoderniste.be\/index.php\/wp-json\/wp\/v2\/types\/post"}],"author":[{"embeddable":true,"href":"https:\/\/droitemoderniste.be\/index.php\/wp-json\/wp\/v2\/users\/1"}],"replies":[{"embeddable":true,"href":"https:\/\/droitemoderniste.be\/index.php\/wp-json\/wp\/v2\/comments?post=3116"}],"version-history":[{"count":1,"href":"https:\/\/droitemoderniste.be\/index.php\/wp-json\/wp\/v2\/posts\/3116\/revisions"}],"predecessor-version":[{"id":3118,"href":"https:\/\/droitemoderniste.be\/index.php\/wp-json\/wp\/v2\/posts\/3116\/revisions\/3118"}],"wp:attachment":[{"href":"https:\/\/droitemoderniste.be\/index.php\/wp-json\/wp\/v2\/media?parent=3116"}],"wp:term":[{"taxonomy":"category","embeddable":true,"href":"https:\/\/droitemoderniste.be\/index.php\/wp-json\/wp\/v2\/categories?post=3116"},{"taxonomy":"post_tag","embeddable":true,"href":"https:\/\/droitemoderniste.be\/index.php\/wp-json\/wp\/v2\/tags?post=3116"}],"curies":[{"name":"wp","href":"https:\/\/api.w.org\/{rel}","templated":true}]}}