{"id":3113,"date":"2026-08-10T13:57:29","date_gmt":"2026-08-10T11:57:29","guid":{"rendered":"https:\/\/droitemoderniste.be\/?p=3113"},"modified":"2026-08-10T13:57:29","modified_gmt":"2026-08-10T11:57:29","slug":"reduire-limmigration-sans-faire-baisser-la-population-active-belge-une-equation-de-politiques-publiques","status":"publish","type":"post","link":"https:\/\/droitemoderniste.be\/index.php\/2026\/08\/10\/reduire-limmigration-sans-faire-baisser-la-population-active-belge-une-equation-de-politiques-publiques\/","title":{"rendered":"R\u00e9duire l\u2019immigration sans faire baisser la population active belge: une \u00e9quation de politiques publiques\u00a0"},"content":{"rendered":"\n<figure class=\"wp-block-image size-full\"><img loading=\"lazy\" decoding=\"async\" width=\"300\" height=\"168\" src=\"https:\/\/droitemoderniste.be\/wp-content\/uploads\/2026\/08\/refugies2.jpg\" alt=\"\" class=\"wp-image-3114\"\/><\/figure>\n\n\n\n<p class=\"wp-block-paragraph\">Si la Belgique r\u00e9duit durablement l\u2019immigration, elle devra compenser par une hausse nette du taux d\u2019activit\u00e9 et du taux d\u2019emploi. Les projections d\u00e9mographiques et les analyses de l\u2019OCDE convergent: le vieillissement r\u00e9duit m\u00e9caniquement la population active, tandis que la croissance du PIB par habitant ralentit si les ressources de main-d\u2019\u0153uvre sous-utilis\u00e9es ne sont pas mobilis\u00e9es.&nbsp;<\/p>\n\n\n\n<p class=\"wp-block-paragraph\">Le diagnostic de d\u00e9part est clair. Le Conseil sup\u00e9rieur de l\u2019emploi a mis en \u00e9vidence un \u00e9cart d\u2019emploi important entre les personnes n\u00e9es en Belgique et celles n\u00e9es hors UE, avec un taux d\u2019emploi d\u2019environ 70% chez les natifs contre environ 50% chez les immigr\u00e9s n\u00e9s hors de l\u2019Union europ\u00e9enne. Cela repr\u00e9sente, pour la Belgique, un gisement de main-d\u2019\u0153uvre d\u00e9j\u00e0 pr\u00e9sent mais partiellement inutilis\u00e9.&nbsp;&nbsp;&nbsp;<\/p>\n\n\n\n<h6 class=\"wp-block-heading\">Les trois variables d\u00e9cisives<\/h6>\n\n\n\n<p class=\"wp-block-paragraph\">La premi\u00e8re variable est l\u2019emploi des seniors. L\u2019OCDE souligne que l\u2019augmentation de l\u2019emploi des 55-64 ans est l\u2019un des leviers les plus efficaces face au vieillissement, avec un enjeu particuli\u00e8rement fort apr\u00e8s 60 ans. Concr\u00e8tement, chaque point de taux d\u2019emploi gagn\u00e9 dans cette tranche d\u2019\u00e2ge r\u00e9duit la perte de population active li\u00e9e aux sorties anticip\u00e9es.&nbsp;<\/p>\n\n\n\n<p class=\"wp-block-paragraph\">La deuxi\u00e8me variable est l\u2019emploi f\u00e9minin. Les \u00e9carts persistent surtout lorsqu\u2019il existe des interruptions de carri\u00e8re, du temps partiel subi ou des contraintes de garde d\u2019enfants. L\u2019OCDE insiste sur les politiques de conciliation, de formation continue et de flexibilit\u00e9 comme moyens de faire remonter durablement le taux d\u2019activit\u00e9.&nbsp;&nbsp;<\/p>\n\n\n\n<p class=\"wp-block-paragraph\">La troisi\u00e8me variable est l\u2019activation des personnes inactives ou sous-employ\u00e9es, en particulier parmi les personnes n\u00e9es \u00e0 l\u2019\u00e9tranger. L\u2019\u00e9cart observ\u00e9 par le Conseil sup\u00e9rieur de l\u2019emploi montre qu\u2019une meilleure int\u00e9gration sur le march\u00e9 du travail peut compenser une partie importante de la baisse des flux migratoires.&nbsp;<\/p>\n\n\n\n<h6 class=\"wp-block-heading\">Ordre de grandeur du probl\u00e8me<\/h6>\n\n\n\n<p class=\"wp-block-paragraph\">Le probl\u00e8me n\u2019est pas uniquement d\u00e9mographique, il est aussi structurel. Le Bureau f\u00e9d\u00e9ral du Plan rappelle que la croissance d\u00e9mographique belge d\u00e9pend largement de l\u2019immigration, ce qui signifie qu\u2019une r\u00e9duction des arriv\u00e9es a un effet direct sur le volume de la population en \u00e2ge de travailler. Dans un pays vieillissant, la moindre baisse du taux d\u2019activit\u00e9 se traduit rapidement par un affaiblissement du ratio actifs\/inactifs.&nbsp;<\/p>\n\n\n\n<p class=\"wp-block-paragraph\">L\u2019OCDE pr\u00e9cise que, sans ajustement rapide des politiques publiques, la croissance du PIB par habitant ralentira sensiblement dans la plupart des pays avanc\u00e9s. Pour la Belgique, cela implique que la soutenabilit\u00e9 des pensions, des soins de sant\u00e9 et du financement public d\u00e9pend moins du seul niveau d\u2019immigration que du nombre effectif de personnes employ\u00e9es.&nbsp;&nbsp;<\/p>\n\n\n\n<h6 class=\"wp-block-heading\">Leviers de compensation<\/h6>\n\n\n\n<p class=\"wp-block-paragraph\">Pour \u00e9viter une baisse de la population active avec moins d\u2019immigration, la Belgique devrait viser simultan\u00e9ment plusieurs objectifs chiffrables:<\/p>\n\n\n\n<ul class=\"wp-block-list\">\n<li>Augmenter le taux d\u2019emploi des 55-64 ans.<\/li>\n\n\n\n<li>R\u00e9duire l\u2019\u00e9cart d\u2019emploi entre natifs et personnes n\u00e9es hors UE.<\/li>\n\n\n\n<li>Accro\u00eetre l\u2019emploi f\u00e9minin, surtout dans les groupes \u00e0 faible taux d\u2019activit\u00e9.<\/li>\n\n\n\n<li>Limiter les sorties pr\u00e9coces du march\u00e9 du travail.<\/li>\n\n\n\n<li>Rehausser le taux de participation des inactifs par la formation et la reconversion.\u00a0<\/li>\n<\/ul>\n\n\n\n<p class=\"wp-block-paragraph\">En pratique, cela suppose un pilotage par indicateurs: taux d\u2019activit\u00e9, taux d\u2019emploi, dur\u00e9e moyenne de carri\u00e8re, \u00e2ge effectif de sortie du march\u00e9 du travail et taux d\u2019emploi par origine. Sans suivi de ces variables, toute politique de r\u00e9duction de l\u2019immigration risque de se traduire par une contraction nette de la population active.&nbsp;<\/p>\n\n\n\n<p class=\"wp-block-paragraph\">En somme, la Belgique peut r\u00e9duire sa d\u00e9pendance \u00e0 l\u2019immigration, mais pas sans contrepartie. La condition est simple: transformer un mod\u00e8le fond\u00e9 sur l\u2019appoint migratoire en un mod\u00e8le fond\u00e9 sur l\u2019activation interne. Autrement dit, moins d\u2019immigration n\u2019est soutenable que si le pays parvient \u00e0 augmenter significativement le nombre de personnes effectivement en emploi.<\/p>\n\n\n\n<p class=\"wp-block-paragraph\"><\/p>\n\n\n\n<p class=\"wp-block-paragraph\"><strong>Carl-Alexandre Robyn<\/strong>, essayiste politique, observateur des flux migratoires et des dynamiques d\u00e9mographiques, auteur des livres \u00ab\u00a0<a href=\"https:\/\/www.amazon.com.be\/dp\/B0H9LTYCFB\">Le suicide d\u00e9mographique belge<\/a>\u00ab\u00a0, et \u00ab\u00a0<a href=\"https:\/\/www.amazon.fr\/dp\/B0HDJG8WBF\">La Belgique en changement de peuple<\/a>\u00ab\u00a0, 2026, disponibles via AmazonBooks.<\/p>\n\n\n\n<p class=\"wp-block-paragraph\"><\/p>\n","protected":false},"excerpt":{"rendered":"<p>Si la Belgique r\u00e9duit durablement l\u2019immigration, elle devra compenser par une hausse nette du taux d\u2019activit\u00e9 et du taux d\u2019emploi. Les projections d\u00e9mographiques et les analyses de l\u2019OCDE convergent: le vieillissement r\u00e9duit m\u00e9caniquement la population active, tandis que la croissance du PIB par habitant ralentit si les ressources de main-d\u2019\u0153uvre sous-utilis\u00e9es ne sont pas mobilis\u00e9es.&nbsp; [&hellip;]<\/p>\n","protected":false},"author":1,"featured_media":0,"comment_status":"open","ping_status":"open","sticky":false,"template":"","format":"standard","meta":{"_monsterinsights_skip_tracking":false,"_uf_show_specific_survey":0,"_uf_disable_surveys":false,"footnotes":""},"categories":[31,12,1,57],"tags":[],"class_list":["post-3113","post","type-post","status-publish","format-standard","hentry","category-economie","category-finances-publiques","category-immigration","category-regularisation"],"_links":{"self":[{"href":"https:\/\/droitemoderniste.be\/index.php\/wp-json\/wp\/v2\/posts\/3113","targetHints":{"allow":["GET"]}}],"collection":[{"href":"https:\/\/droitemoderniste.be\/index.php\/wp-json\/wp\/v2\/posts"}],"about":[{"href":"https:\/\/droitemoderniste.be\/index.php\/wp-json\/wp\/v2\/types\/post"}],"author":[{"embeddable":true,"href":"https:\/\/droitemoderniste.be\/index.php\/wp-json\/wp\/v2\/users\/1"}],"replies":[{"embeddable":true,"href":"https:\/\/droitemoderniste.be\/index.php\/wp-json\/wp\/v2\/comments?post=3113"}],"version-history":[{"count":1,"href":"https:\/\/droitemoderniste.be\/index.php\/wp-json\/wp\/v2\/posts\/3113\/revisions"}],"predecessor-version":[{"id":3115,"href":"https:\/\/droitemoderniste.be\/index.php\/wp-json\/wp\/v2\/posts\/3113\/revisions\/3115"}],"wp:attachment":[{"href":"https:\/\/droitemoderniste.be\/index.php\/wp-json\/wp\/v2\/media?parent=3113"}],"wp:term":[{"taxonomy":"category","embeddable":true,"href":"https:\/\/droitemoderniste.be\/index.php\/wp-json\/wp\/v2\/categories?post=3113"},{"taxonomy":"post_tag","embeddable":true,"href":"https:\/\/droitemoderniste.be\/index.php\/wp-json\/wp\/v2\/tags?post=3113"}],"curies":[{"name":"wp","href":"https:\/\/api.w.org\/{rel}","templated":true}]}}