{"id":3106,"date":"2026-08-09T09:36:27","date_gmt":"2026-08-09T07:36:27","guid":{"rendered":"https:\/\/droitemoderniste.be\/?p=3106"},"modified":"2026-08-09T09:36:27","modified_gmt":"2026-08-09T07:36:27","slug":"et-si-lintelligence-artificielle-financait-lavenir-belge","status":"publish","type":"post","link":"https:\/\/droitemoderniste.be\/index.php\/2026\/08\/09\/et-si-lintelligence-artificielle-financait-lavenir-belge\/","title":{"rendered":"Et si l&rsquo;intelligence artificielle finan\u00e7ait l&rsquo;avenir belge?"},"content":{"rendered":"\n<figure class=\"wp-block-image size-large\"><img loading=\"lazy\" decoding=\"async\" width=\"1024\" height=\"683\" src=\"https:\/\/droitemoderniste.be\/wp-content\/uploads\/2026\/08\/robo-advisor-1024x683.webp\" alt=\"\" class=\"wp-image-3107\" srcset=\"https:\/\/droitemoderniste.be\/wp-content\/uploads\/2026\/08\/robo-advisor-1024x683.webp 1024w, https:\/\/droitemoderniste.be\/wp-content\/uploads\/2026\/08\/robo-advisor-300x200.webp 300w, https:\/\/droitemoderniste.be\/wp-content\/uploads\/2026\/08\/robo-advisor-768x512.webp 768w, https:\/\/droitemoderniste.be\/wp-content\/uploads\/2026\/08\/robo-advisor.webp 1200w\" sizes=\"auto, (max-width: 1024px) 100vw, 1024px\" \/><\/figure>\n\n\n\n<p class=\"wp-block-paragraph\"><strong>Les b\u00e9n\u00e9fices de l\u2019intelligence artificielle ne peuvent pas \u00eatre privatis\u00e9s tandis que ses co\u00fbts sociaux seraient assum\u00e9s par la collectivit\u00e9. La Belgique doit cr\u00e9er un Fonds souverain de l\u2019IA afin de convertir une partie de la valeur produite par cette r\u00e9volution technologique en investissements, en emplois et en prosp\u00e9rit\u00e9 partag\u00e9e.<\/strong><\/p>\n\n\n\n<p class=\"wp-block-paragraph\">L\u2019intelligence artificielle n\u2019est plus une promesse lointaine. Elle transforme d\u00e9j\u00e0 les entreprises, les administrations, la recherche, les soins de sant\u00e9, la finance et l\u2019organisation du travail. Elle permettra de produire davantage avec moins de ressources, d\u2019automatiser certaines t\u00e2ches, d\u2019am\u00e9liorer les diagnostics m\u00e9dicaux et d\u2019acc\u00e9l\u00e9rer l\u2019innovation.<\/p>\n\n\n\n<p class=\"wp-block-paragraph\">Mais toute r\u00e9volution industrielle pose la m\u00eame question : qui b\u00e9n\u00e9ficiera r\u00e9ellement des gains de productivit\u00e9 ? Les actionnaires des grandes plateformes mondiales ? Les fonds d\u2019investissement qui financeront les entreprises les plus performantes ? Ou l\u2019ensemble des citoyens, qui ont rendu possible cette transformation par leur travail, leurs donn\u00e9es, leurs infrastructures publiques et leurs imp\u00f4ts ?<\/p>\n\n\n\n<p class=\"wp-block-paragraph\">La Belgique ne peut pas attendre que la r\u00e9ponse soit impos\u00e9e de l\u2019ext\u00e9rieur.<\/p>\n\n\n\n<h6 class=\"wp-block-heading\">La nouvelle rente technologique<\/h6>\n\n\n\n<p class=\"wp-block-paragraph\">L\u2019intelligence artificielle repose sur des ressources qui ne sont pas exclusivement priv\u00e9es. Elle s\u2019appuie sur des ann\u00e9es de recherche fondamentale financ\u00e9e par les pouvoirs publics, sur des universit\u00e9s, sur des r\u00e9seaux \u00e9nerg\u00e9tiques et num\u00e9riques, sur des infrastructures de donn\u00e9es et sur des travailleurs form\u00e9s par l\u2019enseignement public.<\/p>\n\n\n\n<p class=\"wp-block-paragraph\">Les entreprises ont naturellement vocation \u00e0 tirer profit de leurs investissements. Mais il serait \u00e9conomiquement na\u00eff et politiquement irresponsable de consid\u00e9rer que la valeur cr\u00e9\u00e9e par l\u2019IA leur appartient int\u00e9gralement. Lorsque la collectivit\u00e9 contribue \u00e0 cr\u00e9er les conditions d\u2019une innovation, elle doit pouvoir en recueillir une part l\u00e9gitime.<\/p>\n\n\n\n<p class=\"wp-block-paragraph\">Le d\u00e9bat ne consiste pas \u00e0 punir l\u2019innovation ni \u00e0 opposer artificiellement le capital et le travail. Il s\u2019agit de construire un m\u00e9canisme de souverainet\u00e9 \u00e9conomique. La Belgique doit faire en sorte qu\u2019une partie des b\u00e9n\u00e9fices li\u00e9s \u00e0 l\u2019intelligence artificielle reste investie dans notre pays, au service de notre capacit\u00e9 productive et de notre coh\u00e9sion nationale.<\/p>\n\n\n\n<p class=\"wp-block-paragraph\">Le plan belge de convergence pour l\u2019intelligence artificielle reconna\u00eet d\u00e9j\u00e0 la n\u00e9cessit\u00e9 de soutenir la recherche, les start-up, les infrastructures, les comp\u00e9tences et les PME. Il souligne \u00e9galement le risque que la valeur cr\u00e9\u00e9e en Belgique soit capt\u00e9e par des acteurs \u00e9trangers si notre pays ne d\u00e9veloppe pas son propre \u00e9cosyst\u00e8me technologique. C\u2019est pr\u00e9cis\u00e9ment cette faiblesse qu\u2019un Fonds souverain belge de l\u2019IA permettrait de corriger.&nbsp;&nbsp;<\/p>\n\n\n\n<h6 class=\"wp-block-heading\">Un fonds, pas une nouvelle administration<\/h6>\n\n\n\n<p class=\"wp-block-paragraph\">Le Fonds souverain belge de l\u2019IA ne devrait pas \u00eatre une \u00e9ni\u00e8me structure bureaucratique charg\u00e9e de distribuer des subsides selon des crit\u00e8res opaques. Il devrait \u00eatre un instrument d\u2019investissement professionnel, ind\u00e9pendant dans sa gestion, mais responsable devant la repr\u00e9sentation nationale.<\/p>\n\n\n\n<p class=\"wp-block-paragraph\">La Belgique dispose d\u00e9j\u00e0 d\u2019un v\u00e9hicule pertinent : la Soci\u00e9t\u00e9 f\u00e9d\u00e9rale de participations et d\u2019investissement, la SFPIM. Celle-ci a pr\u00e9cis\u00e9ment pour mission de pr\u00e9server l\u2019ancrage des actifs strat\u00e9giques et de soutenir des entreprises prometteuses ou \u00e9tablies au moyen de participations et de solutions de capital \u00e0 long terme.&nbsp;<\/p>\n\n\n\n<p class=\"wp-block-paragraph\">Il ne s\u2019agit donc pas de partir de z\u00e9ro. Il faut donner \u00e0 la SFPIM, ou \u00e0 une structure sp\u00e9cialis\u00e9e plac\u00e9e sous son contr\u00f4le, un mandat clair en mati\u00e8re d\u2019intelligence artificielle et de technologies strat\u00e9giques.<\/p>\n\n\n\n<p class=\"wp-block-paragraph\">Ce Fonds souverain pourrait intervenir selon quatre axes :<\/p>\n\n\n\n<ul class=\"wp-block-list\">\n<li>prendre des participations dans des entreprises belges actives dans l\u2019IA, les semi-conducteurs, la cybers\u00e9curit\u00e9, les donn\u00e9es, le cloud et la robotique ;<\/li>\n\n\n\n<li>financer la croissance des start-up afin qu\u2019elles ne soient pas contraintes de se vendre trop t\u00f4t \u00e0 des groupes \u00e9trangers ;<\/li>\n\n\n\n<li>soutenir les infrastructures nationales et europ\u00e9ennes de calcul, de stockage et de donn\u00e9es ;<\/li>\n\n\n\n<li>r\u00e9investir les dividendes et les plus-values dans la recherche, la formation et la modernisation de notre \u00e9conomie.<\/li>\n<\/ul>\n\n\n\n<p class=\"wp-block-paragraph\">La logique est simple : l\u2019\u00c9tat ne doit pas seulement taxer la richesse une fois qu\u2019elle est produite. Il doit aussi pouvoir investir dans les entreprises qui la produisent.<\/p>\n\n\n\n<h6 class=\"wp-block-heading\">Comment alimenter le Fonds ?<\/h6>\n\n\n\n<p class=\"wp-block-paragraph\">Plusieurs sources peuvent \u00eatre mobilis\u00e9es, sans cr\u00e9er une fiscalit\u00e9 indistincte qui p\u00e9naliserait l\u2019ensemble des entreprises.<\/p>\n\n\n\n<p class=\"wp-block-paragraph\">Premi\u00e8rement, une fraction des recettes fiscales suppl\u00e9mentaires g\u00e9n\u00e9r\u00e9es par l\u2019essor de l\u2019IA pourrait \u00eatre affect\u00e9e au Fonds : imp\u00f4t des soci\u00e9t\u00e9s, pr\u00e9compte mobilier, taxation des plus-values et recettes li\u00e9es \u00e0 l\u2019activit\u00e9 \u00e9conomique nouvelle. L\u2019objectif serait de fl\u00e9cher une partie de la croissance future plut\u00f4t que de financer le Fonds par une hausse g\u00e9n\u00e9rale de la pression fiscale.<\/p>\n\n\n\n<p class=\"wp-block-paragraph\">Deuxi\u00e8mement, une contribution temporaire sur les surprofits exceptionnels li\u00e9s \u00e0 une position dominante pourrait \u00eatre envisag\u00e9e, en coordination avec nos partenaires europ\u00e9ens. Cette contribution devrait \u00eatre pr\u00e9cis\u00e9ment cibl\u00e9e, limit\u00e9e dans le temps et con\u00e7ue pour \u00e9viter de frapper les PME innovantes ou les entreprises qui r\u00e9investissent massivement dans la recherche.<\/p>\n\n\n\n<p class=\"wp-block-paragraph\">Troisi\u00e8mement, le Fonds pourrait recevoir les dividendes issus des participations publiques dans les entreprises technologiques. \u00c0 terme, ces revenus constitueraient une source de financement durable, comparable \u00e0 la logique de nombreux fonds publics d\u2019investissement \u00e0 travers le monde.<\/p>\n\n\n\n<p class=\"wp-block-paragraph\">Enfin, les citoyens pourraient \u00eatre associ\u00e9s \u00e0 cette strat\u00e9gie par un m\u00e9canisme d\u2019\u00e9pargne nationale. Des obligations du Fonds souverain belge de l\u2019IA pourraient \u00eatre propos\u00e9es aux particuliers, avec un rendement transparent et une garantie encadr\u00e9e. L\u2019\u00e9pargne belge ne doit pas seulement financer des actifs \u00e9trangers ; elle doit aussi participer \u00e0 la construction de notre avenir productif.<\/p>\n\n\n\n<h6 class=\"wp-block-heading\">Un dividende national de l\u2019innovation<\/h6>\n\n\n\n<p class=\"wp-block-paragraph\">Le Fonds ne devrait pas servir \u00e0 alimenter indistinctement les d\u00e9penses courantes de l\u2019\u00c9tat. Sa vocation premi\u00e8re serait de pr\u00e9server et d\u2019accro\u00eetre le capital collectif.<\/p>\n\n\n\n<p class=\"wp-block-paragraph\">Une partie de ses rendements pourrait financer trois priorit\u00e9s.<\/p>\n\n\n\n<p class=\"wp-block-paragraph\">La premi\u00e8re serait la formation. Si l\u2019IA transforme le march\u00e9 du travail, la r\u00e9ponse ne peut pas se limiter \u00e0 indemniser les perdants de la transformation. Il faut permettre aux travailleurs de se former, de changer de m\u00e9tier et de progresser dans la cha\u00eene de valeur. Le meilleur filet de s\u00e9curit\u00e9 n\u2019est pas l\u2019assistance permanente : c\u2019est la capacit\u00e9 \u00e0 rester utile, comp\u00e9tent et autonome.<\/p>\n\n\n\n<p class=\"wp-block-paragraph\">La deuxi\u00e8me priorit\u00e9 serait la recherche. La Belgique poss\u00e8de des universit\u00e9s, des centres de recherche et des entreprises de pointe, notamment dans les domaines de la sant\u00e9, de la biotechnologie et de l\u2019ing\u00e9nierie. Le Fonds doit contribuer \u00e0 retenir les chercheurs, \u00e0 financer les applications industrielles et \u00e0 transformer les d\u00e9couvertes en emplois localis\u00e9s en Belgique.<\/p>\n\n\n\n<p class=\"wp-block-paragraph\">La troisi\u00e8me serait un dividende national de l\u2019innovation. Celui-ci ne prendrait pas n\u00e9cessairement la forme d\u2019un revenu universel distribu\u00e9 sans condition. Il pourrait financer des baisses cibl\u00e9es de charges sur le travail, des cr\u00e9dits de formation individuels, des investissements dans les services publics ou un compl\u00e9ment destin\u00e9 aux g\u00e9n\u00e9rations qui auront \u00e0 s\u2019adapter le plus fortement aux mutations technologiques.<\/p>\n\n\n\n<p class=\"wp-block-paragraph\">La redistribution ne doit donc pas \u00eatre con\u00e7ue comme une simple logique de transfert. Elle doit devenir une politique d\u2019\u00e9mancipation et de transmission.<\/p>\n\n\n\n<h6 class=\"wp-block-heading\">Souverainet\u00e9 et responsabilit\u00e9<\/h6>\n\n\n\n<p class=\"wp-block-paragraph\">Cr\u00e9er un Fonds souverain de l\u2019IA ne signifie pas que la Belgique pourrait agir seule dans un march\u00e9 mondial. Notre pays doit coop\u00e9rer avec l\u2019Europe, mais coop\u00e9rer ne signifie pas renoncer \u00e0 ses int\u00e9r\u00eats.<\/p>\n\n\n\n<p class=\"wp-block-paragraph\">L\u2019Union europ\u00e9enne a adopt\u00e9 un cadre commun pour encadrer les syst\u00e8mes d\u2019intelligence artificielle, notamment les applications pr\u00e9sentant des risques \u00e9lev\u00e9s. En Belgique, le SPF \u00c9conomie coordonne la mise en \u0153uvre de ce r\u00e8glement. Cette r\u00e9gulation est n\u00e9cessaire, mais elle ne suffit pas. Des r\u00e8gles peuvent limiter les abus ; elles ne permettent pas, \u00e0 elles seules, de conserver la valeur \u00e9conomique cr\u00e9\u00e9e par l\u2019innovation.<\/p>\n\n\n\n<p class=\"wp-block-paragraph\">La Belgique doit donc d\u00e9fendre une Europe capable de prot\u00e9ger ses citoyens, mais aussi de financer ses entreprises, ses infrastructures et ses technologies. Une Europe qui r\u00e9glemente sans investir condamne ses propres acteurs \u00e0 d\u00e9pendre des puissances am\u00e9ricaine et chinoise.<\/p>\n\n\n\n<p class=\"wp-block-paragraph\">C\u2019est ici que s\u2019exprime le souverainisme \u00e9clair\u00e9 du <mark style=\"background-color:rgba(0, 0, 0, 0);color:#ff6900\" class=\"has-inline-color\">Mouvement Droite Moderniste <\/mark>: coop\u00e9rer lorsque c\u2019est utile, mais conserver la capacit\u00e9 de d\u00e9cider, d\u2019investir et de prot\u00e9ger nos secteurs strat\u00e9giques. La souverainet\u00e9 ne consiste pas \u00e0 fermer les fronti\u00e8res \u00e9conomiques. Elle consiste \u00e0 ne pas \u00eatre enti\u00e8rement d\u00e9pendant de d\u00e9cisions prises ailleurs.<\/p>\n\n\n\n<h6 class=\"wp-block-heading\">Une exigence de transparence<\/h6>\n\n\n\n<p class=\"wp-block-paragraph\">Un tel fonds ne pourra r\u00e9ussir que s\u2019il \u00e9chappe \u00e0 la particratie. Ses dirigeants devront \u00eatre s\u00e9lectionn\u00e9s sur la base de leurs comp\u00e9tences et non de leur proximit\u00e9 politique. Les investissements devront r\u00e9pondre \u00e0 des crit\u00e8res publics : rendement, int\u00e9r\u00eat strat\u00e9gique, cr\u00e9ation d\u2019emplois, maintien de centres de d\u00e9cision en Belgique, respect des r\u00e8gles sociales et environnementales.<\/p>\n\n\n\n<p class=\"wp-block-paragraph\">Chaque ann\u00e9e, le Fonds devra publier ses comptes, ses r\u00e9mun\u00e9rations, ses participations, ses r\u00e9sultats et l\u2019impact \u00e9conomique de ses investissements. Le Parlement devra pouvoir exercer un contr\u00f4le r\u00e9el, sans intervenir dans la gestion quotidienne.<\/p>\n\n\n\n<p class=\"wp-block-paragraph\">Le Fonds souverain ne doit pas devenir une caisse noire politique, ni un refuge pour entreprises d\u00e9ficitaires, ni un outil de favoritisme r\u00e9gional. Il doit \u00eatre g\u00e9r\u00e9 comme un investisseur exigeant, avec une vision de long terme et une tol\u00e9rance limit\u00e9e \u00e0 l\u2019\u00e9chec lorsqu\u2019il r\u00e9sulte de la mauvaise gestion.<\/p>\n\n\n\n<h6 class=\"wp-block-heading\">Ne pas subir l\u2019avenir<\/h6>\n\n\n\n<p class=\"wp-block-paragraph\">L\u2019intelligence artificielle bouleversera nos \u00e9conomies, mais elle ne d\u00e9terminera pas seule notre destin. Ce destin d\u00e9pendra des institutions capables de transformer le progr\u00e8s technologique en puissance collective.<\/p>\n\n\n\n<p class=\"wp-block-paragraph\">La question n\u2019est pas de savoir si l\u2019IA produira de la richesse. Elle en produira. La question est de savoir si cette richesse renforcera l\u2019autonomie de la Belgique ou si elle acc\u00e9l\u00e9rera sa d\u00e9pendance ; si elle financera nos \u00e9coles, nos entreprises et nos chercheurs ou si elle alimentera uniquement les bilans de groupes \u00e9trangers ; si elle \u00e9largira les possibilit\u00e9s offertes aux citoyens ou si elle approfondira la fracture entre ceux qui poss\u00e8dent les technologies et ceux qui les subissent.<\/p>\n\n\n\n<p class=\"wp-block-paragraph\">Le <mark style=\"background-color:rgba(0, 0, 0, 0);color:#ff6900\" class=\"has-inline-color\">Mouvement Droite Moderniste<\/mark> fait le choix de l\u2019innovation, mais aussi de la responsabilit\u00e9. Nous refusons \u00e0 la fois la peur technologique et le laisser-faire \u00e9conomique. Les b\u00e9n\u00e9fices de l\u2019IA doivent r\u00e9compenser ceux qui innovent, mais ils doivent \u00e9galement contribuer \u00e0 financer l\u2019avenir de la nation.<\/p>\n\n\n\n<p class=\"wp-block-paragraph\">Cr\u00e9er un Fonds souverain belge de l\u2019intelligence artificielle, c\u2019est transformer une r\u00e9volution subie en projet national. C\u2019est faire du progr\u00e8s technologique non pas une rente pour quelques-uns, mais un capital pour tous.<\/p>\n\n\n\n<p class=\"wp-block-paragraph\"><\/p>\n","protected":false},"excerpt":{"rendered":"<p>Les b\u00e9n\u00e9fices de l\u2019intelligence artificielle ne peuvent pas \u00eatre privatis\u00e9s tandis que ses co\u00fbts sociaux seraient assum\u00e9s par la collectivit\u00e9. La Belgique doit cr\u00e9er un Fonds souverain de l\u2019IA afin de convertir une partie de la valeur produite par cette r\u00e9volution technologique en investissements, en emplois et en prosp\u00e9rit\u00e9 partag\u00e9e. L\u2019intelligence artificielle n\u2019est plus une [&hellip;]<\/p>\n","protected":false},"author":1,"featured_media":0,"comment_status":"open","ping_status":"open","sticky":false,"template":"","format":"standard","meta":{"_monsterinsights_skip_tracking":false,"_uf_show_specific_survey":0,"_uf_disable_surveys":false,"footnotes":""},"categories":[31,12,63,47],"tags":[],"class_list":["post-3106","post","type-post","status-publish","format-standard","hentry","category-economie","category-finances-publiques","category-souverainete","category-souverainisme"],"_links":{"self":[{"href":"https:\/\/droitemoderniste.be\/index.php\/wp-json\/wp\/v2\/posts\/3106","targetHints":{"allow":["GET"]}}],"collection":[{"href":"https:\/\/droitemoderniste.be\/index.php\/wp-json\/wp\/v2\/posts"}],"about":[{"href":"https:\/\/droitemoderniste.be\/index.php\/wp-json\/wp\/v2\/types\/post"}],"author":[{"embeddable":true,"href":"https:\/\/droitemoderniste.be\/index.php\/wp-json\/wp\/v2\/users\/1"}],"replies":[{"embeddable":true,"href":"https:\/\/droitemoderniste.be\/index.php\/wp-json\/wp\/v2\/comments?post=3106"}],"version-history":[{"count":1,"href":"https:\/\/droitemoderniste.be\/index.php\/wp-json\/wp\/v2\/posts\/3106\/revisions"}],"predecessor-version":[{"id":3108,"href":"https:\/\/droitemoderniste.be\/index.php\/wp-json\/wp\/v2\/posts\/3106\/revisions\/3108"}],"wp:attachment":[{"href":"https:\/\/droitemoderniste.be\/index.php\/wp-json\/wp\/v2\/media?parent=3106"}],"wp:term":[{"taxonomy":"category","embeddable":true,"href":"https:\/\/droitemoderniste.be\/index.php\/wp-json\/wp\/v2\/categories?post=3106"},{"taxonomy":"post_tag","embeddable":true,"href":"https:\/\/droitemoderniste.be\/index.php\/wp-json\/wp\/v2\/tags?post=3106"}],"curies":[{"name":"wp","href":"https:\/\/api.w.org\/{rel}","templated":true}]}}