{"id":3102,"date":"2026-08-07T09:53:26","date_gmt":"2026-08-07T07:53:26","guid":{"rendered":"https:\/\/droitemoderniste.be\/?p=3102"},"modified":"2026-08-07T09:54:14","modified_gmt":"2026-08-07T07:54:14","slug":"il-faut-cesser-de-faire-payer-les-travailleurs-pour-tout-le-monde","status":"publish","type":"post","link":"https:\/\/droitemoderniste.be\/index.php\/2026\/08\/07\/il-faut-cesser-de-faire-payer-les-travailleurs-pour-tout-le-monde\/","title":{"rendered":"Il faut cesser de faire payer les travailleurs pour tout le monde"},"content":{"rendered":"\n<figure class=\"wp-block-image size-full\"><img loading=\"lazy\" decoding=\"async\" width=\"864\" height=\"486\" src=\"https:\/\/droitemoderniste.be\/wp-content\/uploads\/2026\/08\/colere-populaire.jpg\" alt=\"\" class=\"wp-image-3103\" srcset=\"https:\/\/droitemoderniste.be\/wp-content\/uploads\/2026\/08\/colere-populaire.jpg 864w, https:\/\/droitemoderniste.be\/wp-content\/uploads\/2026\/08\/colere-populaire-300x169.jpg 300w, https:\/\/droitemoderniste.be\/wp-content\/uploads\/2026\/08\/colere-populaire-768x432.jpg 768w\" sizes=\"auto, (max-width: 864px) 100vw, 864px\" \/><\/figure>\n\n\n\n<p class=\"wp-block-paragraph\">Le syst\u00e8me belge est arriv\u00e9 au bout de sa logique. Depuis des ann\u00e9es, on pr\u00e9tend financer les pensions et la protection sociale presque exclusivement par les cotisations des travailleurs actifs, alors m\u00eame que le pays vieillit, que la base salariale se tasse et que le nombre de cotisants ne suffit plus \u00e0 absorber la hausse des d\u00e9penses. C\u2019est une impasse politique, et surtout une injustice sociale.<\/p>\n\n\n\n<p class=\"wp-block-paragraph\">On a organis\u00e9 un mod\u00e8le o\u00f9 celui qui travaille paie pour tout: pour sa propre protection, pour les pensions des autres, pour les soins de sant\u00e9, pour les inactifs, pour les multiples transferts du syst\u00e8me. \u00c0 force de faire reposer l\u2019essentiel de la solidarit\u00e9 sur la fiche de paie, on a transform\u00e9 le travail en variable d\u2019ajustement et le salari\u00e9 en vache \u00e0 lait de l\u2019\u00c9tat social.<\/p>\n\n\n\n<h6 class=\"wp-block-heading\">Une fraude intellectuelle<\/h6>\n\n\n\n<p class=\"wp-block-paragraph\">Le discours dominant est une fraude intellectuelle. On parle de \u201cprotection sociale\u201d, mais dans les faits on la finance d\u2019abord par le travail, donc par ceux qu\u2019on p\u00e9nalise d\u00e9j\u00e0 le plus lourdement. R\u00e9sultat: on taxe l\u2019emploi, on d\u00e9courage l\u2019embauche, on alourdit le co\u00fbt du travail, puis on s\u2019\u00e9tonne du faible dynamisme du march\u00e9 de l\u2019emploi. C\u2019est un cercle vicieux parfaitement connu, mais politiquement commode pour ceux qui refusent d\u2019\u00e9largir r\u00e9ellement la base de financement.<\/p>\n\n\n\n<p class=\"wp-block-paragraph\">La v\u00e9rit\u00e9 est pourtant simple: une soci\u00e9t\u00e9 moderne ne peut plus financer ses pensions et sa s\u00e9curit\u00e9 sociale uniquement sur la masse salariale. Quand la d\u00e9mographie se retourne, quand la carri\u00e8re s\u2019allonge, quand le nombre d\u2019actifs ne progresse plus, il faut avoir le courage de d\u00e9placer le centre de gravit\u00e9 du financement vers d\u2019autres richesses que le salaire.<\/p>\n\n\n\n<h6 class=\"wp-block-heading\">Il faut financer la solidarit\u00e9 par la richesse r\u00e9elle<\/h6>\n\n\n\n<p class=\"wp-block-paragraph\">Le bon sens commande de diversifier les recettes. La consommation, les revenus du capital, les b\u00e9n\u00e9fices, certaines rentes \u00e9conomiques et l\u2019imp\u00f4t g\u00e9n\u00e9ral doivent prendre une place plus importante. Ce n\u2019est pas une r\u00e9volution id\u00e9ologique, c\u2019est une adaptation minimale \u00e0 la r\u00e9alit\u00e9 \u00e9conomique du XXIe si\u00e8cle.<\/p>\n\n\n\n<p class=\"wp-block-paragraph\">Concr\u00e8tement, cela veut dire:<\/p>\n\n\n\n<ul class=\"wp-block-list\">\n<li>moins de cotisations sur le travail, surtout pour les bas et moyens salaires;<\/li>\n\n\n\n<li>plus de financement via la fiscalit\u00e9 g\u00e9n\u00e9rale;<\/li>\n\n\n\n<li>une contribution plus forte des revenus du capital et des profits;<\/li>\n\n\n\n<li>une affectation plus large de recettes indirectes au financement social;<\/li>\n\n\n\n<li>une logique de solidarit\u00e9 qui ne repose plus uniquement sur ceux qui travaillent d\u00e9j\u00e0.<\/li>\n<\/ul>\n\n\n\n<h6 class=\"wp-block-heading\">Le vrai scandale<\/h6>\n\n\n\n<p class=\"wp-block-paragraph\">Le vrai scandale, ce n\u2019est pas qu\u2019on r\u00e9forme le financement social. Le vrai scandale, c\u2019est qu\u2019on laisse depuis trop longtemps les travailleurs financer presque seuls un syst\u00e8me dont ils n\u2019ont ni la ma\u00eetrise politique ni la reconnaissance. On leur demande de cotiser davantage, de partir plus tard \u00e0 la retraite, d\u2019\u00eatre plus flexibles, plus productifs, plus mobiles \u2014 et pendant ce temps, les autres composantes de la richesse nationale \u00e9chappent largement \u00e0 l\u2019effort collectif.<\/p>\n\n\n\n<p class=\"wp-block-paragraph\">Cette situation n\u2019est plus tenable. Elle est \u00e9conomiquement inefficace, socialement in\u00e9quitable et politiquement explosive. \u00c0 force de prot\u00e9ger un mod\u00e8le devenu obsol\u00e8te, on finit par fragiliser ceux qu\u2019on pr\u00e9tend d\u00e9fendre.<\/p>\n\n\n\n<h6 class=\"wp-block-heading\">Rompre avec l\u2019hypocrisie<\/h6>\n\n\n\n<p class=\"wp-block-paragraph\">Il faut donc rompre avec l\u2019hypocrisie. Oui, la s\u00e9curit\u00e9 sociale doit rester forte. Oui, les pensions doivent rester financ\u00e9es. Mais non, cela ne peut plus se faire presque exclusivement sur le dos des travailleurs actifs. Le financement doit refl\u00e9ter la richesse globale du pays, pas seulement le revenu du travail.<\/p>\n\n\n\n<p class=\"wp-block-paragraph\">La vraie r\u00e9forme n\u2019est pas de demander encore plus aux m\u00eames. La vraie r\u00e9forme consiste \u00e0 faire contribuer davantage l\u2019ensemble de l\u2019\u00e9conomie au financement de la solidarit\u00e9. Tant qu\u2019on refusera cela, on continuera \u00e0 user les actifs, \u00e0 p\u00e9naliser l\u2019emploi et \u00e0 pr\u00e9server un mod\u00e8le budg\u00e9tairement fragile.<\/p>\n\n\n\n<p class=\"wp-block-paragraph\"><\/p>\n\n\n\n<p class=\"wp-block-paragraph\"><\/p>\n\n\n\n<p class=\"wp-block-paragraph\"><\/p>\n\n\n\n<p class=\"wp-block-paragraph\">Une id\u00e9e d\u00e9velopp\u00e9e dans le livre \u00ab\u00a0<a href=\"https:\/\/www.amazon.com.be\/dp\/B0H9LTYCFB\" data-type=\"link\" data-id=\"https:\/\/www.amazon.com.be\/dp\/B0H9LTYCFB\">Le suicide d\u00e9mographique belge<\/a>\u00ab\u00a0, 2026, disponible via Amazon Books.<\/p>\n","protected":false},"excerpt":{"rendered":"<p>Le syst\u00e8me belge est arriv\u00e9 au bout de sa logique. Depuis des ann\u00e9es, on pr\u00e9tend financer les pensions et la protection sociale presque exclusivement par les cotisations des travailleurs actifs, alors m\u00eame que le pays vieillit, que la base salariale se tasse et que le nombre de cotisants ne suffit plus \u00e0 absorber la hausse [&hellip;]<\/p>\n","protected":false},"author":1,"featured_media":0,"comment_status":"open","ping_status":"open","sticky":false,"template":"","format":"standard","meta":{"_monsterinsights_skip_tracking":false,"_uf_show_specific_survey":0,"_uf_disable_surveys":false,"footnotes":""},"categories":[31,24,10],"tags":[],"class_list":["post-3102","post","type-post","status-publish","format-standard","hentry","category-economie","category-justice-sociale","category-securite-sociale"],"_links":{"self":[{"href":"https:\/\/droitemoderniste.be\/index.php\/wp-json\/wp\/v2\/posts\/3102","targetHints":{"allow":["GET"]}}],"collection":[{"href":"https:\/\/droitemoderniste.be\/index.php\/wp-json\/wp\/v2\/posts"}],"about":[{"href":"https:\/\/droitemoderniste.be\/index.php\/wp-json\/wp\/v2\/types\/post"}],"author":[{"embeddable":true,"href":"https:\/\/droitemoderniste.be\/index.php\/wp-json\/wp\/v2\/users\/1"}],"replies":[{"embeddable":true,"href":"https:\/\/droitemoderniste.be\/index.php\/wp-json\/wp\/v2\/comments?post=3102"}],"version-history":[{"count":2,"href":"https:\/\/droitemoderniste.be\/index.php\/wp-json\/wp\/v2\/posts\/3102\/revisions"}],"predecessor-version":[{"id":3105,"href":"https:\/\/droitemoderniste.be\/index.php\/wp-json\/wp\/v2\/posts\/3102\/revisions\/3105"}],"wp:attachment":[{"href":"https:\/\/droitemoderniste.be\/index.php\/wp-json\/wp\/v2\/media?parent=3102"}],"wp:term":[{"taxonomy":"category","embeddable":true,"href":"https:\/\/droitemoderniste.be\/index.php\/wp-json\/wp\/v2\/categories?post=3102"},{"taxonomy":"post_tag","embeddable":true,"href":"https:\/\/droitemoderniste.be\/index.php\/wp-json\/wp\/v2\/tags?post=3102"}],"curies":[{"name":"wp","href":"https:\/\/api.w.org\/{rel}","templated":true}]}}