{"id":3096,"date":"2026-08-06T14:03:43","date_gmt":"2026-08-06T12:03:43","guid":{"rendered":"https:\/\/droitemoderniste.be\/?p=3096"},"modified":"2026-08-06T14:21:57","modified_gmt":"2026-08-06T12:21:57","slug":"en-belgique-la-vraie-question-nest-pas-seulement-limmigration-mais-la-capacite-de-notre-economie-a-faire-travailler-davantage-ceux-qui-vivent-deja-ici","status":"publish","type":"post","link":"https:\/\/droitemoderniste.be\/index.php\/2026\/08\/06\/en-belgique-la-vraie-question-nest-pas-seulement-limmigration-mais-la-capacite-de-notre-economie-a-faire-travailler-davantage-ceux-qui-vivent-deja-ici\/","title":{"rendered":"En Belgique, la vraie question n\u2019est pas seulement l\u2019immigration, mais la capacit\u00e9 de notre \u00e9conomie \u00e0 faire travailler davantage ceux qui vivent d\u00e9j\u00e0 ici"},"content":{"rendered":"\n<figure class=\"wp-block-image size-full\"><img loading=\"lazy\" decoding=\"async\" width=\"556\" height=\"371\" src=\"https:\/\/droitemoderniste.be\/wp-content\/uploads\/2026\/08\/Migrants-penetrent-Ceuta.jpg\" alt=\"\" class=\"wp-image-3097\" srcset=\"https:\/\/droitemoderniste.be\/wp-content\/uploads\/2026\/08\/Migrants-penetrent-Ceuta.jpg 556w, https:\/\/droitemoderniste.be\/wp-content\/uploads\/2026\/08\/Migrants-penetrent-Ceuta-300x200.jpg 300w\" sizes=\"auto, (max-width: 556px) 100vw, 556px\" \/><figcaption class=\"wp-element-caption\">Migrants storm a barbed-wire fence as they attempt to cross the land border with Spain&rsquo;s African enclave of Ceuta near Fnideq in northern Morocco on September 15, 2024. (Photo by AFP)<\/figcaption><\/figure>\n\n\n\n<p class=\"wp-block-paragraph\">R\u00e9duire l\u2019immigration sans pr\u00e9parer s\u00e9rieusement la rel\u00e8ve sur le march\u00e9 du travail revient \u00e0 organiser soi-m\u00eame le tassement de la population active. En Belgique, le probl\u00e8me de fond n\u2019est pas abstrait: c\u2019est celui du vieillissement, du sous-emploi, de l\u2019inactivit\u00e9 et d\u2019un march\u00e9 du travail qui laisse encore trop de monde de c\u00f4t\u00e9.<\/p>\n\n\n\n<p class=\"wp-block-paragraph\">Le Bureau f\u00e9d\u00e9ral du Plan anticipe, dans ses projections r\u00e9centes, une croissance d\u00e9mographique qui d\u00e9pend largement de l\u2019immigration, ce qui signifie qu\u2019un ralentissement des flux ext\u00e9rieurs p\u00e8se directement sur la taille de la population active. En parall\u00e8le, le vieillissement fait m\u00e9caniquement augmenter le rapport entre inactifs et actifs, ce qui met sous pression les pensions, la sant\u00e9 et le financement de l\u2019\u00c9tat social.&nbsp;<\/p>\n\n\n\n<h6 class=\"wp-block-heading\">Il existe pourtant des marges de man\u0153uvre consid\u00e9rables<\/h6>\n\n\n\n<p class=\"wp-block-paragraph\">La Belgique ne manque pas forc\u00e9ment de bras; elle manque surtout de bras mobilis\u00e9s. Selon l\u2019OCDE, la r\u00e9ponse au vieillissement passe d\u2019abord par une mobilisation plus forte des seniors, des femmes et des r\u00e9serves de main-d\u2019\u0153uvre encore sous-utilis\u00e9es.&nbsp;&nbsp;<\/p>\n\n\n\n<p class=\"wp-block-paragraph\">Le Conseil sup\u00e9rieur de l\u2019emploi rappelait d\u00e9j\u00e0 que les immigr\u00e9s n\u00e9s hors de l\u2019Union europ\u00e9enne affichaient un taux d\u2019emploi bien inf\u00e9rieur \u00e0 celui des natifs, autour de 50% contre environ 70% pour les personnes n\u00e9es en Belgique, ce qui traduit un important gaspillage de potentiel productif. Autrement dit, le d\u00e9bat n\u2019oppose pas immigration et emploi: il oppose un mod\u00e8le passif \u00e0 une politique d\u2019activation.&nbsp;&nbsp; &nbsp;&nbsp;<\/p>\n\n\n\n<h6 class=\"wp-block-heading\">Trois priorit\u00e9s pour \u00e9viter l\u2019\u00e9rosion de la population active<\/h6>\n\n\n\n<p class=\"wp-block-paragraph\">Premi\u00e8rement, il faut augmenter le taux d\u2019activit\u00e9 des 55-64 ans. Les donn\u00e9es de l\u2019OCDE montrent que l\u2019emploi des seniors reste un levier d\u00e9cisif, surtout apr\u00e8s 60 ans, quand une part importante des travailleurs quitte encore trop t\u00f4t le march\u00e9 du travail. Cela suppose de r\u00e9duire les incitants aux sorties anticip\u00e9es, de d\u00e9velopper des fins de carri\u00e8re plus souples et de mieux adapter les postes aux capacit\u00e9s r\u00e9elles des travailleurs \u00e2g\u00e9s.&nbsp;&nbsp;<\/p>\n\n\n\n<p class=\"wp-block-paragraph\">Deuxi\u00e8mement, il faut relever l\u2019emploi des femmes, en particulier dans les m\u00e9nages o\u00f9 la carri\u00e8re a \u00e9t\u00e9 frein\u00e9e par l\u2019absence de solutions de garde, les co\u00fbts du temps partiel subi ou les interruptions li\u00e9es \u00e0 la famille. L\u00e0 encore, l\u2019OCDE insiste sur l\u2019importance des politiques de conciliation, de flexibilit\u00e9 et de formation continue.&nbsp;&nbsp;&nbsp;<\/p>\n\n\n\n<p class=\"wp-block-paragraph\">Troisi\u00e8mement, il faut activer davantage les personnes d\u00e9j\u00e0 pr\u00e9sentes sur le territoire mais durablement \u00e9loign\u00e9es de l\u2019emploi. Le ch\u00f4mage, l\u2019inactivit\u00e9, les probl\u00e8mes de qualification, la non-reconnaissance des dipl\u00f4mes et les freins linguistiques constituent autant de pertes nettes pour la Belgique. \u00c0 politique \u00e9gale, ne pas corriger cela revient \u00e0 accepter une contraction de la population active.<\/p>\n\n\n\n<h6 class=\"wp-block-heading\">Une ligne politique claire<\/h6>\n\n\n\n<p class=\"wp-block-paragraph\">Si la Belgique veut moins d\u00e9pendre de l\u2019immigration pour stabiliser sa main-d\u2019\u0153uvre, elle doit adopter une strat\u00e9gie de souverainet\u00e9 \u00e9conomique active: plus d\u2019emploi des r\u00e9sidents, plus de productivit\u00e9, plus de participation des seniors, plus de formation, plus d\u2019activation des inactifs. Sans cela, une baisse des flux migratoires se traduira non par une simple correction d\u00e9mographique, mais par une fragilisation du financement public, de la comp\u00e9titivit\u00e9 et de la croissance.<\/p>\n\n\n\n<p class=\"wp-block-paragraph\">Le vrai choix politique est donc simple: soit on compense la baisse de l\u2019immigration par une mobilisation massive du travail disponible en Belgique, soit on accepte que la population active diminue et que l\u2019\u00e9conomie s\u2019adapte par la contraction. Il n\u2019existe pas de troisi\u00e8me voie s\u00e9rieuse.<\/p>\n\n\n\n<p class=\"wp-block-paragraph\"><\/p>\n\n\n\n<p class=\"wp-block-paragraph\">Th\u00e9matique abord\u00e9e dans le livre \u00ab\u00a0<a href=\"https:\/\/www.amazon.com.be\/dp\/B0H9LTYCFB\" data-type=\"link\" data-id=\"https:\/\/www.amazon.com.be\/dp\/B0H9LTYCFB\">Le suicide d\u00e9mographique belge<\/a>\u00ab\u00a0, 2026, disponible sur Amazon Books<\/p>\n\n\n\n<p class=\"wp-block-paragraph\"><\/p>\n","protected":false},"excerpt":{"rendered":"<p>R\u00e9duire l\u2019immigration sans pr\u00e9parer s\u00e9rieusement la rel\u00e8ve sur le march\u00e9 du travail revient \u00e0 organiser soi-m\u00eame le tassement de la population active. En Belgique, le probl\u00e8me de fond n\u2019est pas abstrait: c\u2019est celui du vieillissement, du sous-emploi, de l\u2019inactivit\u00e9 et d\u2019un march\u00e9 du travail qui laisse encore trop de monde de c\u00f4t\u00e9. Le Bureau f\u00e9d\u00e9ral [&hellip;]<\/p>\n","protected":false},"author":1,"featured_media":0,"comment_status":"open","ping_status":"open","sticky":false,"template":"","format":"standard","meta":{"_monsterinsights_skip_tracking":false,"_uf_show_specific_survey":0,"_uf_disable_surveys":false,"footnotes":""},"categories":[64,31,1],"tags":[],"class_list":["post-3096","post","type-post","status-publish","format-standard","hentry","category-asile","category-economie","category-immigration"],"_links":{"self":[{"href":"https:\/\/droitemoderniste.be\/index.php\/wp-json\/wp\/v2\/posts\/3096","targetHints":{"allow":["GET"]}}],"collection":[{"href":"https:\/\/droitemoderniste.be\/index.php\/wp-json\/wp\/v2\/posts"}],"about":[{"href":"https:\/\/droitemoderniste.be\/index.php\/wp-json\/wp\/v2\/types\/post"}],"author":[{"embeddable":true,"href":"https:\/\/droitemoderniste.be\/index.php\/wp-json\/wp\/v2\/users\/1"}],"replies":[{"embeddable":true,"href":"https:\/\/droitemoderniste.be\/index.php\/wp-json\/wp\/v2\/comments?post=3096"}],"version-history":[{"count":4,"href":"https:\/\/droitemoderniste.be\/index.php\/wp-json\/wp\/v2\/posts\/3096\/revisions"}],"predecessor-version":[{"id":3101,"href":"https:\/\/droitemoderniste.be\/index.php\/wp-json\/wp\/v2\/posts\/3096\/revisions\/3101"}],"wp:attachment":[{"href":"https:\/\/droitemoderniste.be\/index.php\/wp-json\/wp\/v2\/media?parent=3096"}],"wp:term":[{"taxonomy":"category","embeddable":true,"href":"https:\/\/droitemoderniste.be\/index.php\/wp-json\/wp\/v2\/categories?post=3096"},{"taxonomy":"post_tag","embeddable":true,"href":"https:\/\/droitemoderniste.be\/index.php\/wp-json\/wp\/v2\/tags?post=3096"}],"curies":[{"name":"wp","href":"https:\/\/api.w.org\/{rel}","templated":true}]}}