{"id":3093,"date":"2026-08-04T11:44:20","date_gmt":"2026-08-04T09:44:20","guid":{"rendered":"https:\/\/droitemoderniste.be\/?p=3093"},"modified":"2026-08-04T11:44:20","modified_gmt":"2026-08-04T09:44:20","slug":"belgique-quand-la-gouvernance-echoue-a-delivrer","status":"publish","type":"post","link":"https:\/\/droitemoderniste.be\/index.php\/2026\/08\/04\/belgique-quand-la-gouvernance-echoue-a-delivrer\/","title":{"rendered":"Belgique : quand la gouvernance \u00e9choue \u00e0 d\u00e9livrer"},"content":{"rendered":"\n<figure class=\"wp-block-image size-full\"><img loading=\"lazy\" decoding=\"async\" width=\"940\" height=\"470\" src=\"https:\/\/droitemoderniste.be\/wp-content\/uploads\/2026\/08\/5cdaeb6a9978e2534737341f.jpg\" alt=\"\" class=\"wp-image-3094\" srcset=\"https:\/\/droitemoderniste.be\/wp-content\/uploads\/2026\/08\/5cdaeb6a9978e2534737341f.jpg 940w, https:\/\/droitemoderniste.be\/wp-content\/uploads\/2026\/08\/5cdaeb6a9978e2534737341f-300x150.jpg 300w, https:\/\/droitemoderniste.be\/wp-content\/uploads\/2026\/08\/5cdaeb6a9978e2534737341f-768x384.jpg 768w\" sizes=\"auto, (max-width: 940px) 100vw, 940px\" \/><\/figure>\n\n\n\n<p class=\"wp-block-paragraph\"><strong><em>Crises sanitaire, migratoire, s\u00e9curitaire et d\u00e9mographique : au-del\u00e0 de leur diversit\u00e9, ces chocs successifs interrogent la capacit\u00e9 de l\u2019\u00c9tat belge \u00e0 anticiper, arbitrer et ex\u00e9cuter. En filigrane, c\u2019est la performance m\u00eame de la gouvernance publique qui est en cause.<\/em><\/strong><\/p>\n\n\n\n<p class=\"wp-block-paragraph\">La Belgique n\u2019est pas seulement confront\u00e9e \u00e0 une accumulation de crises. Elle est confront\u00e9e \u00e0 un probl\u00e8me de performance publique.<\/p>\n\n\n\n<p class=\"wp-block-paragraph\">Depuis le Covid-19 jusqu\u2019\u00e0 la mont\u00e9e du narcotrafic, en passant par la pression migratoire et le d\u00e9crochage d\u00e9mographique, un m\u00eame constat s\u2019impose : l\u2019\u00c9tat belge peine \u00e0 produire des r\u00e9ponses lisibles, rapides et efficaces. Ce d\u00e9ficit ne rel\u00e8ve pas uniquement des contraintes institutionnelles ou budg\u00e9taires. Il traduit une s\u00e9rie de dysfonctionnements plus profonds dans la mani\u00e8re de concevoir et d\u2019exercer le pouvoir.<\/p>\n\n\n\n<p class=\"wp-block-paragraph\">Cinq tendances permettent d\u2019en cerner les contours.<\/p>\n\n\n\n<h6 class=\"wp-block-heading\">Une dilution de la responsabilit\u00e9 d\u00e9cisionnelle<\/h6>\n\n\n\n<p class=\"wp-block-paragraph\">La gestion de la pand\u00e9mie a illustr\u00e9 une difficult\u00e9 majeure : identifier clairement qui d\u00e9cide, sur quelle base et avec quel degr\u00e9 de responsabilit\u00e9.<\/p>\n\n\n\n<p class=\"wp-block-paragraph\">L\u2019empilement des niveaux de pouvoir et la multiplication des organes de concertation ont conduit \u00e0 une prise de d\u00e9cision fragment\u00e9e, parfois contradictoire, souvent tardive. Cette dilution nuit \u00e0 la lisibilit\u00e9 de l\u2019action publique et complique son \u00e9valuation.<\/p>\n\n\n\n<p class=\"wp-block-paragraph\">Ce sch\u00e9ma se retrouve dans d\u2019autres politiques. En mati\u00e8re migratoire comme en mati\u00e8re de s\u00e9curit\u00e9, l\u2019absence de pilotage centralis\u00e9 fort r\u00e9duit la capacit\u00e9 \u00e0 fixer des priorit\u00e9s et \u00e0 en mesurer les r\u00e9sultats.<\/p>\n\n\n\n<h6 class=\"wp-block-heading\">Un arbitrage politique sous contrainte permanente<\/h6>\n\n\n\n<p class=\"wp-block-paragraph\">Le syst\u00e8me belge produit des compromis, mais ces compromis tendent de plus en plus \u00e0 neutraliser l\u2019action.<\/p>\n\n\n\n<p class=\"wp-block-paragraph\">Chaque r\u00e9forme significative implique un co\u00fbt politique \u00e9lev\u00e9 au sein de coalitions h\u00e9t\u00e9rog\u00e8nes. Il en r\u00e9sulte des d\u00e9cisions minimales, souvent calibr\u00e9es pour pr\u00e9server les \u00e9quilibres internes plut\u00f4t que pour maximiser l\u2019efficacit\u00e9.<\/p>\n\n\n\n<p class=\"wp-block-paragraph\">Ce biais est particuli\u00e8rement visible dans des domaines sensibles comme l\u2019asile, la justice ou la s\u00e9curit\u00e9. Les arbitrages privil\u00e9gient la stabilit\u00e9 politique imm\u00e9diate au d\u00e9triment de la r\u00e9solution structurelle des probl\u00e8mes.<\/p>\n\n\n\n<h6 class=\"wp-block-heading\">Une sous-capacit\u00e9 d\u2019anticipation strat\u00e9gique<\/h6>\n\n\n\n<p class=\"wp-block-paragraph\">Plusieurs crises r\u00e9centes avaient \u00e9t\u00e9 largement anticip\u00e9es dans la litt\u00e9rature acad\u00e9mique et les rapports institutionnels.<\/p>\n\n\n\n<ul class=\"wp-block-list\">\n<li>Le risque pand\u00e9mique \u00e9tait document\u00e9.<\/li>\n\n\n\n<li>L\u2019infiltration des ports europ\u00e9ens par les r\u00e9seaux criminels \u00e9tait identifi\u00e9e.<\/li>\n\n\n\n<li>Le vieillissement d\u00e9mographique et la baisse de la natalit\u00e9 \u00e9taient connus de longue date.<\/li>\n<\/ul>\n\n\n\n<p class=\"wp-block-paragraph\">Pourtant, les investissements et les r\u00e9formes n\u00e9cessaires ont \u00e9t\u00e9 insuffisants ou tardifs. Cette incapacit\u00e9 \u00e0 traduire des diagnostics partag\u00e9s en d\u00e9cisions op\u00e9rationnelles r\u00e9v\u00e8le une faiblesse de la planification strat\u00e9gique.<\/p>\n\n\n\n<h6 class=\"wp-block-heading\">Une inefficacit\u00e9 op\u00e9rationnelle croissante<\/h6>\n\n\n\n<p class=\"wp-block-paragraph\">Au-del\u00e0 des d\u00e9cisions, c\u2019est leur ex\u00e9cution qui pose question.<\/p>\n\n\n\n<p class=\"wp-block-paragraph\">Dans la lutte contre le narcotrafic, le d\u00e9calage entre l\u2019ampleur des flux financiers criminels et les moyens judiciaires et policiers reste significatif. En mati\u00e8re migratoire, la saturation des proc\u00e9dures et la faiblesse des retours effectifs illustrent les limites de la cha\u00eene administrative.<\/p>\n\n\n\n<p class=\"wp-block-paragraph\">Plus largement, l\u2019action publique souffre d\u2019un manque d\u2019indicateurs de performance clairs et d\u2019une culture de l\u2019\u00e9valuation encore insuffisamment d\u00e9velopp\u00e9e. L\u2019\u00c9tat agit, mais mesure peu son efficacit\u00e9 r\u00e9elle.<\/p>\n\n\n\n<h6 class=\"wp-block-heading\">Un angle mort d\u00e9mographique aux implications \u00e9conomiques majeures<\/h6>\n\n\n\n<p class=\"wp-block-paragraph\">La question d\u00e9mographique reste sous-trait\u00e9e dans le d\u00e9bat public, alors m\u00eame qu\u2019elle conditionne directement les \u00e9quilibres \u00e9conomiques futurs.<\/p>\n\n\n\n<p class=\"wp-block-paragraph\">La baisse de la natalit\u00e9, combin\u00e9e au vieillissement, exerce une pression croissante sur le financement des pensions, sur le march\u00e9 du travail et sur les finances publiques. \u00c0 moyen terme, elle pose la question du ratio actifs\/inactifs et de la soutenabilit\u00e9 du mod\u00e8le social.<\/p>\n\n\n\n<p class=\"wp-block-paragraph\">Or, les politiques familiales et d\u2019acc\u00e8s au logement restent fragment\u00e9es et d\u2019ampleur limit\u00e9e. En l\u2019absence de strat\u00e9gie coh\u00e9rente, le risque est celui d\u2019un ajustement subi plut\u00f4t que pilot\u00e9.<\/p>\n\n\n\n<p class=\"wp-block-paragraph\">La Belgique conserve des atouts significatifs : une \u00e9conomie diversifi\u00e9e, une position strat\u00e9gique en Europe, une capacit\u00e9 historique de compromis. Mais ces forces ne suffisent plus \u00e0 compenser un d\u00e9ficit croissant de pilotage et d\u2019ex\u00e9cution.<\/p>\n\n\n\n<p class=\"wp-block-paragraph\">Dans un environnement marqu\u00e9 par des chocs multiples et rapides, la question n\u2019est plus seulement celle des orientations politiques. Elle est celle de la capacit\u00e9 \u00e0 d\u00e9livrer des r\u00e9sultats.<\/p>\n\n\n\n<p class=\"wp-block-paragraph\">C\u2019est sur ce terrain \u2014 celui de l\u2019efficacit\u00e9 concr\u00e8te de l\u2019action publique \u2014 que se jouera, dans les ann\u00e9es \u00e0 venir, la cr\u00e9dibilit\u00e9 des \u00e9lites belges.<\/p>\n\n\n\n<p class=\"wp-block-paragraph\"><\/p>\n\n\n\n<p class=\"wp-block-paragraph\"><\/p>\n\n\n\n<p class=\"wp-block-paragraph\">Carl-Alexandre Robyn, essayiste politique, observateur des flux migratoires et des dynamiques d\u00e9mographiques, auteur du livre \u00ab\u00a0<em><a href=\"https:\/\/www.amazon.com.be\/dp\/B0H9LTYCFB\">Le suicide d\u00e9mographique belge<\/a><\/em>\u00a0\u00bb (sous-titre\u00a0: \u00ab\u00a0<em>Immigration, natalit\u00e9, aveuglement politique\u00a0: les m\u00e9canismes d\u2019un effondrement programm\u00e9<\/em>\u00a0\u00bb), 2026, Amazon Books.<\/p>\n\n\n\n<p class=\"wp-block-paragraph\"><\/p>\n","protected":false},"excerpt":{"rendered":"<p>Crises sanitaire, migratoire, s\u00e9curitaire et d\u00e9mographique : au-del\u00e0 de leur diversit\u00e9, ces chocs successifs interrogent la capacit\u00e9 de l\u2019\u00c9tat belge \u00e0 anticiper, arbitrer et ex\u00e9cuter. En filigrane, c\u2019est la performance m\u00eame de la gouvernance publique qui est en cause. La Belgique n\u2019est pas seulement confront\u00e9e \u00e0 une accumulation de crises. Elle est confront\u00e9e \u00e0 un [&hellip;]<\/p>\n","protected":false},"author":1,"featured_media":0,"comment_status":"open","ping_status":"open","sticky":false,"template":"","format":"standard","meta":{"_monsterinsights_skip_tracking":false,"_uf_show_specific_survey":0,"_uf_disable_surveys":false,"footnotes":""},"categories":[22,65,1,63],"tags":[],"class_list":["post-3093","post","type-post","status-publish","format-standard","hentry","category-democratie","category-demographie","category-immigration","category-souverainete"],"_links":{"self":[{"href":"https:\/\/droitemoderniste.be\/index.php\/wp-json\/wp\/v2\/posts\/3093","targetHints":{"allow":["GET"]}}],"collection":[{"href":"https:\/\/droitemoderniste.be\/index.php\/wp-json\/wp\/v2\/posts"}],"about":[{"href":"https:\/\/droitemoderniste.be\/index.php\/wp-json\/wp\/v2\/types\/post"}],"author":[{"embeddable":true,"href":"https:\/\/droitemoderniste.be\/index.php\/wp-json\/wp\/v2\/users\/1"}],"replies":[{"embeddable":true,"href":"https:\/\/droitemoderniste.be\/index.php\/wp-json\/wp\/v2\/comments?post=3093"}],"version-history":[{"count":1,"href":"https:\/\/droitemoderniste.be\/index.php\/wp-json\/wp\/v2\/posts\/3093\/revisions"}],"predecessor-version":[{"id":3095,"href":"https:\/\/droitemoderniste.be\/index.php\/wp-json\/wp\/v2\/posts\/3093\/revisions\/3095"}],"wp:attachment":[{"href":"https:\/\/droitemoderniste.be\/index.php\/wp-json\/wp\/v2\/media?parent=3093"}],"wp:term":[{"taxonomy":"category","embeddable":true,"href":"https:\/\/droitemoderniste.be\/index.php\/wp-json\/wp\/v2\/categories?post=3093"},{"taxonomy":"post_tag","embeddable":true,"href":"https:\/\/droitemoderniste.be\/index.php\/wp-json\/wp\/v2\/tags?post=3093"}],"curies":[{"name":"wp","href":"https:\/\/api.w.org\/{rel}","templated":true}]}}