{"id":3090,"date":"2026-08-02T10:46:52","date_gmt":"2026-08-02T08:46:52","guid":{"rendered":"https:\/\/droitemoderniste.be\/?p=3090"},"modified":"2026-08-02T10:46:52","modified_gmt":"2026-08-02T08:46:52","slug":"impact-economique-des-sanctions-du-mecanisme-de-solidarite-obligatoire-et-payant-sur-le-budget-belge","status":"publish","type":"post","link":"https:\/\/droitemoderniste.be\/index.php\/2026\/08\/02\/impact-economique-des-sanctions-du-mecanisme-de-solidarite-obligatoire-et-payant-sur-le-budget-belge\/","title":{"rendered":"Impact \u00e9conomique des sanctions du m\u00e9canisme de solidarit\u00e9 obligatoire et payant sur le budget belge"},"content":{"rendered":"\n<figure class=\"wp-block-image size-full\"><img loading=\"lazy\" decoding=\"async\" width=\"700\" height=\"393\" src=\"https:\/\/droitemoderniste.be\/wp-content\/uploads\/2026\/08\/migrants.jpg\" alt=\"\" class=\"wp-image-3091\" srcset=\"https:\/\/droitemoderniste.be\/wp-content\/uploads\/2026\/08\/migrants.jpg 700w, https:\/\/droitemoderniste.be\/wp-content\/uploads\/2026\/08\/migrants-300x168.jpg 300w\" sizes=\"auto, (max-width: 700px) 100vw, 700px\" \/><\/figure>\n\n\n\n<p class=\"wp-block-paragraph\">Le nouveau Pacte europ\u00e9en sur la migration et l\u2019asile, entr\u00e9 en vigueur le 12 juin 2026, pr\u00e9voit un m\u00e9canisme de solidarit\u00e9 obligatoire avec une sanction financi\u00e8re de 20 000 euros par migrant non accueilli pour les \u00c9tats r\u00e9calcitrants. Pour la Belgique, d\u00e9j\u00e0 confront\u00e9e \u00e0 une crise de l\u2019accueil, ces sanctions pourraient peser lourdement sur un budget f\u00e9d\u00e9ral d\u00e9j\u00e0 sous tension.<\/p>\n\n\n\n<p class=\"wp-block-paragraph\">Le Pacte impose aux \u00c9tats membres de participer \u00e0 un m\u00e9canisme de solidarit\u00e9 en cas de pression migratoire sur un pays de premi\u00e8re ligne (Espagne, Gr\u00e8ce, Italie, etc.). Les \u00c9tats peuvent choisir entre :<\/p>\n\n\n\n<ul class=\"wp-block-list\">\n<li>Relocaliser des demandeurs d\u2019asile depuis les pays sous pression ;<\/li>\n\n\n\n<li>Ou verser une contribution financi\u00e8re alternative (montant non fix\u00e9 dans le Pacte, mais estim\u00e9 autour de 6 000 \u00e0 8 000 euros par migrant).<\/li>\n<\/ul>\n\n\n\n<p class=\"wp-block-paragraph\">En cas de refus pur et simple de participer, une amende de 20 000 euros par migrant peut \u00eatre inflig\u00e9e.<\/p>\n\n\n\n<p class=\"wp-block-paragraph\">En fonction du nombre de migrants que la Belgique pourrait refuser d\u2019accueillir (par saturation ou choix politique), les sanctions varient fortement :<\/p>\n\n\n\n<figure class=\"wp-block-table\"><table class=\"has-fixed-layout\"><thead><tr><td><strong>Sc\u00e9nario<\/strong><strong><\/strong><\/td><td><strong>Migrants non accueillis<\/strong><strong><\/strong><\/td><td><strong>Sanction totale<\/strong><strong><\/strong><\/td><\/tr><\/thead><tbody><tr><td>Bas<\/td><td>500<\/td><td><strong>10 millions d\u2019euros<\/strong><\/td><\/tr><tr><td>Moyen<\/td><td>1 000<\/td><td><strong>20 millions d\u2019euros<\/strong><\/td><\/tr><tr><td>Haut<\/td><td>2 000<\/td><td><strong>40 millions d\u2019euros<\/strong><\/td><\/tr><tr><td>Tr\u00e8s haut<\/td><td>5 000<\/td><td><strong>100 millions d\u2019euros<\/strong><\/td><\/tr><\/tbody><\/table><\/figure>\n\n\n\n<p class=\"wp-block-paragraph\">\u00c0 titre de comparaison, le budget f\u00e9d\u00e9ral belge d\u00e9di\u00e9 \u00e0 la mission \u00ab Immigration, asile et int\u00e9gration \u00bb s\u2019\u00e9l\u00e8ve \u00e0 2,16 milliards d\u2019euros en 2026, en l\u00e9g\u00e8re hausse par rapport \u00e0 2025. Une sanction de 20 \u00e0 40 millions d\u2019euros repr\u00e9senterait donc 1 \u00e0 2% de ce budget, mais pourrait s\u2019ajouter \u00e0 des co\u00fbts d\u00e9j\u00e0 explosifs.<\/p>\n\n\n\n<p class=\"wp-block-paragraph\">Paradoxalement, accueillir peut co\u00fbter plus cher que payer la sanction. En 2025, le co\u00fbt mensuel moyen de la prise en charge des demandeurs d\u2019asile en attente de d\u00e9cision s\u2019\u00e9l\u00e8ve \u00e0 94 millions d\u2019euros pour la Belgique, selon les donn\u00e9es de la DGEF. Le co\u00fbt annuel total de l\u2019asile est estim\u00e9 \u00e0 1,85 milliard d\u2019euros en 2025, incluant h\u00e9bergement, proc\u00e9dures, aide sociale et int\u00e9gration.<\/p>\n\n\n\n<ul class=\"wp-block-list\">\n<li>Co\u00fbt moyen par demandeur : environ 30 euros par jour en h\u00e9bergement d\u2019urgence, soit 10 950 euros par an.<\/li>\n\n\n\n<li>Co\u00fbt en centre d\u2019accueil pour demandeur d\u2019asile (Cada) : jusqu\u2019\u00e0 165 euros par mois pour un adulte, soit pr\u00e8s de 2 000 euros par an, sans compter les frais m\u00e9dicaux, scolaires, etc.<\/li>\n<\/ul>\n\n\n\n<p class=\"wp-block-paragraph\">Ainsi, sur un s\u00e9jour moyen de 18 mois (d\u00e9lai actuel de traitement), un demandeur d\u2019asile co\u00fbte environ 16 000 \u00e0 20 000 euros \u00e0 la Belgique \u2014 un montant proche, voire inf\u00e9rieur, \u00e0 la sanction de 20 000 euros.<\/p>\n\n\n\n<p class=\"wp-block-paragraph\">Au-del\u00e0 des sanctions, la Belgique doit financer :<\/p>\n\n\n\n<ul class=\"wp-block-list\">\n<li>Fedasil : l\u2019Agence f\u00e9d\u00e9rale pour l\u2019accueil, dont le budget a augment\u00e9 de 18% en 2026 pour atteindre 479,34 millions d\u2019euros pour les centres d\u2019accueil (Cada).<\/li>\n\n\n\n<li>CPAS : les communes avancent les revenus d\u2019int\u00e9gration (816 euros\/mois par personne), rembours\u00e9s par le f\u00e9d\u00e9ral, mais avec des d\u00e9lais de paiement qui cr\u00e9ent des tensions.<\/li>\n\n\n\n<li>Proc\u00e9dures d\u2019asile : le CGRA et l\u2019Office des \u00e9trangers ont des co\u00fbts de personnel et de fonctionnement estim\u00e9s \u00e0 des dizaines de millions d\u2019euros par an.<\/li>\n<\/ul>\n\n\n\n<p class=\"wp-block-paragraph\">En 2025, le co\u00fbt total de l\u2019asile (accueil, proc\u00e9dures, int\u00e9gration) avoisine 2 milliards d\u2019euros, soit une part significative du budget f\u00e9d\u00e9ral.<\/p>\n\n\n\n<p class=\"wp-block-paragraph\">La Belgique se trouve dans une situation corn\u00e9lienne :<\/p>\n\n\n\n<ul class=\"wp-block-list\">\n<li>Si elle refuse d\u2019accueillir : elle risque des sanctions de 10 \u00e0 100 millions d\u2019euros, mais \u00e9conomise sur les co\u00fbts d\u2019h\u00e9bergement et d\u2019int\u00e9gration.<\/li>\n\n\n\n<li>Si elle accueille : elle \u00e9vite les sanctions, mais doit financer un syst\u00e8me d\u2019accueil d\u00e9j\u00e0 satur\u00e9, avec des co\u00fbts par migrant potentiellement sup\u00e9rieurs \u00e0 la sanction.<\/li>\n<\/ul>\n\n\n\n<p class=\"wp-block-paragraph\">Ce calcul explique pourquoi le <mark style=\"background-color:rgba(0, 0, 0, 0);color:#ff6900\" class=\"has-inline-color\">MDM<\/mark> et certains responsables politiques belges plaident pour une contribution financi\u00e8re alternative (moins ch\u00e8re que l\u2019accueil) ou une n\u00e9gociation d\u2019un statut sp\u00e9cial(comme le Danemark) pour \u00e9chapper \u00e0 ce dilemme.<\/p>\n\n\n\n<h5 class=\"wp-block-heading\">En r\u00e9sum\u00e9<\/h5>\n\n\n\n<figure class=\"wp-block-table\"><table class=\"has-fixed-layout\"><thead><tr><td><strong>Poste de d\u00e9pense<\/strong><strong><\/strong><\/td><td><strong>Montant (2025-2026)<\/strong><strong><\/strong><\/td><\/tr><\/thead><tbody><tr><td>Budget \u00ab Immigration, asile, int\u00e9gration \u00bb<\/td><td>2,16 milliards d\u2019euros (2026)<\/td><\/tr><tr><td>Co\u00fbt total de l\u2019asile (accueil + proc\u00e9dures)<\/td><td>~1,85 milliard d\u2019euros (2025)<\/td><\/tr><tr><td>Sanction Pacte (sc\u00e9nario moyen : 1 000 migrants)<\/td><td>20 millions d\u2019euros<\/td><\/tr><tr><td>Co\u00fbt moyen d\u2019accueil par demandeur (18 mois)<\/td><td>~16 000 \u00e0 20 000 euros<\/td><\/tr><\/tbody><\/table><\/figure>\n\n\n\n<p class=\"wp-block-paragraph\">Les sanctions du Pacte ne sont pas qu\u2019une menace abstraite : elles s\u2019inscrivent dans un contexte budg\u00e9taire d\u00e9j\u00e0 tendu, o\u00f9 chaque migrant accueilli ou refus\u00e9 a un impact financier direct. Pour la Belgique, la question n\u2019est plus seulement politique ou humanitaire : elle est budg\u00e9taire et strat\u00e9gique.<\/p>\n\n\n\n<p class=\"wp-block-paragraph\"><\/p>\n","protected":false},"excerpt":{"rendered":"<p>Le nouveau Pacte europ\u00e9en sur la migration et l\u2019asile, entr\u00e9 en vigueur le 12 juin 2026, pr\u00e9voit un m\u00e9canisme de solidarit\u00e9 obligatoire avec une sanction financi\u00e8re de 20 000 euros par migrant non accueilli pour les \u00c9tats r\u00e9calcitrants. Pour la Belgique, d\u00e9j\u00e0 confront\u00e9e \u00e0 une crise de l\u2019accueil, ces sanctions pourraient peser lourdement sur un [&hellip;]<\/p>\n","protected":false},"author":1,"featured_media":0,"comment_status":"open","ping_status":"open","sticky":false,"template":"","format":"standard","meta":{"_monsterinsights_skip_tracking":false,"_uf_show_specific_survey":0,"_uf_disable_surveys":false,"footnotes":""},"categories":[64,1,41],"tags":[],"class_list":["post-3090","post","type-post","status-publish","format-standard","hentry","category-asile","category-immigration","category-union-europeenne"],"_links":{"self":[{"href":"https:\/\/droitemoderniste.be\/index.php\/wp-json\/wp\/v2\/posts\/3090","targetHints":{"allow":["GET"]}}],"collection":[{"href":"https:\/\/droitemoderniste.be\/index.php\/wp-json\/wp\/v2\/posts"}],"about":[{"href":"https:\/\/droitemoderniste.be\/index.php\/wp-json\/wp\/v2\/types\/post"}],"author":[{"embeddable":true,"href":"https:\/\/droitemoderniste.be\/index.php\/wp-json\/wp\/v2\/users\/1"}],"replies":[{"embeddable":true,"href":"https:\/\/droitemoderniste.be\/index.php\/wp-json\/wp\/v2\/comments?post=3090"}],"version-history":[{"count":1,"href":"https:\/\/droitemoderniste.be\/index.php\/wp-json\/wp\/v2\/posts\/3090\/revisions"}],"predecessor-version":[{"id":3092,"href":"https:\/\/droitemoderniste.be\/index.php\/wp-json\/wp\/v2\/posts\/3090\/revisions\/3092"}],"wp:attachment":[{"href":"https:\/\/droitemoderniste.be\/index.php\/wp-json\/wp\/v2\/media?parent=3090"}],"wp:term":[{"taxonomy":"category","embeddable":true,"href":"https:\/\/droitemoderniste.be\/index.php\/wp-json\/wp\/v2\/categories?post=3090"},{"taxonomy":"post_tag","embeddable":true,"href":"https:\/\/droitemoderniste.be\/index.php\/wp-json\/wp\/v2\/tags?post=3090"}],"curies":[{"name":"wp","href":"https:\/\/api.w.org\/{rel}","templated":true}]}}