{"id":3087,"date":"2026-08-01T10:58:14","date_gmt":"2026-08-01T08:58:14","guid":{"rendered":"https:\/\/droitemoderniste.be\/?p=3087"},"modified":"2026-08-01T10:58:14","modified_gmt":"2026-08-01T08:58:14","slug":"le-nouveau-pacte-europeen-sur-la-migration-un-racket-institutionnalise","status":"publish","type":"post","link":"https:\/\/droitemoderniste.be\/index.php\/2026\/08\/01\/le-nouveau-pacte-europeen-sur-la-migration-un-racket-institutionnalise\/","title":{"rendered":"Le Nouveau Pacte Europ\u00e9en sur la migration: un racket institutionnalis\u00e9"},"content":{"rendered":"\n<figure class=\"wp-block-image size-full\"><img loading=\"lazy\" decoding=\"async\" width=\"738\" height=\"414\" src=\"https:\/\/droitemoderniste.be\/wp-content\/uploads\/2026\/08\/sopranos1.jpg\" alt=\"\" class=\"wp-image-3088\" srcset=\"https:\/\/droitemoderniste.be\/wp-content\/uploads\/2026\/08\/sopranos1.jpg 738w, https:\/\/droitemoderniste.be\/wp-content\/uploads\/2026\/08\/sopranos1-300x168.jpg 300w\" sizes=\"auto, (max-width: 738px) 100vw, 738px\" \/><\/figure>\n\n\n\n<p class=\"wp-block-paragraph\">Le nouveau Pacte europ\u00e9en sur la migration et l\u2019asile, entr\u00e9 en vigueur le 12 juin 2026, n\u2019est pas un instrument de solidarit\u00e9 : c\u2019est un racket institutionnalis\u00e9, un ran\u00e7onnage budg\u00e9taire.<\/p>\n\n\n\n<p class=\"wp-block-paragraph\">Il impose aux pays dont les capacit\u00e9s d\u2019accueil sont d\u00e9j\u00e0 satur\u00e9es \u2014 comme la Belgique \u2014 un choix impossible : \u00e9touffer sous les demandes d\u2019asile ou payer une amende de 20 000 euros par migrant refus\u00e9.<\/p>\n\n\n\n<p class=\"wp-block-paragraph\">Pendant que les pays de premi\u00e8re ligne externalisent leurs responsabilit\u00e9s, Bruxelles transforme les \u00c9tats membres en distributeurs automatiques de migrants, sous la menace de sanctions financi\u00e8res.<\/p>\n\n\n\n<p class=\"wp-block-paragraph\">Ce n\u2019est pas de l\u2019Europe : c\u2019est du chantage institutionnalis\u00e9. \u00a0\u00a0\u00a0\u00a0\u00a0\u00a0\u00a0\u00a0\u00a0\u00a0\u00a0\u00a0\u00a0\u00a0\u00a0\u00a0\u00a0\u00a0<\/p>\n\n\n\n<p class=\"wp-block-paragraph\">Voici les arguments qui \u00e9tayent cette th\u00e8se.<\/p>\n\n\n\n<h5 class=\"wp-block-heading\">1. La m\u00e9canique du \u00ab racket \u00bb : sanctionner les pays satur\u00e9s<\/h5>\n\n\n\n<p class=\"wp-block-paragraph\">Le Pacte pr\u00e9voit un m\u00e9canisme de solidarit\u00e9 obligatoire : les \u00c9tats membres doivent accueillir un quota de demandeurs d\u2019asile (minimum de r\u00e9f\u00e9rence : 30 000 par an au niveau UE) ou verser une contribution financi\u00e8re. En cas de refus, une amende de 20 000 euros par migrant est inflig\u00e9e.<\/p>\n\n\n\n<p class=\"wp-block-paragraph\">Or, ce m\u00e9canisme s\u2019applique m\u00eame aux pays dont les capacit\u00e9s d\u2019accueil sont d\u00e9j\u00e0 satur\u00e9es :<\/p>\n\n\n\n<ul class=\"wp-block-list\">\n<li>La Belgique, par exemple, a des centres d\u2019accueil pour demandeurs d\u2019asile en surcapacit\u00e9 chronique, avec des d\u00e9lais de traitement de 18 mois ou plus.<\/li>\n\n\n\n<li>La France conna\u00eet une saturation structurelle des centres de r\u00e9tention administrative, avec des objectifs de places report\u00e9s de 2027 \u00e0 2029.<\/li>\n<\/ul>\n\n\n\n<p class=\"wp-block-paragraph\">Dans ce contexte, exiger qu\u2019un pays sature davantage sous peine de sanction revient \u00e0 lui dire : \u00ab Payez ou \u00e9touffez \u00bb. C\u2019est la d\u00e9finition m\u00eame d\u2019un racket.<\/p>\n\n\n\n<h5 class=\"wp-block-heading\">2. L\u2019absurdit\u00e9 \u00e9conomique : plus cher de sanctionner que d\u2019accueillir<\/h5>\n\n\n\n<p class=\"wp-block-paragraph\">Le Pacte cr\u00e9e une situation o\u00f9 la sanction peut co\u00fbter plus cher que l\u2019accueil :<\/p>\n\n\n\n<ul class=\"wp-block-list\">\n<li>Co\u00fbt moyen d\u2019un demandeur d\u2019asile en Belgique : 16 000 \u00e0 20 000 euros sur 18 mois.<\/li>\n\n\n\n<li>Sanction par migrant refus\u00e9 : 20 000 euros.<\/li>\n<\/ul>\n\n\n\n<p class=\"wp-block-paragraph\">Pour un pays satur\u00e9, la logique budg\u00e9taire voudrait qu\u2019il pr\u00e9f\u00e8re payer la sanction plut\u00f4t que d\u2019accueillir (co\u00fbt marginal sup\u00e9rieur). Mais le Pacte l\u2019inverse : il punit financi\u00e8rement ceux qui refusent de se saturer davantage, m\u00eame si cela est \u00e9conomiquement rationnel.<\/p>\n\n\n\n<p class=\"wp-block-paragraph\">Un rapport s\u00e9natorial fran\u00e7ais pointe d\u2019ailleurs un d\u00e9calage entre les cr\u00e9dits budg\u00e9taires et les besoins r\u00e9els, avec des estimations de 150 millions d\u2019euros pour 2026, mais des cr\u00e9dits sensiblement inf\u00e9rieurs. Le Pacte est donc une bombe budg\u00e9taire enfouie, selon certains analystes.\u00a0\u00a0<\/p>\n\n\n\n<h5 class=\"wp-block-heading\">3. Une solidarit\u00e9 \u00e0 sens unique<\/h5>\n\n\n\n<p class=\"wp-block-paragraph\">Le Pacte est pr\u00e9sent\u00e9 comme un outil de solidarit\u00e9 europ\u00e9enne, mais dans les faits :<\/p>\n\n\n\n<ul class=\"wp-block-list\">\n<li>Les pays de premi\u00e8re ligne (Gr\u00e8ce, Italie) b\u00e9n\u00e9ficient de la relocalisation ;<\/li>\n\n\n\n<li>Les pays satur\u00e9s (Belgique, France, Autriche) doivent accueillir ou payer, sans compensation r\u00e9elle ;<\/li>\n\n\n\n<li>Les pays r\u00e9fractaires (Hongrie, Pologne) ont d\u00e9j\u00e0 montr\u00e9 qu\u2019ils pouvaient r\u00e9sister sans payer, cr\u00e9ant un pr\u00e9c\u00e9dent d\u2019iniquit\u00e9.<\/li>\n<\/ul>\n\n\n\n<p class=\"wp-block-paragraph\">Cette solidarit\u00e9 s\u00e9lective renforce l\u2019id\u00e9e d\u2019un transfert de charge budg\u00e9taire des pays frontaliers vers les pays d\u00e9j\u00e0 sous pression, sans m\u00e9canisme de p\u00e9r\u00e9quation \u00e9quitable.<\/p>\n\n\n\n<p class=\"wp-block-paragraph\">En r\u00e9sum\u00e9, voici la logique : si le Pacte contraint financi\u00e8rement des pays satur\u00e9s \u00e0 accepter une charge qu\u2019ils ne peuvent assumer, c\u2019est un racket institutionnalis\u00e9.<\/p>\n\n\n\n<p class=\"wp-block-paragraph\"><\/p>\n","protected":false},"excerpt":{"rendered":"<p>Le nouveau Pacte europ\u00e9en sur la migration et l\u2019asile, entr\u00e9 en vigueur le 12 juin 2026, n\u2019est pas un instrument de solidarit\u00e9 : c\u2019est un racket institutionnalis\u00e9, un ran\u00e7onnage budg\u00e9taire. Il impose aux pays dont les capacit\u00e9s d\u2019accueil sont d\u00e9j\u00e0 satur\u00e9es \u2014 comme la Belgique \u2014 un choix impossible : \u00e9touffer sous les demandes d\u2019asile [&hellip;]<\/p>\n","protected":false},"author":1,"featured_media":0,"comment_status":"open","ping_status":"open","sticky":false,"template":"","format":"standard","meta":{"_monsterinsights_skip_tracking":false,"_uf_show_specific_survey":0,"_uf_disable_surveys":false,"footnotes":""},"categories":[64,1,63],"tags":[],"class_list":["post-3087","post","type-post","status-publish","format-standard","hentry","category-asile","category-immigration","category-souverainete"],"_links":{"self":[{"href":"https:\/\/droitemoderniste.be\/index.php\/wp-json\/wp\/v2\/posts\/3087","targetHints":{"allow":["GET"]}}],"collection":[{"href":"https:\/\/droitemoderniste.be\/index.php\/wp-json\/wp\/v2\/posts"}],"about":[{"href":"https:\/\/droitemoderniste.be\/index.php\/wp-json\/wp\/v2\/types\/post"}],"author":[{"embeddable":true,"href":"https:\/\/droitemoderniste.be\/index.php\/wp-json\/wp\/v2\/users\/1"}],"replies":[{"embeddable":true,"href":"https:\/\/droitemoderniste.be\/index.php\/wp-json\/wp\/v2\/comments?post=3087"}],"version-history":[{"count":1,"href":"https:\/\/droitemoderniste.be\/index.php\/wp-json\/wp\/v2\/posts\/3087\/revisions"}],"predecessor-version":[{"id":3089,"href":"https:\/\/droitemoderniste.be\/index.php\/wp-json\/wp\/v2\/posts\/3087\/revisions\/3089"}],"wp:attachment":[{"href":"https:\/\/droitemoderniste.be\/index.php\/wp-json\/wp\/v2\/media?parent=3087"}],"wp:term":[{"taxonomy":"category","embeddable":true,"href":"https:\/\/droitemoderniste.be\/index.php\/wp-json\/wp\/v2\/categories?post=3087"},{"taxonomy":"post_tag","embeddable":true,"href":"https:\/\/droitemoderniste.be\/index.php\/wp-json\/wp\/v2\/tags?post=3087"}],"curies":[{"name":"wp","href":"https:\/\/api.w.org\/{rel}","templated":true}]}}