{"id":3083,"date":"2026-07-31T10:24:42","date_gmt":"2026-07-31T08:24:42","guid":{"rendered":"https:\/\/droitemoderniste.be\/?p=3083"},"modified":"2026-07-31T10:24:42","modified_gmt":"2026-07-31T08:24:42","slug":"le-rearmement-demographique-condition-de-survie-de-letat-social-belge","status":"publish","type":"post","link":"https:\/\/droitemoderniste.be\/index.php\/2026\/07\/31\/le-rearmement-demographique-condition-de-survie-de-letat-social-belge\/","title":{"rendered":"Le r\u00e9armement d\u00e9mographique, condition de survie de l\u2019\u00c9tat social belge"},"content":{"rendered":"\n<figure class=\"wp-block-image size-large\"><img loading=\"lazy\" decoding=\"async\" width=\"1024\" height=\"683\" src=\"https:\/\/droitemoderniste.be\/wp-content\/uploads\/2026\/07\/rearmement-demographique-1024x683.png\" alt=\"\" class=\"wp-image-3084\" srcset=\"https:\/\/droitemoderniste.be\/wp-content\/uploads\/2026\/07\/rearmement-demographique-1024x683.png 1024w, https:\/\/droitemoderniste.be\/wp-content\/uploads\/2026\/07\/rearmement-demographique-300x200.png 300w, https:\/\/droitemoderniste.be\/wp-content\/uploads\/2026\/07\/rearmement-demographique-768x512.png 768w, https:\/\/droitemoderniste.be\/wp-content\/uploads\/2026\/07\/rearmement-demographique.png 1536w\" sizes=\"auto, (max-width: 1024px) 100vw, 1024px\" \/><\/figure>\n\n\n\n<p class=\"wp-block-paragraph\">La Belgique est engag\u00e9e, depuis plus d\u2019un demi-si\u00e8cle, dans une transition d\u00e9mographique silencieuse mais implacable. Avec un indice de f\u00e9condit\u00e9 tomb\u00e9 \u00e0 1,44 enfant par femme en 2025 et un solde naturel d\u00e9sormais n\u00e9gatif, notre pays ne maintient sa croissance populationnelle que gr\u00e2ce \u00e0 un flux migratoire annuel de quelque 66 000 personnes. Cette r\u00e9alit\u00e9 n\u2019est pas une simple statistique : c\u2019est une bombe \u00e0 retardement pour nos pensions, notre syst\u00e8me de sant\u00e9, notre fiscalit\u00e9 et, in fine, la coh\u00e9sion nationale.&nbsp;<\/p>\n\n\n\n<p class=\"wp-block-paragraph\">Le Bureau f\u00e9d\u00e9ral du Plan l\u2019annonce sans d\u00e9tour : d\u2019ici 2080, la Belgique comptera 46 personnes de 67 ans et plus pour 100 actifs, contre 28 aujourd\u2019hui. Autrement dit, moins de travailleurs devront financer plus de retrait\u00e9s, plus de soins de longue dur\u00e9e, plus de d\u00e9pendance. \u00c0 moins d\u2019un sursaut collectif, ce d\u00e9s\u00e9quilibre condamne notre mod\u00e8le social \u00e0 l\u2019asphyxie progressive.<\/p>\n\n\n\n<p class=\"wp-block-paragraph\">Le \u00ab r\u00e9armement d\u00e9mographique \u00bb n\u2019est ni un slogan, ni une lubie id\u00e9ologique. C\u2019est une n\u00e9cessit\u00e9 \u00e9conomique et sociale. Il s\u2019agit de redonner \u00e0 la Belgique les moyens de ma\u00eetriser son destin d\u00e9mographique plut\u00f4t que de subir passivement les cons\u00e9quences d\u2019une d\u00e9natalit\u00e9 structurelle.<\/p>\n\n\n\n<p class=\"wp-block-paragraph\">Trois imp\u00e9ratifs guident cette d\u00e9marche :<\/p>\n\n\n\n<ul class=\"wp-block-list\">\n<li><strong>Souverainet\u00e9<\/strong> : une nation qui ne renouvelle pas ses g\u00e9n\u00e9rations perd sa capacit\u00e9 \u00e0 d\u00e9cider de son avenir. La d\u00e9pendance exclusive \u00e0 la migration pour maintenir sa population est une faillite strat\u00e9gique.<\/li>\n\n\n\n<li><strong>Solidarit\u00e9<\/strong> : l\u2019\u00c9tat social repose sur un pacte interg\u00e9n\u00e9rationnel. Si ce pacte se rompt, ce sont les plus vuln\u00e9rables \u2014 retrait\u00e9s modestes, malades chroniques, personnes d\u00e9pendantes \u2014 qui paieront le prix fort.<\/li>\n\n\n\n<li><strong>Stabilit\u00e9<\/strong> : une d\u00e9mographie d\u00e9s\u00e9quilibr\u00e9e nourrit les tensions sociales, accentue les fractures territoriales et alimente les populismes.<\/li>\n<\/ul>\n\n\n\n<p class=\"wp-block-paragraph\">Le r\u00e9armement d\u00e9mographique exige un plan d\u2019action ambitieux, cr\u00e9dible et budg\u00e9tis\u00e9. Voici les piliers essentiels de notre plan :<\/p>\n\n\n\n<p class=\"wp-block-paragraph\"><strong>1. Soutien financier massif aux familles<\/strong><br>Revalorisation imm\u00e9diate des allocations familiales, avec une progressivit\u00e9 marqu\u00e9e pour le deuxi\u00e8me et troisi\u00e8me enfant. Indexation des primes de naissance et d\u2019adoption sur le co\u00fbt r\u00e9el de la vie. Cr\u00e9ation d\u2019un fonds f\u00e9d\u00e9ral d\u2019aide au logement pour les jeunes familles, combinant garanties locatives et pr\u00eats \u00e0 taux z\u00e9ro<\/p>\n\n\n\n<p class=\"wp-block-paragraph\"><strong>2. R\u00e9volution du temps et de la conciliation<\/strong><br>Allongement significatif du cong\u00e9 parental, mieux indemnis\u00e9 et ouvert aux deux parents. Droit \u00e0 un temps partiel prot\u00e9g\u00e9 et r\u00e9versible sans p\u00e9nalit\u00e9 de carri\u00e8re. D\u00e9ploiement massif de places d\u2019accueil de la petite enfance \u00e0 prix r\u00e9gul\u00e9, avec un objectif clair : z\u00e9ro famille en attente d\u2019une cr\u00e8che sous trois ans.<\/p>\n\n\n\n<p class=\"wp-block-paragraph\"><strong>3. Plan f\u00e9d\u00e9ral infertilit\u00e9<\/strong><br>Prise en charge int\u00e9grale et acc\u00e9l\u00e9r\u00e9e des traitements de PMA. Campagnes d\u2019information sur la fen\u00eatre de fertilit\u00e9 et les facteurs de risque. D\u00e9pistage et accompagnement pr\u00e9coce des couples confront\u00e9s \u00e0 l\u2019infertilit\u00e9.<\/p>\n\n\n\n<p class=\"wp-block-paragraph\"><strong>4. Fiscalit\u00e9 et emploi au service de la natalit\u00e9<\/strong><br>Introduction d\u2019un quotient familial substantiel ou de cr\u00e9dits d\u2019imp\u00f4t proportionnels au nombre d\u2019enfants \u00e0 charge. Incitations fiscales pour les employeurs qui facilitent l\u2019articulation vie familiale-vie professionnelle (t\u00e9l\u00e9travail structur\u00e9, horaires flexibles, cong\u00e9s familiaux).<\/p>\n\n\n\n<p class=\"wp-block-paragraph\">Le r\u00e9armement d\u00e9mographique ne doit jamais \u00eatre pr\u00e9sent\u00e9 comme une injonction faite aux individus, mais comme un investissement collectif dans l\u2019avenir commun. Il ne s\u2019agit pas de dire aux Belges \u00ab faites plus d\u2019enfants \u00bb, mais de leur garantir que s\u2019ils en font, l\u2019\u00c9tat sera \u00e0 leurs c\u00f4t\u00e9s.<\/p>\n\n\n\n<p class=\"wp-block-paragraph\">Ce projet doit \u00eatre port\u00e9 par un r\u00e9cit positif : celui d\u2019une Belgique qui choisit la jeunesse, la famille, la stabilit\u00e9. Un r\u00e9cit qui place la natalit\u00e9 non comme un fardeau, mais comme le socle de notre prosp\u00e9rit\u00e9 partag\u00e9e.<\/p>\n\n\n\n<p class=\"wp-block-paragraph\">Pour \u00eatre cr\u00e9dible, ce projet doit s\u2019incarner dans les institutions :<\/p>\n\n\n\n<ul class=\"wp-block-list\">\n<li>Cr\u00e9ation d\u2019une commission parlementaire \u00ab D\u00e9mographie et \u00c9tat social \u00bb charg\u00e9e de suivre et d\u2019\u00e9valuer les mesures ;<\/li>\n\n\n\n<li>Fixation d\u2019objectifs chiffr\u00e9s : viser un retour progressif \u00e0 1,8-1,9 enfant par femme \u00e0 15-20 ans ;<\/li>\n\n\n\n<li>Publication annuelle d\u2019un rapport du Bureau f\u00e9d\u00e9ral du Plan mesurant l\u2019impact des politiques men\u00e9es.\u00a0\u00a0<\/li>\n<\/ul>\n\n\n\n<p class=\"wp-block-paragraph\">C&rsquo;est l\u2019heure du sursaut<\/p>\n\n\n\n<p class=\"wp-block-paragraph\">La Belgique est \u00e0 un tournant. Elle peut continuer \u00e0 naviguer \u00e0 vue, en esp\u00e9rant que la migration compensera ind\u00e9finiment son d\u00e9ficit naturel. Ou elle peut choisir la responsabilit\u00e9, en se donnant les moyens d\u2019un v\u00e9ritable r\u00e9armement d\u00e9mographique.<\/p>\n\n\n\n<p class=\"wp-block-paragraph\">Ce choix n\u2019est pas celui d\u2019un parti, d\u2019une communaut\u00e9 ou d\u2019une id\u00e9ologie. C\u2019est celui de la raison \u00e9conomique, de la justice sociale et de la souverainet\u00e9 nationale. L\u2019histoire ne jugera pas notre \u00e9poque sur nos intentions, mais sur notre capacit\u00e9 \u00e0 pr\u00e9server ce qui fait la force de la Belgique : un \u00c9tat social solide, une coh\u00e9sion nationale r\u00e9siliente, un avenir partag\u00e9.<\/p>\n\n\n\n<p class=\"wp-block-paragraph\">Le r\u00e9armement d\u00e9mographique n\u2019est pas une option. C\u2019est une condition de survie.<\/p>\n\n\n\n<p class=\"wp-block-paragraph\"><\/p>\n\n\n\n<p class=\"wp-block-paragraph\"><\/p>\n\n\n\n<p class=\"wp-block-paragraph\">Carl-Alexandre Robyn, essayiste politique, observateur des flux migratoires et des dynamiques d\u00e9mographiques, auteur du livre \u00ab\u00a0<a href=\"https:\/\/www.amazon.com.be\/dp\/B0H9LTYCFB\" data-type=\"link\" data-id=\"https:\/\/www.amazon.com.be\/dp\/B0H9LTYCFB\">Le suicide d\u00e9mographique belge<\/a>\u00a0\u00bb, 2026, sur Amazon Books<\/p>\n\n\n\n<p class=\"wp-block-paragraph\"><\/p>\n","protected":false},"excerpt":{"rendered":"<p>La Belgique est engag\u00e9e, depuis plus d\u2019un demi-si\u00e8cle, dans une transition d\u00e9mographique silencieuse mais implacable. Avec un indice de f\u00e9condit\u00e9 tomb\u00e9 \u00e0 1,44 enfant par femme en 2025 et un solde naturel d\u00e9sormais n\u00e9gatif, notre pays ne maintient sa croissance populationnelle que gr\u00e2ce \u00e0 un flux migratoire annuel de quelque 66 000 personnes. Cette r\u00e9alit\u00e9 [&hellip;]<\/p>\n","protected":false},"author":1,"featured_media":0,"comment_status":"open","ping_status":"open","sticky":false,"template":"","format":"standard","meta":{"_monsterinsights_skip_tracking":false,"_uf_show_specific_survey":0,"_uf_disable_surveys":false,"footnotes":""},"categories":[65,49,61,63],"tags":[],"class_list":["post-3083","post","type-post","status-publish","format-standard","hentry","category-demographie","category-etat-providence","category-politique-familiale-et-nataliste","category-souverainete"],"_links":{"self":[{"href":"https:\/\/droitemoderniste.be\/index.php\/wp-json\/wp\/v2\/posts\/3083","targetHints":{"allow":["GET"]}}],"collection":[{"href":"https:\/\/droitemoderniste.be\/index.php\/wp-json\/wp\/v2\/posts"}],"about":[{"href":"https:\/\/droitemoderniste.be\/index.php\/wp-json\/wp\/v2\/types\/post"}],"author":[{"embeddable":true,"href":"https:\/\/droitemoderniste.be\/index.php\/wp-json\/wp\/v2\/users\/1"}],"replies":[{"embeddable":true,"href":"https:\/\/droitemoderniste.be\/index.php\/wp-json\/wp\/v2\/comments?post=3083"}],"version-history":[{"count":1,"href":"https:\/\/droitemoderniste.be\/index.php\/wp-json\/wp\/v2\/posts\/3083\/revisions"}],"predecessor-version":[{"id":3085,"href":"https:\/\/droitemoderniste.be\/index.php\/wp-json\/wp\/v2\/posts\/3083\/revisions\/3085"}],"wp:attachment":[{"href":"https:\/\/droitemoderniste.be\/index.php\/wp-json\/wp\/v2\/media?parent=3083"}],"wp:term":[{"taxonomy":"category","embeddable":true,"href":"https:\/\/droitemoderniste.be\/index.php\/wp-json\/wp\/v2\/categories?post=3083"},{"taxonomy":"post_tag","embeddable":true,"href":"https:\/\/droitemoderniste.be\/index.php\/wp-json\/wp\/v2\/tags?post=3083"}],"curies":[{"name":"wp","href":"https:\/\/api.w.org\/{rel}","templated":true}]}}