{"id":3080,"date":"2026-07-30T10:12:54","date_gmt":"2026-07-30T08:12:54","guid":{"rendered":"https:\/\/droitemoderniste.be\/?p=3080"},"modified":"2026-07-30T10:12:54","modified_gmt":"2026-07-30T08:12:54","slug":"belgique-les-cinq-angles-morts-dune-elite-au-pouvoir","status":"publish","type":"post","link":"https:\/\/droitemoderniste.be\/index.php\/2026\/07\/30\/belgique-les-cinq-angles-morts-dune-elite-au-pouvoir\/","title":{"rendered":"Belgique : les cinq angles morts d\u2019une \u00e9lite au pouvoir"},"content":{"rendered":"\n<figure class=\"wp-block-image size-large\"><img loading=\"lazy\" decoding=\"async\" width=\"1024\" height=\"683\" src=\"https:\/\/droitemoderniste.be\/wp-content\/uploads\/2026\/07\/5-angles-morts-1024x683.png\" alt=\"\" class=\"wp-image-3081\" srcset=\"https:\/\/droitemoderniste.be\/wp-content\/uploads\/2026\/07\/5-angles-morts-1024x683.png 1024w, https:\/\/droitemoderniste.be\/wp-content\/uploads\/2026\/07\/5-angles-morts-300x200.png 300w, https:\/\/droitemoderniste.be\/wp-content\/uploads\/2026\/07\/5-angles-morts-768x512.png 768w, https:\/\/droitemoderniste.be\/wp-content\/uploads\/2026\/07\/5-angles-morts.png 1536w\" sizes=\"auto, (max-width: 1024px) 100vw, 1024px\" \/><\/figure>\n\n\n\n<p class=\"wp-block-paragraph\"><strong><em>Face aux crises sanitaire, migratoire, s\u00e9curitaire et d\u00e9mographique, la Belgique ne souffre pas seulement de circonstances d\u00e9favorables. Elle r\u00e9v\u00e8le surtout les limites profondes de son mod\u00e8le de gouvernance et de ses \u00e9lites politiques.<\/em><\/strong><\/p>\n\n\n\n<p class=\"wp-block-paragraph\">La Belgique n\u2019est pas un pays condamn\u00e9 par les crises. Elle est un pays fragilis\u00e9 par la mani\u00e8re dont ses dirigeants y r\u00e9pondent.<\/p>\n\n\n\n<p class=\"wp-block-paragraph\">Covid-19, pression migratoire, mont\u00e9e du narcotrafic, chute de la natalit\u00e9 : ces ph\u00e9nom\u00e8nes, bien que distincts, ont agi comme des r\u00e9v\u00e9lateurs. Ils ont mis en lumi\u00e8re non seulement des failles structurelles de l\u2019\u00c9tat, mais surtout une s\u00e9rie de constantes dans l\u2019exercice du pouvoir. \u00c0 travers ces crises, un m\u00eame logiciel politique appara\u00eet \u2014 fait de prudence excessive, de fragmentation d\u00e9cisionnelle et d\u2019absence de cap.<\/p>\n\n\n\n<p class=\"wp-block-paragraph\">Cinq traits dominants permettent d\u2019en comprendre la logique : la d\u00e9mission, la capitulation, l\u2019impr\u00e9paration, l\u2019immobilisme et le manque d\u2019anticipation.<\/p>\n\n\n\n<h6 class=\"wp-block-heading\">Une forme de d\u00e9mission politique<\/h6>\n\n\n\n<p class=\"wp-block-paragraph\">La premi\u00e8re faiblesse tient \u00e0 une d\u00e9gradation progressive de la fonction politique elle-m\u00eame.<\/p>\n\n\n\n<p class=\"wp-block-paragraph\">Durant la pand\u00e9mie, la Belgique a donn\u00e9 le sentiment d\u2019un pouvoir davantage r\u00e9actif que strat\u00e9gique. L\u2019enchev\u00eatrement des niveaux de d\u00e9cision, la d\u00e9pendance \u00e0 des structures d\u2019expertise peu lisibles pour le citoyen et la difficult\u00e9 \u00e0 assumer des choix clairs ont contribu\u00e9 \u00e0 brouiller la responsabilit\u00e9 d\u00e9mocratique.<\/p>\n\n\n\n<p class=\"wp-block-paragraph\">Cette difficult\u00e9 \u00e0 incarner l\u2019autorit\u00e9 se retrouve dans d\u2019autres domaines. En mati\u00e8re migratoire, la Belgique peine \u00e0 d\u00e9finir une ligne coh\u00e9rente entre accueil, int\u00e9gration et ma\u00eetrise des flux. En mati\u00e8re de s\u00e9curit\u00e9, notamment face au narcotrafic, l\u2019\u00c9tat semble souvent intervenir en aval, une fois les ph\u00e9nom\u00e8nes install\u00e9s.<\/p>\n\n\n\n<p class=\"wp-block-paragraph\">Il ne s\u2019agit pas d\u2019une absence d\u2019action, mais d\u2019un affaiblissement de la capacit\u00e9 \u00e0 structurer une r\u00e9ponse politique lisible et assum\u00e9e.<\/p>\n\n\n\n<h6 class=\"wp-block-heading\">Une tendance \u00e0 \u00e9viter le conflit<\/h6>\n\n\n\n<p class=\"wp-block-paragraph\">Deuxi\u00e8me caract\u00e9ristique : une difficult\u00e9 croissante \u00e0 assumer le conflit d\u00e9mocratique.<\/p>\n\n\n\n<p class=\"wp-block-paragraph\">La gestion de certaines oppositions pendant la crise sanitaire, tout comme les crispations r\u00e9currentes autour des questions migratoires, illustrent une tendance \u00e0 moraliser le d\u00e9bat plut\u00f4t qu\u2019\u00e0 l\u2019organiser. Or, une d\u00e9mocratie robuste suppose la confrontation d\u2019analyses divergentes, y compris sur des sujets sensibles.<\/p>\n\n\n\n<p class=\"wp-block-paragraph\">Cette prudence excessive conduit souvent \u00e0 diff\u00e9rer les d\u00e9cisions ou \u00e0 les formuler dans des termes suffisamment ambigus pour \u00e9viter toute rupture politique. \u00c0 court terme, cela stabilise les coalitions. \u00c0 long terme, cela alimente la d\u00e9fiance.<\/p>\n\n\n\n<h6 class=\"wp-block-heading\">Une impr\u00e9paration persistante<\/h6>\n\n\n\n<p class=\"wp-block-paragraph\">La r\u00e9p\u00e9tition des crises met \u00e9galement en \u00e9vidence un d\u00e9ficit d\u2019anticipation op\u00e9rationnelle.<\/p>\n\n\n\n<p class=\"wp-block-paragraph\">La pand\u00e9mie a r\u00e9v\u00e9l\u00e9 les limites d\u2019un \u00c9tat fragment\u00e9 face \u00e0 une situation d\u2019urgence. La mont\u00e9e du narcotrafic dans les grands centres urbains, notamment autour des infrastructures portuaires, avait \u00e9t\u00e9 largement document\u00e9e en amont. De m\u00eame, les dynamiques d\u00e9mographiques \u00e0 l\u2019\u0153uvre \u2014 vieillissement, baisse de la natalit\u00e9 \u2014 sont connues depuis plusieurs d\u00e9cennies.<\/p>\n\n\n\n<p class=\"wp-block-paragraph\">Pourtant, les r\u00e9ponses restent souvent tardives, partielles ou dispers\u00e9es. Ce d\u00e9calage entre connaissance des risques et capacit\u00e9 d\u2019action nourrit un sentiment d\u2019impr\u00e9paration chronique.<\/p>\n\n\n\n<h6 class=\"wp-block-heading\">Un immobilisme structurel<\/h6>\n\n\n\n<p class=\"wp-block-paragraph\">Le fonctionnement institutionnel belge, fond\u00e9 sur la recherche constante de compromis, tend \u00e0 ralentir les r\u00e9formes structurelles.<\/p>\n\n\n\n<p class=\"wp-block-paragraph\">Les m\u00e9canismes de concertation, indispensables dans un \u00c9tat complexe, deviennent parfois des instruments de blocage. Chaque niveau de pouvoir, chaque partenaire de coalition, chaque sensibilit\u00e9 politique dispose de leviers permettant de freiner les d\u00e9cisions les plus sensibles.<\/p>\n\n\n\n<p class=\"wp-block-paragraph\">En mati\u00e8re d\u2019asile, de s\u00e9curit\u00e9 ou de politique familiale, cette dynamique se traduit par des ajustements marginaux plut\u00f4t que par des r\u00e9formes d\u2019ampleur. Le syst\u00e8me produit de la stabilit\u00e9, mais peine \u00e0 se transformer.<\/p>\n\n\n\n<h6 class=\"wp-block-heading\">Un d\u00e9ficit de vision \u00e0 long terme<\/h6>\n\n\n\n<p class=\"wp-block-paragraph\">Enfin, le trait le plus pr\u00e9occupant r\u00e9side sans doute dans la difficult\u00e9 \u00e0 penser le temps long.<\/p>\n\n\n\n<p class=\"wp-block-paragraph\">Les enjeux d\u00e9mographiques, s\u00e9curitaires ou sociaux n\u00e9cessitent des strat\u00e9gies qui d\u00e9passent les cycles \u00e9lectoraux. Or, le d\u00e9bat public reste largement structur\u00e9 par l\u2019urgence et la r\u00e9action imm\u00e9diate.<\/p>\n\n\n\n<p class=\"wp-block-paragraph\">La question de la natalit\u00e9, par exemple, engage directement les \u00e9quilibres \u00e9conomiques et sociaux futurs. Celle du narcotrafic interroge la capacit\u00e9 de l\u2019\u00c9tat \u00e0 maintenir son autorit\u00e9 sur certaines portions du territoire. Ces sujets exigent des politiques coh\u00e9rentes, continues et assum\u00e9es sur plusieurs ann\u00e9es.<\/p>\n\n\n\n<p class=\"wp-block-paragraph\">La Belgique dispose d\u2019atouts consid\u00e9rables : une \u00e9conomie ouverte, des institutions d\u00e9mocratiques solides, une capacit\u00e9 de compromis reconnue. Mais ces forces peuvent devenir des faiblesses lorsqu\u2019elles se traduisent par une dilution des responsabilit\u00e9s et une difficult\u00e9 \u00e0 d\u00e9cider.<\/p>\n\n\n\n<p class=\"wp-block-paragraph\">Les crises r\u00e9centes n\u2019ont pas seulement test\u00e9 la r\u00e9silience du pays. Elles ont pos\u00e9 une question plus fondamentale : celle de la capacit\u00e9 de ses \u00e9lites \u00e0 gouverner dans un environnement instable, conflictuel et incertain.<\/p>\n\n\n\n<p class=\"wp-block-paragraph\">\u00c0 cette question, la r\u00e9ponse reste, \u00e0 ce stade, incompl\u00e8te.<\/p>\n\n\n\n<p class=\"wp-block-paragraph\"><\/p>\n\n\n\n<p class=\"wp-block-paragraph\"><\/p>\n\n\n\n<p class=\"wp-block-paragraph\"><\/p>\n\n\n\n<p class=\"wp-block-paragraph\">R\u00e9flexion inspir\u00e9e par le livre \u00ab\u00a0<em><a href=\"https:\/\/www.amazon.com.be\/dp\/B0H9LTYCFB\">Le suicide d\u00e9mographique belge<\/a><\/em>\u00a0\u00bb (sous-titre\u00a0: \u00ab\u00a0<em>Immigration, natalit\u00e9, aveuglement politique\u00a0: les m\u00e9canismes d\u2019un effondrement programm\u00e9<\/em>\u00a0\u00bb), 2026, Amazon Books.<\/p>\n\n\n\n<p class=\"wp-block-paragraph\"><\/p>\n","protected":false},"excerpt":{"rendered":"<p>Face aux crises sanitaire, migratoire, s\u00e9curitaire et d\u00e9mographique, la Belgique ne souffre pas seulement de circonstances d\u00e9favorables. Elle r\u00e9v\u00e8le surtout les limites profondes de son mod\u00e8le de gouvernance et de ses \u00e9lites politiques. La Belgique n\u2019est pas un pays condamn\u00e9 par les crises. Elle est un pays fragilis\u00e9 par la mani\u00e8re dont ses dirigeants y [&hellip;]<\/p>\n","protected":false},"author":1,"featured_media":0,"comment_status":"open","ping_status":"open","sticky":false,"template":"","format":"standard","meta":{"_monsterinsights_skip_tracking":false,"_uf_show_specific_survey":0,"_uf_disable_surveys":false,"footnotes":""},"categories":[22,66],"tags":[],"class_list":["post-3080","post","type-post","status-publish","format-standard","hentry","category-democratie","category-gouvernance-publique"],"_links":{"self":[{"href":"https:\/\/droitemoderniste.be\/index.php\/wp-json\/wp\/v2\/posts\/3080","targetHints":{"allow":["GET"]}}],"collection":[{"href":"https:\/\/droitemoderniste.be\/index.php\/wp-json\/wp\/v2\/posts"}],"about":[{"href":"https:\/\/droitemoderniste.be\/index.php\/wp-json\/wp\/v2\/types\/post"}],"author":[{"embeddable":true,"href":"https:\/\/droitemoderniste.be\/index.php\/wp-json\/wp\/v2\/users\/1"}],"replies":[{"embeddable":true,"href":"https:\/\/droitemoderniste.be\/index.php\/wp-json\/wp\/v2\/comments?post=3080"}],"version-history":[{"count":1,"href":"https:\/\/droitemoderniste.be\/index.php\/wp-json\/wp\/v2\/posts\/3080\/revisions"}],"predecessor-version":[{"id":3082,"href":"https:\/\/droitemoderniste.be\/index.php\/wp-json\/wp\/v2\/posts\/3080\/revisions\/3082"}],"wp:attachment":[{"href":"https:\/\/droitemoderniste.be\/index.php\/wp-json\/wp\/v2\/media?parent=3080"}],"wp:term":[{"taxonomy":"category","embeddable":true,"href":"https:\/\/droitemoderniste.be\/index.php\/wp-json\/wp\/v2\/categories?post=3080"},{"taxonomy":"post_tag","embeddable":true,"href":"https:\/\/droitemoderniste.be\/index.php\/wp-json\/wp\/v2\/tags?post=3080"}],"curies":[{"name":"wp","href":"https:\/\/api.w.org\/{rel}","templated":true}]}}