{"id":3076,"date":"2026-07-29T14:23:37","date_gmt":"2026-07-29T12:23:37","guid":{"rendered":"https:\/\/droitemoderniste.be\/?p=3076"},"modified":"2026-07-29T14:25:01","modified_gmt":"2026-07-29T12:25:01","slug":"lecon-japonaise-quand-la-rarete-du-travail-cree-la-richesse","status":"publish","type":"post","link":"https:\/\/droitemoderniste.be\/index.php\/2026\/07\/29\/lecon-japonaise-quand-la-rarete-du-travail-cree-la-richesse\/","title":{"rendered":"Le\u00e7on japonaise : quand la raret\u00e9 du travail cr\u00e9e la richesse"},"content":{"rendered":"\n<figure class=\"wp-block-image size-large\"><img loading=\"lazy\" decoding=\"async\" width=\"1024\" height=\"683\" src=\"https:\/\/droitemoderniste.be\/wp-content\/uploads\/2026\/07\/lecon-japonaise-1024x683.png\" alt=\"\" class=\"wp-image-3077\" srcset=\"https:\/\/droitemoderniste.be\/wp-content\/uploads\/2026\/07\/lecon-japonaise-1024x683.png 1024w, https:\/\/droitemoderniste.be\/wp-content\/uploads\/2026\/07\/lecon-japonaise-300x200.png 300w, https:\/\/droitemoderniste.be\/wp-content\/uploads\/2026\/07\/lecon-japonaise-768x512.png 768w, https:\/\/droitemoderniste.be\/wp-content\/uploads\/2026\/07\/lecon-japonaise.png 1536w\" sizes=\"auto, (max-width: 1024px) 100vw, 1024px\" \/><\/figure>\n\n\n\n<p class=\"wp-block-paragraph\">Alors que l\u2019Europe s\u2019enfonce dans ses certitudes d\u00e9mographiques et ses dogmes sociaux, le Japon ass\u00e8ne une v\u00e9rit\u00e9 qui d\u00e9range : la raret\u00e9 du travail, loin d\u2019\u00eatre une mal\u00e9diction, peut devenir un levier de prosp\u00e9rit\u00e9 \u2014 \u00e0 condition d\u2019avoir le courage de transformer les contraintes en opportunit\u00e9s. Une le\u00e7on que la Belgique, englu\u00e9e dans ses rigidit\u00e9s et ses illusions, ferait bien de m\u00e9diter avant qu\u2019il ne soit trop tard.&nbsp;&nbsp;&nbsp;<\/p>\n\n\n\n<p class=\"wp-block-paragraph\">Le Japon vit une situation que beaucoup qualifieraient de cauchemar : un taux de ch\u00f4mage \u00e0 2,5%, un ratio de 164 offres d\u2019emploi pour 100 demandeurs, et une population active en contraction inexorable. Pr\u00e8s d\u2019un tiers des Japonais ont 65 ans ou plus, et le pays se vide chaque ann\u00e9e de plusieurs centaines de milliers d\u2019habitants.&nbsp;&nbsp;<\/p>\n\n\n\n<p class=\"wp-block-paragraph\">Pourtant, contrairement aux proph\u00e8tes de malheur, le Japon ne s\u2019effondre pas. Son PIB par habitant progresse, son niveau de vie rivalise avec celui de l\u2019Europe, et sa dette publique \u2014 240% du PIB \u2014 tient debout gr\u00e2ce \u00e0 une \u00e9pargne int\u00e9rieure massive et une \u00ab tirelire \u00bb ext\u00e9rieure de 50% du PIB. Le Japon ne d\u00e9pend de personne : il finance ses retraites, ses h\u00f4pitaux, et ses infrastructures avec ses propres revenus, sans mendier la solidarit\u00e9 des march\u00e9s ou de l\u2019UE.&nbsp;&nbsp;&nbsp;&nbsp;<\/p>\n\n\n\n<p class=\"wp-block-paragraph\">La raret\u00e9 du travail a contraint les entreprises japonaises \u00e0 faire ce que la Belgique refuse obstin\u00e9ment : substituer le capital au travail. Automatisation, robotique, intelligence artificielle : les secteurs industriels nippons ont modernis\u00e9 leurs processus, augment\u00e9 leur productivit\u00e9, et maintenu leur comp\u00e9titivit\u00e9.&nbsp;&nbsp;<\/p>\n\n\n\n<p class=\"wp-block-paragraph\">Mieux : la pression sur les salaires, longtemps contenue, commence \u00e0 se faire sentir. Dans un contexte de profits records et d\u2019inflation retrouv\u00e9e, les entreprises sont contraintes de revaloriser les r\u00e9mun\u00e9rations pour attirer et retenir les talents. Un cercle vertueux de consommation et de croissance, que la Belgique, avec ses indexations automatiques et ses rigidit\u00e9s salariales, ne parvient pas \u00e0 enclencher.<\/p>\n\n\n\n<p class=\"wp-block-paragraph\">Le mod\u00e8le japonais n\u2019est pas parfait. La productivit\u00e9 par emploi reste faible dans les PME, maintenues artificiellement en vie par des pr\u00eats publics. Le march\u00e9 du travail demeure rigide : embauche \u00e0 vie, salaires \u00e0 l\u2019anciennet\u00e9, retraite obligatoire \u00e0 60 ans, et une place encore trop limit\u00e9e des femmes dans les postes de d\u00e9cision.&nbsp;<\/p>\n\n\n\n<p class=\"wp-block-paragraph\">Mais surtout, le Japon refuse massivement l\u2019immigration comme solution \u00e0 la p\u00e9nurie de main-d\u2019\u0153uvre, malgr\u00e9 les besoins criants dans la sant\u00e9, l\u2019horeca, ou l\u2019agriculture. Cette posture, si elle pr\u00e9serve une certaine coh\u00e9sion sociale, limite le potentiel de croissance \u00e0 long terme. Le Japon paie le prix de son refus de l\u2019ouverture : une \u00e9conomie qui avance, mais \u00e0 vitesse r\u00e9duite.&nbsp;&nbsp;<\/p>\n\n\n\n<p class=\"wp-block-paragraph\">La Belgique, elle, vit une situation absurde : 140 462 postes vacants au premier trimestre 2026, en baisse de 30% depuis 2022, mais un taux d\u2019emploi qui stagne \u00e0 72,3% pour les 20-64 ans, loin des 80% promis pour 2029. Les disparit\u00e9s r\u00e9gionales sont criantes : 10,7% de ch\u00f4mage \u00e0 Bruxelles, 8,2% en Wallonie, et un emploi des 55-64 ans \u00e0 59,4%, loin derri\u00e8re les Pays-Bas (75,3%) ou l\u2019Allemagne (75,0%).&nbsp;<\/p>\n\n\n\n<p class=\"wp-block-paragraph\">Contrairement au Japon, la Belgique ne souffre pas d\u2019un d\u00e9clin d\u00e9mographique in\u00e9luctable : elle dispose encore d\u2019un r\u00e9servoir important de travailleurs potentiels, notamment parmi les seniors, les femmes, et les habitants de Bruxelles et de Wallonie. Mais ce r\u00e9servoir reste largement sous-exploit\u00e9, frein\u00e9 par des rigidit\u00e9s contractuelles, un co\u00fbt du travail \u00e9lev\u00e9, et un syst\u00e8me de formation inadapt\u00e9 aux besoins des entreprises.&nbsp;<\/p>\n\n\n\n<p class=\"wp-block-paragraph\">Face \u00e0 la p\u00e9nurie, le Japon a choisi la substitution du capital au travail : automatisation, robotique, IA, et gains de productivit\u00e9 dans l\u2019industrie. Les entreprises, contraintes par l\u2019impossibilit\u00e9 de recruter, modernisent leurs processus et investissent massivement dans la technologie.&nbsp;<\/p>\n\n\n\n<p class=\"wp-block-paragraph\">La Belgique, elle, mise sur l\u2019activation de sa population inactive : am\u00e9lioration de l\u2019accompagnement des demandeurs d\u2019emploi, r\u00e9duction du co\u00fbt du travail pour les bas salaires, formation aux m\u00e9tiers techniques, et incitants \u00e0 travailler pour les b\u00e9n\u00e9ficiaires d\u2019allocations. R\u00e9sultat ? Le taux d\u2019emploi stagne, les p\u00e9nuries persistent dans l\u2019horeca, la construction, la sant\u00e9, et les secteurs techniques, et les disparit\u00e9s r\u00e9gionales se creusent.&nbsp;<\/p>\n\n\n\n<p class=\"wp-block-paragraph\">Sur le plan financier, le Japon finance sa dette colossale (240% du PIB) gr\u00e2ce \u00e0 l\u2019\u00e9pargne int\u00e9rieure et \u00e0 une \u00ab tirelire \u00bb ext\u00e9rieure de 50% du PIB, g\u00e9n\u00e9rant des revenus qui alimentent le syst\u00e8me de retraites. La Belgique, avec une dette de ~105% du PIB, d\u00e9pend davantage des march\u00e9s financiers europ\u00e9ens et de la solidarit\u00e9 budg\u00e9taire de l\u2019UE, la rendant plus vuln\u00e9rable aux chocs de taux et aux crises de confiance.&nbsp;&nbsp;<\/p>\n\n\n\n<p class=\"wp-block-paragraph\">Enfin, l\u00e0 o\u00f9 le Japon refuse massivement l\u2019immigration comme solution \u00e0 la p\u00e9nurie de main-d\u2019\u0153uvre, la Belgique int\u00e8gre progressivement l\u2019immigration qualifi\u00e9e dans sa strat\u00e9gie, notamment via des programmes cibl\u00e9s pour les m\u00e9tiers en p\u00e9nurie. Cependant, cette approche reste timide et mal coordonn\u00e9e au niveau f\u00e9d\u00e9ral, frein\u00e9e par des rigidit\u00e9s administratives et des d\u00e9bats politiques polaris\u00e9s.&nbsp;&nbsp;<\/p>\n\n\n\n<p class=\"wp-block-paragraph\">Le cas japonais invite \u00e0 reconsid\u00e9rer les dogmes europ\u00e9ens sur l\u2019emploi et la d\u00e9mographie. Plut\u00f4t que de chercher \u00e0 tout prix \u00e0 augmenter le nombre de travailleurs, il s\u2019agit d\u2019optimiser l\u2019usage de la ressource humaine disponible : investir dans l\u2019innovation, flexibiliser le march\u00e9 du travail, int\u00e9grer davantage les femmes et les seniors, et accepter une certaine s\u00e9lectivit\u00e9 dans l\u2019immigration qualifi\u00e9e.&nbsp;<\/p>\n\n\n\n<p class=\"wp-block-paragraph\">Pour la Belgique, le d\u00e9fi est double : activer pleinement sa population inactive (seniors, femmes, Bruxellois, Wallons) tout en acc\u00e9l\u00e9rant la modernisation technologique des secteurs en tension.<\/p>\n\n\n\n<p class=\"wp-block-paragraph\">Concr\u00e8tement, cela implique, notamment une activation cibl\u00e9e<strong> (<\/strong>incitants financiers, accompagnement personnalis\u00e9, et formation aux m\u00e9tiers en p\u00e9nurie) et d\u2019investir dans l\u2019innovation &nbsp;(automatisation, IA, et robotique dans les secteurs en tension (construction, sant\u00e9, num\u00e9rique)), sans oublier &nbsp;une immigration qualifi\u00e9e ma\u00eetris\u00e9e (pour combler les lacunes structurelles sans cr\u00e9er de d\u00e9pendance) et la flexibilisation du march\u00e9 du travail (adaptation des contrats, des salaires, et des horaires aux besoins des entreprises).&nbsp;<\/p>\n\n\n\n<p class=\"wp-block-paragraph\">Contrairement au Japon, la Belgique n\u2019a pas encore transform\u00e9 la raret\u00e9 du travail en levier de prosp\u00e9rit\u00e9. Elle en a pourtant tous les outils : il lui manque la volont\u00e9 politique et la coh\u00e9rence strat\u00e9gique. La le\u00e7on japonaise est claire : quand les bras viennent \u00e0 manquer, c\u2019est l\u2019intelligence collective et technologique qui prend le relais. \u00c0 Bruxelles comme \u00e0 Tokyo, la raret\u00e9 du travail n\u2019est pas une fatalit\u00e9, mais une opportunit\u00e9 de modernisation.&nbsp;<\/p>\n\n\n\n<p class=\"wp-block-paragraph\"><\/p>\n\n\n\n<p class=\"wp-block-paragraph\"><\/p>\n\n\n\n<p class=\"wp-block-paragraph\"><\/p>\n\n\n\n<p class=\"wp-block-paragraph\"><\/p>\n\n\n\n<p class=\"wp-block-paragraph\">R\u00e9flexion inspir\u00e9e par le livre \u00ab\u00a0<a href=\"https:\/\/www.amazon.com.be\/dp\/B0H9LTYCFB\" data-type=\"link\" data-id=\"https:\/\/www.amazon.com.be\/dp\/B0H9LTYCFB\">Le suicide d\u00e9mographique belge<\/a>\u00ab\u00a0, 2026.<\/p>\n\n\n\n<p class=\"wp-block-paragraph\"><\/p>\n","protected":false},"excerpt":{"rendered":"<p>Alors que l\u2019Europe s\u2019enfonce dans ses certitudes d\u00e9mographiques et ses dogmes sociaux, le Japon ass\u00e8ne une v\u00e9rit\u00e9 qui d\u00e9range : la raret\u00e9 du travail, loin d\u2019\u00eatre une mal\u00e9diction, peut devenir un levier de prosp\u00e9rit\u00e9 \u2014 \u00e0 condition d\u2019avoir le courage de transformer les contraintes en opportunit\u00e9s. Une le\u00e7on que la Belgique, englu\u00e9e dans ses rigidit\u00e9s [&hellip;]<\/p>\n","protected":false},"author":1,"featured_media":0,"comment_status":"open","ping_status":"open","sticky":false,"template":"","format":"standard","meta":{"_monsterinsights_skip_tracking":false,"_uf_show_specific_survey":0,"_uf_disable_surveys":false,"footnotes":""},"categories":[65,31,1],"tags":[],"class_list":["post-3076","post","type-post","status-publish","format-standard","hentry","category-demographie","category-economie","category-immigration"],"_links":{"self":[{"href":"https:\/\/droitemoderniste.be\/index.php\/wp-json\/wp\/v2\/posts\/3076","targetHints":{"allow":["GET"]}}],"collection":[{"href":"https:\/\/droitemoderniste.be\/index.php\/wp-json\/wp\/v2\/posts"}],"about":[{"href":"https:\/\/droitemoderniste.be\/index.php\/wp-json\/wp\/v2\/types\/post"}],"author":[{"embeddable":true,"href":"https:\/\/droitemoderniste.be\/index.php\/wp-json\/wp\/v2\/users\/1"}],"replies":[{"embeddable":true,"href":"https:\/\/droitemoderniste.be\/index.php\/wp-json\/wp\/v2\/comments?post=3076"}],"version-history":[{"count":2,"href":"https:\/\/droitemoderniste.be\/index.php\/wp-json\/wp\/v2\/posts\/3076\/revisions"}],"predecessor-version":[{"id":3079,"href":"https:\/\/droitemoderniste.be\/index.php\/wp-json\/wp\/v2\/posts\/3076\/revisions\/3079"}],"wp:attachment":[{"href":"https:\/\/droitemoderniste.be\/index.php\/wp-json\/wp\/v2\/media?parent=3076"}],"wp:term":[{"taxonomy":"category","embeddable":true,"href":"https:\/\/droitemoderniste.be\/index.php\/wp-json\/wp\/v2\/categories?post=3076"},{"taxonomy":"post_tag","embeddable":true,"href":"https:\/\/droitemoderniste.be\/index.php\/wp-json\/wp\/v2\/tags?post=3076"}],"curies":[{"name":"wp","href":"https:\/\/api.w.org\/{rel}","templated":true}]}}