{"id":3073,"date":"2026-07-29T10:58:09","date_gmt":"2026-07-29T08:58:09","guid":{"rendered":"https:\/\/droitemoderniste.be\/?p=3073"},"modified":"2026-07-29T10:58:09","modified_gmt":"2026-07-29T08:58:09","slug":"la-belgique-peut-preserver-sa-population-active-sans-compter-davantage-sur-limmigration","status":"publish","type":"post","link":"https:\/\/droitemoderniste.be\/index.php\/2026\/07\/29\/la-belgique-peut-preserver-sa-population-active-sans-compter-davantage-sur-limmigration\/","title":{"rendered":"La Belgique peut pr\u00e9server sa population active sans compter davantage sur l\u2019immigration"},"content":{"rendered":"\n<figure class=\"wp-block-image size-full\"><img loading=\"lazy\" decoding=\"async\" width=\"300\" height=\"168\" src=\"https:\/\/droitemoderniste.be\/wp-content\/uploads\/2026\/07\/popu1-1.jpg\" alt=\"\" class=\"wp-image-3074\"\/><\/figure>\n\n\n\n<p class=\"wp-block-paragraph\">On ne peut pas, d\u2019un c\u00f4t\u00e9, vouloir moins d\u2019immigration, et de l\u2019autre, refuser les cons\u00e9quences d\u2019une population active qui se contracte. C\u2019est la grande hypocrisie du d\u00e9bat belge: chacun r\u00e9clame la s\u00e9curit\u00e9, l\u2019\u00c9tat social, les pensions, les soins de sant\u00e9, la comp\u00e9titivit\u00e9 \u2014 mais personne ne veut dire clairement qui va travailler, produire et financer tout cela. Le vieillissement d\u00e9mographique n\u2019est pas une opinion, c\u2019est un fait, et l\u2019OCDE rappelle que sans mobilisation accrue des seniors, des femmes et des travailleurs sous-utilis\u00e9s, la croissance du PIB par habitant ralentira sensiblement.&nbsp;<\/p>\n\n\n\n<p class=\"wp-block-paragraph\">En Belgique, le sujet est encore plus brutal. Le Conseil sup\u00e9rieur de l\u2019emploi a montr\u00e9 que les personnes n\u00e9es hors de l\u2019Union europ\u00e9enne restent tr\u00e8s en dessous des natifs en mati\u00e8re d\u2019emploi, autour de 50% contre environ 70% pour les personnes n\u00e9es en Belgique, ce qui signifie qu\u2019une \u00e9norme r\u00e9serve de travail est d\u00e9j\u00e0 l\u00e0, mais mal exploit\u00e9e. Autrement dit, le pays ne souffre pas seulement d\u2019un manque d\u2019entr\u00e9es; il souffre surtout d\u2019une incapacit\u00e9 \u00e0 mettre au travail ceux qui r\u00e9sident d\u00e9j\u00e0 sur son territoire.&nbsp;&nbsp;&nbsp;<\/p>\n\n\n\n<p class=\"wp-block-paragraph\">R\u00e9duire les flux migratoires sans r\u00e9former le march\u00e9 du travail, c\u2019est organiser une baisse m\u00e9canique de la population active. Le Bureau f\u00e9d\u00e9ral du Plan indique que la croissance d\u00e9mographique belge d\u00e9pend largement de l\u2019immigration, ce qui veut dire que toute baisse durable des flux se r\u00e9percute directement sur la taille de la main-d\u2019\u0153uvre future. Ceux qui promettent une politique migratoire plus stricte sans en assumer les effets \u00e9conomiques vendent une illusion.&nbsp;&nbsp;<\/p>\n\n\n\n<p class=\"wp-block-paragraph\">Le vrai probl\u00e8me n\u2019est donc pas id\u00e9ologique, il est arithm\u00e9tique. Moins d\u2019entr\u00e9es, plus de retrait\u00e9s, davantage de besoins sociaux, et toujours les m\u00eames obstacles \u00e0 l\u2019emploi: pr\u00e9pensions de fait, inactivit\u00e9 prolong\u00e9e, manque de flexibilit\u00e9, formation insuffisante, carri\u00e8res hach\u00e9es, faible emploi des seniors et sous-emploi des femmes. Tant que ces blocages ne sont pas lev\u00e9s, toute baisse de l\u2019immigration se traduira par une pression accrue sur les actifs restants.&nbsp;<\/p>\n\n\n\n<h5 class=\"wp-block-heading\">Il faut choisir: activation ou d\u00e9clin<\/h5>\n\n\n\n<p class=\"wp-block-paragraph\">Si la Belgique veut pr\u00e9server sa population active sans compter davantage sur l\u2019immigration, elle doit accepter une s\u00e9rie de mesures que beaucoup refusent par confort politique.<\/p>\n\n\n\n<ul class=\"wp-block-list\">\n<li>Faire travailler plus longtemps les 55-64 ans, au lieu de sanctuariser les sorties anticip\u00e9es.<\/li>\n\n\n\n<li>Mettre fin au g\u00e2chis d\u2019inactivit\u00e9 chez les femmes, notamment en levant les freins li\u00e9s \u00e0 la garde d\u2019enfants et au temps partiel subi.<\/li>\n\n\n\n<li>R\u00e9duire la d\u00e9pendance aux allocations et r\u00e9orienter l\u2019effort public vers l\u2019activation et la formation.<\/li>\n\n\n\n<li>Revaloriser la productivit\u00e9 plut\u00f4t que de compenser syst\u00e9matiquement par des entr\u00e9es migratoires.<\/li>\n\n\n\n<li>Exiger une int\u00e9gration r\u00e9elle au march\u00e9 du travail pour les personnes d\u00e9j\u00e0 install\u00e9es mais durablement \u00e9loign\u00e9es de l\u2019emploi.\u00a0\u00a0\u00a0<\/li>\n<\/ul>\n\n\n\n<p class=\"wp-block-paragraph\">Le message est simple: soit on mobilise mieux la Belgique r\u00e9elle, soit on assume que la Belgique active r\u00e9tr\u00e9cira. Ceux qui veulent moins d\u2019immigration doivent avoir le courage de dire comment ils comptent maintenir le nombre de travailleurs, et surtout \u00e0 quel prix politique. Sinon, leur discours n\u2019est qu\u2019un slogan de plus, d\u00e9connect\u00e9 des contraintes d\u00e9mographiques et budg\u00e9taires du pays.&nbsp;&nbsp;&nbsp;&nbsp;&nbsp;<\/p>\n","protected":false},"excerpt":{"rendered":"<p>On ne peut pas, d\u2019un c\u00f4t\u00e9, vouloir moins d\u2019immigration, et de l\u2019autre, refuser les cons\u00e9quences d\u2019une population active qui se contracte. C\u2019est la grande hypocrisie du d\u00e9bat belge: chacun r\u00e9clame la s\u00e9curit\u00e9, l\u2019\u00c9tat social, les pensions, les soins de sant\u00e9, la comp\u00e9titivit\u00e9 \u2014 mais personne ne veut dire clairement qui va travailler, produire et financer [&hellip;]<\/p>\n","protected":false},"author":1,"featured_media":0,"comment_status":"open","ping_status":"open","sticky":false,"template":"","format":"standard","meta":{"_monsterinsights_skip_tracking":false,"_uf_show_specific_survey":0,"_uf_disable_surveys":false,"footnotes":""},"categories":[31,1],"tags":[],"class_list":["post-3073","post","type-post","status-publish","format-standard","hentry","category-economie","category-immigration"],"_links":{"self":[{"href":"https:\/\/droitemoderniste.be\/index.php\/wp-json\/wp\/v2\/posts\/3073","targetHints":{"allow":["GET"]}}],"collection":[{"href":"https:\/\/droitemoderniste.be\/index.php\/wp-json\/wp\/v2\/posts"}],"about":[{"href":"https:\/\/droitemoderniste.be\/index.php\/wp-json\/wp\/v2\/types\/post"}],"author":[{"embeddable":true,"href":"https:\/\/droitemoderniste.be\/index.php\/wp-json\/wp\/v2\/users\/1"}],"replies":[{"embeddable":true,"href":"https:\/\/droitemoderniste.be\/index.php\/wp-json\/wp\/v2\/comments?post=3073"}],"version-history":[{"count":1,"href":"https:\/\/droitemoderniste.be\/index.php\/wp-json\/wp\/v2\/posts\/3073\/revisions"}],"predecessor-version":[{"id":3075,"href":"https:\/\/droitemoderniste.be\/index.php\/wp-json\/wp\/v2\/posts\/3073\/revisions\/3075"}],"wp:attachment":[{"href":"https:\/\/droitemoderniste.be\/index.php\/wp-json\/wp\/v2\/media?parent=3073"}],"wp:term":[{"taxonomy":"category","embeddable":true,"href":"https:\/\/droitemoderniste.be\/index.php\/wp-json\/wp\/v2\/categories?post=3073"},{"taxonomy":"post_tag","embeddable":true,"href":"https:\/\/droitemoderniste.be\/index.php\/wp-json\/wp\/v2\/tags?post=3073"}],"curies":[{"name":"wp","href":"https:\/\/api.w.org\/{rel}","templated":true}]}}