{"id":3070,"date":"2026-07-28T09:45:26","date_gmt":"2026-07-28T07:45:26","guid":{"rendered":"https:\/\/droitemoderniste.be\/?p=3070"},"modified":"2026-07-28T09:45:26","modified_gmt":"2026-07-28T07:45:26","slug":"la-belgique-ne-se-sauvera-pas-par-lincantation-du-vivre-ensemble","status":"publish","type":"post","link":"https:\/\/droitemoderniste.be\/index.php\/2026\/07\/28\/la-belgique-ne-se-sauvera-pas-par-lincantation-du-vivre-ensemble\/","title":{"rendered":"La Belgique ne se sauvera pas par l\u2019incantation du vivre-ensemble"},"content":{"rendered":"\n<figure class=\"wp-block-image size-full\"><img loading=\"lazy\" decoding=\"async\" width=\"284\" height=\"177\" src=\"https:\/\/droitemoderniste.be\/wp-content\/uploads\/2026\/07\/musulmans-Belgique.jpeg\" alt=\"\" class=\"wp-image-3071\"\/><\/figure>\n\n\n\n<p class=\"wp-block-paragraph\">La Belgique aime se raconter comme un pays de compromis, d\u2019\u00e9quilibre et d\u2019ouverture. Mais \u00e0 force de c\u00e9l\u00e9brer la diversit\u00e9 sans jamais exiger une v\u00e9ritable int\u00e9gration, elle prend le risque de ne plus former un peuple, seulement un territoire administr\u00e9. Or une nation ne se r\u00e9duit pas \u00e0 un cadre juridique. Elle repose sur une langue partag\u00e9e, des rep\u00e8res communs, une m\u00e9moire collective et une volont\u00e9 de continuit\u00e9. Quand cette substance s\u2019efface, il ne reste que les proc\u00e9dures.<\/p>\n\n\n\n<p class=\"wp-block-paragraph\">Le probl\u00e8me n\u2019est pas l\u2019existence de la diversit\u00e9. Le probl\u00e8me est l\u2019illusion selon laquelle la diversit\u00e9 suffirait \u00e0 faire soci\u00e9t\u00e9. Elle ne suffit pas. Aucun pays ne tient durablement sans un minimum de coh\u00e9sion culturelle et sans une transmission assum\u00e9e de ce qui le fonde. En Belgique, cette question est devenue taboue. On parle volontiers de droits, d\u2019accueil, de pluralit\u00e9. On parle beaucoup moins d\u2019exigence, d\u2019assimilation, de langue, de normes communes. Pourtant, c\u2019est l\u00e0 que se joue l\u2019avenir du pays.<\/p>\n\n\n\n<p class=\"wp-block-paragraph\">L\u2019int\u00e9gration ne peut pas \u00eatre un mot creux. Elle doit \u00eatre une r\u00e9alit\u00e9 mesurable. Cela suppose d\u2019abord la ma\u00eetrise effective d\u2019une langue nationale, ensuite le respect des r\u00e8gles publiques, enfin l\u2019adh\u00e9sion \u00e0 un cadre civique commun. Une soci\u00e9t\u00e9 s\u00e9rieuse n\u2019accueille pas les individus comme des consommateurs de services publics, mais comme des membres appel\u00e9s \u00e0 participer \u00e0 un projet collectif. \u00c0 d\u00e9faut, l\u2019\u00c9tat devient une simple plateforme de cohabitation, et la citoyennet\u00e9 une formalit\u00e9 sans contenu.<\/p>\n\n\n\n<p class=\"wp-block-paragraph\">Il faut aussi regarder les faits d\u00e9mographiques en face. Le vieillissement s\u2019acc\u00e9l\u00e8re, la natalit\u00e9 reste faible, et l\u2019\u00e9volution de la population d\u00e9pend de plus en plus des flux migratoires. Ces donn\u00e9es ne sont pas id\u00e9ologiques ; elles sont objectivement politiques. Elles imposent une question brutale mais n\u00e9cessaire : quel mod\u00e8le de continuit\u00e9 voulons-nous pour la Belgique ? Un pays qui laisse s\u2019\u00e9roder sa transmission d\u00e9mographique et culturelle finit in\u00e9vitablement par perdre la ma\u00eetrise de son identit\u00e9 collective.<\/p>\n\n\n\n<p class=\"wp-block-paragraph\">C\u2019est pourquoi la politique familiale devrait \u00eatre au centre du d\u00e9bat national. Soutenir les familles, rendre le logement accessible, faciliter la conciliation entre travail et vie priv\u00e9e, prot\u00e9ger le pouvoir d\u2019achat des jeunes m\u00e9nages : voil\u00e0 des choix concrets qui rel\u00e8vent de la souverainet\u00e9 nationale. Un pays qui ne permet plus \u00e0 ses propres enfants de grandir, de se loger et de fonder une famille pr\u00e9pare sa propre fragilisation. La question n\u2019est pas seulement sociale. Elle est civilisationnelle.<\/p>\n\n\n\n<p class=\"wp-block-paragraph\">Dans le m\u00eame temps, la politique migratoire doit sortir du discours sentimental. Il ne s\u2019agit ni de nier les r\u00e9alit\u00e9s migratoires ni de les idol\u00e2trer. Il s\u2019agit de les encadrer selon l\u2019int\u00e9r\u00eat national. Toute immigration doit \u00eatre \u00e9valu\u00e9e selon sa capacit\u00e9 d\u2019int\u00e9gration, son effet sur la coh\u00e9sion sociale, son impact sur l\u2019\u00e9cole, le logement, l\u2019emploi et la s\u00e9curit\u00e9. Un pays n\u2019est pas oblig\u00e9 de tout accepter. Il est m\u00eame sain qu\u2019il sache poser des limites claires et d\u00e9fendre sa continuit\u00e9 historique.<\/p>\n\n\n\n<p class=\"wp-block-paragraph\">Dire cela, ce n\u2019est pas pr\u00f4ner la fermeture. C\u2019est r\u00e9clamer un \u00c9tat adulte. Un \u00c9tat adulte sait distinguer l\u2019accueil de l\u2019abandon, l\u2019ouverture de la dissolution, l\u2019int\u00e9gration de la juxtaposition. Il sait qu\u2019une soci\u00e9t\u00e9 g\u00e9n\u00e9reuse n\u2019est pas une soci\u00e9t\u00e9 sans exigences. Au contraire : plus un pays veut rester accueillant, plus il doit \u00eatre ferme sur ce qu\u2019il attend de ceux qui s\u2019y installent. Sans langage commun, sans normes communes, sans loyaut\u00e9 au cadre national, la coexistence se fragmente rapidement.<\/p>\n\n\n\n<p class=\"wp-block-paragraph\">La Belgique doit donc choisir : veut-elle \u00eatre un pays de transmission ou un espace de simple gestion ? Veut-elle encore former une communaut\u00e9 politique capable de durer, ou seulement organiser la coexistence de groupes qui ne partagent plus grand-chose ? La vraie modernit\u00e9 n\u2019est pas dans l\u2019effacement de l\u2019identit\u00e9 nationale, mais dans sa capacit\u00e9 \u00e0 se renouveler sans dispara\u00eetre. Une nation qui cesse d\u2019enseigner ce qu\u2019elle est finit toujours par ne plus savoir ce qu\u2019elle demande \u00e0 ceux qui la rejoignent.<\/p>\n\n\n\n<p class=\"wp-block-paragraph\">Le moment est venu de remettre la coh\u00e9sion, la langue, la famille et la responsabilit\u00e9 politique au centre du d\u00e9bat public. Non par nostalgie. Non par r\u00e9flexe d\u00e9fensif. Mais parce qu\u2019un pays qui ne se transmet plus s\u2019\u00e9teint \u00e0 bas bruit. La Belgique n\u2019a pas besoin d\u2019un discours de plus sur la diversit\u00e9. Elle a besoin d\u2019un projet de continuit\u00e9.<\/p>\n","protected":false},"excerpt":{"rendered":"<p>La Belgique aime se raconter comme un pays de compromis, d\u2019\u00e9quilibre et d\u2019ouverture. Mais \u00e0 force de c\u00e9l\u00e9brer la diversit\u00e9 sans jamais exiger une v\u00e9ritable int\u00e9gration, elle prend le risque de ne plus former un peuple, seulement un territoire administr\u00e9. Or une nation ne se r\u00e9duit pas \u00e0 un cadre juridique. Elle repose sur une [&hellip;]<\/p>\n","protected":false},"author":1,"featured_media":0,"comment_status":"open","ping_status":"open","sticky":false,"template":"","format":"standard","meta":{"_monsterinsights_skip_tracking":false,"_uf_show_specific_survey":0,"_uf_disable_surveys":false,"footnotes":""},"categories":[64,65,1,59],"tags":[],"class_list":["post-3070","post","type-post","status-publish","format-standard","hentry","category-asile","category-demographie","category-immigration","category-peuple"],"_links":{"self":[{"href":"https:\/\/droitemoderniste.be\/index.php\/wp-json\/wp\/v2\/posts\/3070","targetHints":{"allow":["GET"]}}],"collection":[{"href":"https:\/\/droitemoderniste.be\/index.php\/wp-json\/wp\/v2\/posts"}],"about":[{"href":"https:\/\/droitemoderniste.be\/index.php\/wp-json\/wp\/v2\/types\/post"}],"author":[{"embeddable":true,"href":"https:\/\/droitemoderniste.be\/index.php\/wp-json\/wp\/v2\/users\/1"}],"replies":[{"embeddable":true,"href":"https:\/\/droitemoderniste.be\/index.php\/wp-json\/wp\/v2\/comments?post=3070"}],"version-history":[{"count":1,"href":"https:\/\/droitemoderniste.be\/index.php\/wp-json\/wp\/v2\/posts\/3070\/revisions"}],"predecessor-version":[{"id":3072,"href":"https:\/\/droitemoderniste.be\/index.php\/wp-json\/wp\/v2\/posts\/3070\/revisions\/3072"}],"wp:attachment":[{"href":"https:\/\/droitemoderniste.be\/index.php\/wp-json\/wp\/v2\/media?parent=3070"}],"wp:term":[{"taxonomy":"category","embeddable":true,"href":"https:\/\/droitemoderniste.be\/index.php\/wp-json\/wp\/v2\/categories?post=3070"},{"taxonomy":"post_tag","embeddable":true,"href":"https:\/\/droitemoderniste.be\/index.php\/wp-json\/wp\/v2\/tags?post=3070"}],"curies":[{"name":"wp","href":"https:\/\/api.w.org\/{rel}","templated":true}]}}