{"id":3067,"date":"2026-07-27T11:31:39","date_gmt":"2026-07-27T09:31:39","guid":{"rendered":"https:\/\/droitemoderniste.be\/?p=3067"},"modified":"2026-07-27T11:31:39","modified_gmt":"2026-07-27T09:31:39","slug":"immigration-limpuissance-organisee","status":"publish","type":"post","link":"https:\/\/droitemoderniste.be\/index.php\/2026\/07\/27\/immigration-limpuissance-organisee\/","title":{"rendered":"Immigration : l\u2019impuissance organis\u00e9e"},"content":{"rendered":"\n<figure class=\"wp-block-image size-full\"><img loading=\"lazy\" decoding=\"async\" width=\"376\" height=\"212\" src=\"https:\/\/droitemoderniste.be\/wp-content\/uploads\/2026\/07\/migrations.webp\" alt=\"\" class=\"wp-image-3068\" srcset=\"https:\/\/droitemoderniste.be\/wp-content\/uploads\/2026\/07\/migrations.webp 376w, https:\/\/droitemoderniste.be\/wp-content\/uploads\/2026\/07\/migrations-300x169.webp 300w\" sizes=\"auto, (max-width: 376px) 100vw, 376px\" \/><\/figure>\n\n\n\n<p class=\"wp-block-paragraph\">Il faut appeler les choses par leur nom : la Belgique ne contr\u00f4le plus son immigration. Pire encore, elle a renonc\u00e9 \u00e0 le faire.<\/p>\n\n\n\n<p class=\"wp-block-paragraph\">Pr\u00e8s de 194 000 entr\u00e9es en 2024. Un chiffre vertigineux, presque abstrait, tant il d\u00e9passe toute capacit\u00e9 r\u00e9elle d\u2019int\u00e9gration. Ce n\u2019est plus une politique migratoire, c\u2019est un laisser-faire massif, un abandon pur et simple. Et pendant que les flux explosent, les responsables politiques d\u00e9tournent le regard, prisonniers d\u2019un logiciel id\u00e9ologique qui interdit m\u00eame de poser la question du contr\u00f4le.<\/p>\n\n\n\n<p class=\"wp-block-paragraph\">Car oui, contr\u00f4ler l\u2019immigration est devenu un tabou.<\/p>\n\n\n\n<p class=\"wp-block-paragraph\">Et pourtant, la solution est connue, simple, presque \u00e9vidente : r\u00e9duire drastiquement les flux, instaurer des quotas clairs, assumer une s\u00e9lection. Dire qui peut entrer, combien, et pourquoi. Comme toute nation souveraine devrait pouvoir le faire.<\/p>\n\n\n\n<p class=\"wp-block-paragraph\">Cela implique des choix. Des choix que nos dirigeants refusent obstin\u00e9ment d\u2019assumer.<\/p>\n\n\n\n<p class=\"wp-block-paragraph\">Choisir, d\u2019abord, de mettre fin \u00e0 l\u2019immigration de masse en fixant un plafond annuel strict \u2014 non pas 194 000, mais 20 000. Un niveau compatible avec la r\u00e9alit\u00e9 du pays, ses capacit\u00e9s \u00e9conomiques, sociales et culturelles.<\/p>\n\n\n\n<p class=\"wp-block-paragraph\">Choisir ensuite les profils. Privil\u00e9gier une immigration qualifi\u00e9e, capable de s\u2019ins\u00e9rer imm\u00e9diatement dans le march\u00e9 du travail, plut\u00f4t qu\u2019un afflux non ma\u00eetris\u00e9 qui alimente la pr\u00e9carit\u00e9 et la d\u00e9pendance aux aides publiques.<\/p>\n\n\n\n<p class=\"wp-block-paragraph\">Choisir aussi l\u2019origine. Oui, le mot d\u00e9range. Mais feindre d\u2019ignorer les \u00e9carts culturels, linguistiques et sociaux, c\u2019est organiser l\u2019\u00e9chec de l\u2019int\u00e9gration. Une immigration issue d\u2019espaces culturellement proches s\u2019int\u00e8gre plus facilement. C\u2019est un constat, pas une provocation.<\/p>\n\n\n\n<p class=\"wp-block-paragraph\">Enfin, choisir de mettre un terme au regroupement familial en cha\u00eene, qui transforme chaque entr\u00e9e en point de d\u00e9part d\u2019un flux d\u00e9multipli\u00e9.<\/p>\n\n\n\n<p class=\"wp-block-paragraph\">Rien de tout cela n\u2019est extr\u00eame. Tout cela rel\u00e8ve du bon sens.<\/p>\n\n\n\n<p class=\"wp-block-paragraph\">Et les effets seraient imm\u00e9diats : moins de pression migratoire, moins de fragmentation territoriale, moins de tensions. Une soci\u00e9t\u00e9 plus stable, plus lisible, moins fractur\u00e9e. En un mot : plus coh\u00e9rente.<\/p>\n\n\n\n<p class=\"wp-block-paragraph\">Alors pourquoi rien ne change ?<\/p>\n\n\n\n<p class=\"wp-block-paragraph\">Parce que tout est verrouill\u00e9.<\/p>\n\n\n\n<p class=\"wp-block-paragraph\">L\u2019Union europ\u00e9enne impose ses dogmes et vide les \u00c9tats de leur souverainet\u00e9. Le droit international est brandi comme un totem intouchable. Les \u00e9lites politiques persistent dans une fuite en avant id\u00e9ologique. Et les m\u00e9dias, dans leur grande majorit\u00e9, disqualifient toute remise en question en la renvoyant \u00e0 l\u2019extr\u00eame.<\/p>\n\n\n\n<p class=\"wp-block-paragraph\">R\u00e9sultat : un d\u00e9bat confisqu\u00e9, une parole emp\u00each\u00e9e, et une population somm\u00e9e de s\u2019adapter \u00e0 des transformations qu\u2019elle n\u2019a jamais choisies.<\/p>\n\n\n\n<p class=\"wp-block-paragraph\">Ce d\u00e9ni d\u00e9mocratique a un prix. Il alimente la col\u00e8re, la d\u00e9fiance, la rupture. Il nourrit ce que les m\u00eames \u00e9lites pr\u00e9tendent ensuite combattre : la radicalisation du d\u00e9bat public.<\/p>\n\n\n\n<p class=\"wp-block-paragraph\">Car lorsqu\u2019un peuple ne peut plus d\u00e9cider, il finit toujours par contester.<\/p>\n\n\n\n<p class=\"wp-block-paragraph\">La v\u00e9rit\u00e9 est simple : il n\u2019y aura ni coh\u00e9sion sociale, ni stabilit\u00e9 politique, ni paix civile durable sans un contr\u00f4le strict de l\u2019immigration. Tout le reste n\u2019est que discours, diversion ou aveuglement volontaire.<\/p>\n\n\n\n<p class=\"wp-block-paragraph\">Continuer sur la trajectoire actuelle, ce n\u2019est pas faire preuve d\u2019humanisme. C\u2019est organiser m\u00e9thodiquement le d\u00e9sordre.<\/p>\n\n\n\n<p class=\"wp-block-paragraph\">Et ce d\u00e9sordre, t\u00f4t ou tard, se paie.<\/p>\n","protected":false},"excerpt":{"rendered":"<p>Il faut appeler les choses par leur nom : la Belgique ne contr\u00f4le plus son immigration. Pire encore, elle a renonc\u00e9 \u00e0 le faire. Pr\u00e8s de 194 000 entr\u00e9es en 2024. Un chiffre vertigineux, presque abstrait, tant il d\u00e9passe toute capacit\u00e9 r\u00e9elle d\u2019int\u00e9gration. Ce n\u2019est plus une politique migratoire, c\u2019est un laisser-faire massif, un abandon [&hellip;]<\/p>\n","protected":false},"author":1,"featured_media":0,"comment_status":"open","ping_status":"open","sticky":false,"template":"","format":"standard","meta":{"_monsterinsights_skip_tracking":false,"_uf_show_specific_survey":0,"_uf_disable_surveys":false,"footnotes":""},"categories":[1,61,63],"tags":[],"class_list":["post-3067","post","type-post","status-publish","format-standard","hentry","category-immigration","category-politique-familiale-et-nataliste","category-souverainete"],"_links":{"self":[{"href":"https:\/\/droitemoderniste.be\/index.php\/wp-json\/wp\/v2\/posts\/3067","targetHints":{"allow":["GET"]}}],"collection":[{"href":"https:\/\/droitemoderniste.be\/index.php\/wp-json\/wp\/v2\/posts"}],"about":[{"href":"https:\/\/droitemoderniste.be\/index.php\/wp-json\/wp\/v2\/types\/post"}],"author":[{"embeddable":true,"href":"https:\/\/droitemoderniste.be\/index.php\/wp-json\/wp\/v2\/users\/1"}],"replies":[{"embeddable":true,"href":"https:\/\/droitemoderniste.be\/index.php\/wp-json\/wp\/v2\/comments?post=3067"}],"version-history":[{"count":1,"href":"https:\/\/droitemoderniste.be\/index.php\/wp-json\/wp\/v2\/posts\/3067\/revisions"}],"predecessor-version":[{"id":3069,"href":"https:\/\/droitemoderniste.be\/index.php\/wp-json\/wp\/v2\/posts\/3067\/revisions\/3069"}],"wp:attachment":[{"href":"https:\/\/droitemoderniste.be\/index.php\/wp-json\/wp\/v2\/media?parent=3067"}],"wp:term":[{"taxonomy":"category","embeddable":true,"href":"https:\/\/droitemoderniste.be\/index.php\/wp-json\/wp\/v2\/categories?post=3067"},{"taxonomy":"post_tag","embeddable":true,"href":"https:\/\/droitemoderniste.be\/index.php\/wp-json\/wp\/v2\/tags?post=3067"}],"curies":[{"name":"wp","href":"https:\/\/api.w.org\/{rel}","templated":true}]}}