{"id":3064,"date":"2026-07-26T09:05:38","date_gmt":"2026-07-26T07:05:38","guid":{"rendered":"https:\/\/droitemoderniste.be\/?p=3064"},"modified":"2026-07-26T09:05:38","modified_gmt":"2026-07-26T07:05:38","slug":"la-belgique-doit-redevenir-une-nation-qui-se-transmet","status":"publish","type":"post","link":"https:\/\/droitemoderniste.be\/index.php\/2026\/07\/26\/la-belgique-doit-redevenir-une-nation-qui-se-transmet\/","title":{"rendered":"La Belgique doit redevenir une nation qui se transmet"},"content":{"rendered":"\n<figure class=\"wp-block-image size-full\"><img loading=\"lazy\" decoding=\"async\" width=\"299\" height=\"169\" src=\"https:\/\/droitemoderniste.be\/wp-content\/uploads\/2026\/07\/citoyens-b.jpg\" alt=\"\" class=\"wp-image-3065\"\/><\/figure>\n\n\n\n<p class=\"wp-block-paragraph\"><strong><em>Face au vieillissement, \u00e0 la faiblesse de la natalit\u00e9 et \u00e0 des politiques d\u2019int\u00e9gration souvent ti\u00e8des, la Belgique risque de devenir un territoire g\u00e9r\u00e9 plut\u00f4t qu\u2019un peuple vivant. Il est temps de remettre la transmission \u2014 de la langue, des institutions et des normes \u2014 au c\u0153ur de la politique nationale.<\/em><\/strong><\/p>\n\n\n\n<p class=\"wp-block-paragraph\">La Belgique vit depuis trop longtemps sur une ambigu\u00eft\u00e9 : nous c\u00e9l\u00e9brons la diversit\u00e9 comme une vertu, mais nous refusons souvent de reconna\u00eetre que toute soci\u00e9t\u00e9 a besoin d\u2019un socle commun pour durer. Les principes juridiques, les chartes et les droits sont n\u00e9cessaires, mais insuffisants. Sans pratiques partag\u00e9es \u2014 une langue qui unit, des codes civiques compris par tous, une m\u00e9moire collective \u2014 la nation se d\u00e9lite et les institutions deviennent des coquilles vides.<\/p>\n\n\n\n<p class=\"wp-block-paragraph\">L\u2019erreur serait de croire que l\u2019accueil seul suffit. Accueillir, c\u2019est offrir des chances ; int\u00e9grer, c\u2019est exiger des efforts. La ma\u00eetrise r\u00e9elle des langues nationales, l\u2019adh\u00e9sion aux r\u00e8gles publiques et la participation active \u00e0 la vie civique doivent \u00eatre des attentes claires, non des options d\u00e9coratives. Sinon, au fil des g\u00e9n\u00e9rations, se forment des enclaves o\u00f9 la coexistence tient plus de la juxtaposition que du vivre-ensemble.<\/p>\n\n\n\n<p class=\"wp-block-paragraph\">Les chiffres d\u00e9mographiques imposent l\u2019urgence. Le vieillissement s\u2019acc\u00e9l\u00e8re, la f\u00e9condit\u00e9 reste basse et la croissance d\u00e9mographique tient pour l\u2019essentiel \u00e0 des flux migratoires. Ceci n\u2019est pas un argument anti-immigration : c\u2019est un appel \u00e0 la lucidit\u00e9. Gouverner, c\u2019est anticiper les cons\u00e9quences sociales des choix publics \u2014 sur l\u2019\u00e9cole, le logement, la s\u00e9curit\u00e9 et la solidarit\u00e9 interg\u00e9n\u00e9rationnelle \u2014 et non les subir.<\/p>\n\n\n\n<p class=\"wp-block-paragraph\">La politique familiale doit redevenir une priorit\u00e9 nationale. Des conditions de logement stables, des services de garde accessibles, une fiscalit\u00e9 et des politiques de travail compatibles avec l\u2019\u00e9panouissement des familles sont des investissements dans la continuit\u00e9 du pays. Omettre cet axe, c\u2019est laisser le futur aux al\u00e9as des march\u00e9s et aux seules logiques migratoires.<\/p>\n\n\n\n<p class=\"wp-block-paragraph\">Sur l\u2019immigration, la Belgique doit adopter une posture pragmatique : nous pouvons accueillir, mais selon des crit\u00e8res d\u2019assimilabilit\u00e9 et d\u2019int\u00e9r\u00eat national. Cela signifie \u00e9valuer les flux \u00e0 l\u2019aune de leur capacit\u00e9 r\u00e9elle d\u2019int\u00e9gration, de leur impact sur les services publics et de leur contribution \u00e0 la coh\u00e9sion sociale. L\u2019enjeu est d\u2019\u00e9viter que l\u2019accueil, pratiqu\u00e9 sans capacit\u00e9 d\u2019assimilation, ne devienne le ferment du morcellement.<\/p>\n\n\n\n<p class=\"wp-block-paragraph\">Dire cela n\u2019est pas fermer la porte ; c\u2019est fixer des r\u00e8gles claires. Une soci\u00e9t\u00e9 g\u00e9n\u00e9reuse sait poser des exigences si elles servent la r\u00e9ciprocit\u00e9 et la solidarit\u00e9. Exiger la langue, l\u2019\u00e9ducation civique et la participation, ce n\u2019est pas exclure, c\u2019est offrir une voie d\u2019entr\u00e9e vers l\u2019appartenance durable.<\/p>\n\n\n\n<p class=\"wp-block-paragraph\">Le r\u00e9armement culturel doit aussi se jouer sur le terrain symbolique : l\u2019\u00e9cole, les m\u00e9dias publics, les institutions locales doivent reprendre le flambeau de la transmission. Nommer notre histoire, valoriser nos rep\u00e8res et demander \u00e0 tous ceux qui s\u2019installent ici de les apprendre n\u2019est pas une nostalgie r\u00e9ductrice ; c\u2019est la condition d\u2019un vivre-ensemble qui dure.<\/p>\n\n\n\n<p class=\"wp-block-paragraph\">En fin de compte, la question est simple : voulons-nous rester un territoire gouvern\u00e9 par des r\u00e8gles techniques ou voulons-nous redevenir une nation capable de se reproduire culturellement et politiquement ? La responsabilit\u00e9 des \u00e9lus est de choisir la seconde option. Sinon, nous risquons d\u2019offrir aux g\u00e9n\u00e9rations futures un pays o\u00f9 l\u2019appartenance sera de moins en moins tangible.<\/p>\n\n\n\n<p class=\"wp-block-paragraph\">Redevenir une nation, ce n\u2019est pas renoncer aux valeurs d\u2019ouverture ; c\u2019est les pr\u00e9server en les transmettant. C\u2019est l\u00e0, et non dans la contradiction, que se trouve l\u2019avenir de la Belgique.<\/p>\n","protected":false},"excerpt":{"rendered":"<p>Face au vieillissement, \u00e0 la faiblesse de la natalit\u00e9 et \u00e0 des politiques d\u2019int\u00e9gration souvent ti\u00e8des, la Belgique risque de devenir un territoire g\u00e9r\u00e9 plut\u00f4t qu\u2019un peuple vivant. Il est temps de remettre la transmission \u2014 de la langue, des institutions et des normes \u2014 au c\u0153ur de la politique nationale. La Belgique vit depuis [&hellip;]<\/p>\n","protected":false},"author":1,"featured_media":0,"comment_status":"open","ping_status":"open","sticky":false,"template":"","format":"standard","meta":{"_monsterinsights_skip_tracking":false,"_uf_show_specific_survey":0,"_uf_disable_surveys":false,"footnotes":""},"categories":[33,65,59,63],"tags":[],"class_list":["post-3064","post","type-post","status-publish","format-standard","hentry","category-belgitude","category-demographie","category-peuple","category-souverainete"],"_links":{"self":[{"href":"https:\/\/droitemoderniste.be\/index.php\/wp-json\/wp\/v2\/posts\/3064","targetHints":{"allow":["GET"]}}],"collection":[{"href":"https:\/\/droitemoderniste.be\/index.php\/wp-json\/wp\/v2\/posts"}],"about":[{"href":"https:\/\/droitemoderniste.be\/index.php\/wp-json\/wp\/v2\/types\/post"}],"author":[{"embeddable":true,"href":"https:\/\/droitemoderniste.be\/index.php\/wp-json\/wp\/v2\/users\/1"}],"replies":[{"embeddable":true,"href":"https:\/\/droitemoderniste.be\/index.php\/wp-json\/wp\/v2\/comments?post=3064"}],"version-history":[{"count":1,"href":"https:\/\/droitemoderniste.be\/index.php\/wp-json\/wp\/v2\/posts\/3064\/revisions"}],"predecessor-version":[{"id":3066,"href":"https:\/\/droitemoderniste.be\/index.php\/wp-json\/wp\/v2\/posts\/3064\/revisions\/3066"}],"wp:attachment":[{"href":"https:\/\/droitemoderniste.be\/index.php\/wp-json\/wp\/v2\/media?parent=3064"}],"wp:term":[{"taxonomy":"category","embeddable":true,"href":"https:\/\/droitemoderniste.be\/index.php\/wp-json\/wp\/v2\/categories?post=3064"},{"taxonomy":"post_tag","embeddable":true,"href":"https:\/\/droitemoderniste.be\/index.php\/wp-json\/wp\/v2\/tags?post=3064"}],"curies":[{"name":"wp","href":"https:\/\/api.w.org\/{rel}","templated":true}]}}