{"id":3061,"date":"2026-07-25T10:08:13","date_gmt":"2026-07-25T08:08:13","guid":{"rendered":"https:\/\/droitemoderniste.be\/?p=3061"},"modified":"2026-07-25T10:08:13","modified_gmt":"2026-07-25T08:08:13","slug":"la-souverainete-condition-de-la-liberte","status":"publish","type":"post","link":"https:\/\/droitemoderniste.be\/index.php\/2026\/07\/25\/la-souverainete-condition-de-la-liberte\/","title":{"rendered":"La souverainet\u00e9, condition de la libert\u00e9"},"content":{"rendered":"\n<figure class=\"wp-block-image size-full\"><img loading=\"lazy\" decoding=\"async\" width=\"399\" height=\"501\" src=\"https:\/\/droitemoderniste.be\/wp-content\/uploads\/2026\/07\/drapeau-antarctique.jpg\" alt=\"\" class=\"wp-image-3062\" srcset=\"https:\/\/droitemoderniste.be\/wp-content\/uploads\/2026\/07\/drapeau-antarctique.jpg 399w, https:\/\/droitemoderniste.be\/wp-content\/uploads\/2026\/07\/drapeau-antarctique-239x300.jpg 239w\" sizes=\"auto, (max-width: 399px) 100vw, 399px\" \/><\/figure>\n\n\n\n<p class=\"wp-block-paragraph\"><strong>Tribune de lancement du <mark style=\"background-color:rgba(0, 0, 0, 0);color:#ff6900\" class=\"has-inline-color\">Mouvement Droite Moderniste<\/mark><\/strong><br><em>Par Carl-Alexandre Robyn<\/em><\/p>\n\n\n\n<hr class=\"wp-block-separator has-alpha-channel-opacity\"\/>\n\n\n\n<h2 class=\"wp-block-heading\">La libert\u00e9 n\u2019est pas un acquis<\/h2>\n\n\n\n<p class=\"wp-block-paragraph\">On nous dit que la libert\u00e9 est naturelle, qu\u2019elle est universelle, qu\u2019elle est un droit imprescriptible. On nous dit que la libert\u00e9 est un h\u00e9ritage, une \u00e9vidence, une conqu\u00eate d\u00e9finitive.<\/p>\n\n\n\n<p class=\"wp-block-paragraph\">C\u2019est faux.<\/p>\n\n\n\n<p class=\"wp-block-paragraph\">La libert\u00e9 n\u2019est pas un acquis. Elle est un fragile \u00e9quilibre entre l\u2019ordre et la justice, entre la puissance publique et les droits individuels, entre la souverainet\u00e9 et la citoyennet\u00e9.<\/p>\n\n\n\n<p class=\"wp-block-paragraph\">Sans souverainet\u00e9, la libert\u00e9 n\u2019est qu\u2019un mot. Sans \u00c9tat fort, la libert\u00e9 n\u2019est qu\u2019une illusion.<\/p>\n\n\n\n<h2 class=\"wp-block-heading\">La souverainet\u00e9, fondement de la libert\u00e9<\/h2>\n\n\n\n<p class=\"wp-block-paragraph\">La souverainet\u00e9, c\u2019est la capacit\u00e9 d\u2019un peuple \u00e0 d\u00e9cider de son destin. C\u2019est le droit de fixer ses lois, de choisir ses dirigeants, de d\u00e9finir ses priorit\u00e9s. C\u2019est la nation qui se gouverne elle-m\u00eame, par ses repr\u00e9sentants, par ses institutions, par sa Constitution.<\/p>\n\n\n\n<p class=\"wp-block-paragraph\">La souverainet\u00e9, c\u2019est la condition de la libert\u00e9. C\u2019est le rempart contre le chaos, contre l\u2019arbitraire, contre la soumission.<\/p>\n\n\n\n<p class=\"wp-block-paragraph\">Sans souverainet\u00e9, la libert\u00e9 est livr\u00e9e aux forces ext\u00e9rieures, aux diktats \u00e9trangers, aux pressions migratoires, aux bureaucraties supranationales. Sans souverainet\u00e9, le peuple n\u2019est plus qu\u2019un spectateur impuissant de son propre destin.<\/p>\n\n\n\n<h2 class=\"wp-block-heading\">Un programme en trois actes<\/h2>\n\n\n\n<p class=\"wp-block-paragraph\">Le <mark style=\"background-color:rgba(0, 0, 0, 0);color:#ff6900\" class=\"has-inline-color\">Mouvement Droite Moderniste<\/mark> na\u00eet d\u2019une conviction : il est temps de <strong>ma\u00eetriser les fronti\u00e8res, prot\u00e9ger les familles, restaurer l\u2019\u00c9tat<\/strong>.<\/p>\n\n\n\n<p class=\"wp-block-paragraph\">Ce n\u2019est pas un slogan. C\u2019est un programme de refondation.<\/p>\n\n\n\n<h2 class=\"wp-block-heading\">Ma\u00eetriser les fronti\u00e8res<\/h2>\n\n\n\n<p class=\"wp-block-paragraph\">Ma\u00eetriser les fronti\u00e8res, c\u2019est refuser l\u2019immigration subie, le chaos migratoire, l\u2019asile d\u00e9tourn\u00e9. C\u2019est instaurer une immigration choisie, r\u00e9gul\u00e9e, int\u00e9gr\u00e9e. C\u2019est fixer des quotas, des crit\u00e8res, des obligations. C\u2019est dire que la nation accueille, mais que la nation choisit.<\/p>\n\n\n\n<p class=\"wp-block-paragraph\">Ma\u00eetriser les fronti\u00e8res, c\u2019est restaurer le sens premier du droit d\u2019asile : prot\u00e9ger les pers\u00e9cut\u00e9s, pas ouvrir les portes \u00e0 tous. C\u2019est acc\u00e9l\u00e9rer les proc\u00e9dures, expulser les d\u00e9bout\u00e9s, sanctionner les abus. C\u2019est prot\u00e9ger l\u2019asile pour ceux qui en ont vraiment besoin.<\/p>\n\n\n\n<p class=\"wp-block-paragraph\">Ma\u00eetriser les fronti\u00e8res, c\u2019est la souverainet\u00e9 en acte. C\u2019est le peuple qui d\u00e9cide qui entre, qui reste, qui devient citoyen. C\u2019est la nation qui se prot\u00e8ge, qui se respecte, qui se projette.<\/p>\n\n\n\n<h2 class=\"wp-block-heading\">Prot\u00e9ger les familles<\/h2>\n\n\n\n<p class=\"wp-block-paragraph\">Prot\u00e9ger les familles, c\u2019est reconna\u00eetre que la famille est le fondement de la nation. C\u2019est la cellule de base de la soci\u00e9t\u00e9, le lieu de la transmission, de la solidarit\u00e9, de la dur\u00e9e.<\/p>\n\n\n\n<p class=\"wp-block-paragraph\">Prot\u00e9ger les familles, c\u2019est soutenir les parents, valoriser la maternit\u00e9 et la paternit\u00e9, redonner sens \u00e0 la filiation. C\u2019est faire de la natalit\u00e9 une politique de souverainet\u00e9. C\u2019est reconna\u00eetre que sans enfants, il n\u2019y a pas d\u2019avenir.<\/p>\n\n\n\n<p class=\"wp-block-paragraph\">Prot\u00e9ger les familles, c\u2019est la libert\u00e9 en acte. C\u2019est le droit de transmettre, de choisir, de construire. C\u2019est la nation qui se projette, g\u00e9n\u00e9ration apr\u00e8s g\u00e9n\u00e9ration.<\/p>\n\n\n\n<h2 class=\"wp-block-heading\">Restaurer l\u2019\u00c9tat<\/h2>\n\n\n\n<p class=\"wp-block-paragraph\">Restaurer l\u2019\u00c9tat, c\u2019est refuser l\u2019impuissance, la r\u00e9signation, le d\u00e9clin. C\u2019est redonner \u00e0 l\u2019\u00c9tat son autorit\u00e9, sa l\u00e9gitimit\u00e9, sa comp\u00e9tence. C\u2019est la puissance publique au service de l\u2019int\u00e9r\u00eat g\u00e9n\u00e9ral.<\/p>\n\n\n\n<p class=\"wp-block-paragraph\">Restaurer l\u2019\u00c9tat, c\u2019est la souverainet\u00e9 en acte. C\u2019est la loi qui s\u2019applique, la justice qui se rend, la s\u00e9curit\u00e9 qui se garantit. C\u2019est la nation qui se gouverne elle-m\u00eame, par ses lois, par ses institutions, par sa Constitution.<\/p>\n\n\n\n<p class=\"wp-block-paragraph\">Restaurer l\u2019\u00c9tat, c\u2019est la libert\u00e9 en acte. C\u2019est l\u2019ordre juste, la justice pour tous, la protection des citoyens. C\u2019est la nation qui se respecte, qui se prot\u00e8ge, qui se transmet.<\/p>\n\n\n\n<h2 class=\"wp-block-heading\">Un appel \u00e0 la lucidit\u00e9<\/h2>\n\n\n\n<p class=\"wp-block-paragraph\">La souverainet\u00e9, c\u2019est la lucidit\u00e9. C\u2019est regarder les faits en face : la pression migratoire, la crise de l\u2019asile, le d\u00e9clin d\u00e9mographique. C\u2019est nommer les probl\u00e8mes, pas les euph\u00e9miser. C\u2019est proposer des solutions, pas des slogans.<\/p>\n\n\n\n<p class=\"wp-block-paragraph\">La souverainet\u00e9, c\u2019est l\u2019exigence. C\u2019est le respect du droit, de la loi, de la Constitution. C\u2019est la souverainet\u00e9 populaire, pas la souverainet\u00e9 des juges ou des bureaucrates. C\u2019est le peuple qui d\u00e9cide, par ses repr\u00e9sentants, par ses lois, par ses r\u00e9f\u00e9rendums.<\/p>\n\n\n\n<p class=\"wp-block-paragraph\">La souverainet\u00e9, c\u2019est la grandeur. C\u2019est la Belgique qui se redresse, qui se respecte, qui se projette. C\u2019est la nation qui se ma\u00eetrise, qui se prot\u00e8ge, qui se transmet.<\/p>\n\n\n\n<h2 class=\"wp-block-heading\">Un mouvement \u00e0 b\u00e2tir<\/h2>\n\n\n\n<p class=\"wp-block-paragraph\">Le <mark style=\"background-color:rgba(0, 0, 0, 0);color:#ff6900\" class=\"has-inline-color\">Mouvement Droite Moderniste<\/mark> n\u2019est pas un parti de plus. C\u2019est un mouvement de refondation. C\u2019est l\u2019appel \u00e0 tous ceux qui refusent l\u2019impuissance, la r\u00e9signation, le d\u00e9clin.<\/p>\n\n\n\n<p class=\"wp-block-paragraph\">C\u2019est l\u2019appel \u00e0 la souverainet\u00e9, \u00e0 l\u2019exigence, \u00e0 la grandeur.<\/p>\n\n\n\n<p class=\"wp-block-paragraph\">C\u2019est l\u2019appel \u00e0 la libert\u00e9.<\/p>\n\n\n\n<hr class=\"wp-block-separator has-alpha-channel-opacity\"\/>\n\n\n\n<p class=\"wp-block-paragraph\"><strong>La souverainet\u00e9, condition de la libert\u00e9.<\/strong><br><em>Ma\u00eetriser les fronti\u00e8res, prot\u00e9ger les familles, restaurer l\u2019\u00c9tat.<\/em><\/p>\n\n\n\n<hr class=\"wp-block-separator has-alpha-channel-opacity\"\/>\n","protected":false},"excerpt":{"rendered":"<p>Tribune de lancement du Mouvement Droite ModernistePar Carl-Alexandre Robyn La libert\u00e9 n\u2019est pas un acquis On nous dit que la libert\u00e9 est naturelle, qu\u2019elle est universelle, qu\u2019elle est un droit imprescriptible. On nous dit que la libert\u00e9 est un h\u00e9ritage, une \u00e9vidence, une conqu\u00eate d\u00e9finitive. C\u2019est faux. La libert\u00e9 n\u2019est pas un acquis. Elle est [&hellip;]<\/p>\n","protected":false},"author":1,"featured_media":0,"comment_status":"open","ping_status":"open","sticky":false,"template":"","format":"standard","meta":{"_monsterinsights_skip_tracking":false,"_uf_show_specific_survey":0,"_uf_disable_surveys":false,"footnotes":""},"categories":[63,47],"tags":[],"class_list":["post-3061","post","type-post","status-publish","format-standard","hentry","category-souverainete","category-souverainisme"],"_links":{"self":[{"href":"https:\/\/droitemoderniste.be\/index.php\/wp-json\/wp\/v2\/posts\/3061","targetHints":{"allow":["GET"]}}],"collection":[{"href":"https:\/\/droitemoderniste.be\/index.php\/wp-json\/wp\/v2\/posts"}],"about":[{"href":"https:\/\/droitemoderniste.be\/index.php\/wp-json\/wp\/v2\/types\/post"}],"author":[{"embeddable":true,"href":"https:\/\/droitemoderniste.be\/index.php\/wp-json\/wp\/v2\/users\/1"}],"replies":[{"embeddable":true,"href":"https:\/\/droitemoderniste.be\/index.php\/wp-json\/wp\/v2\/comments?post=3061"}],"version-history":[{"count":1,"href":"https:\/\/droitemoderniste.be\/index.php\/wp-json\/wp\/v2\/posts\/3061\/revisions"}],"predecessor-version":[{"id":3063,"href":"https:\/\/droitemoderniste.be\/index.php\/wp-json\/wp\/v2\/posts\/3061\/revisions\/3063"}],"wp:attachment":[{"href":"https:\/\/droitemoderniste.be\/index.php\/wp-json\/wp\/v2\/media?parent=3061"}],"wp:term":[{"taxonomy":"category","embeddable":true,"href":"https:\/\/droitemoderniste.be\/index.php\/wp-json\/wp\/v2\/categories?post=3061"},{"taxonomy":"post_tag","embeddable":true,"href":"https:\/\/droitemoderniste.be\/index.php\/wp-json\/wp\/v2\/tags?post=3061"}],"curies":[{"name":"wp","href":"https:\/\/api.w.org\/{rel}","templated":true}]}}