{"id":3058,"date":"2026-07-24T11:59:45","date_gmt":"2026-07-24T09:59:45","guid":{"rendered":"https:\/\/droitemoderniste.be\/?p=3058"},"modified":"2026-07-24T11:59:45","modified_gmt":"2026-07-24T09:59:45","slug":"opinion-en-crise-democratie-sous-tension","status":"publish","type":"post","link":"https:\/\/droitemoderniste.be\/index.php\/2026\/07\/24\/opinion-en-crise-democratie-sous-tension\/","title":{"rendered":"Opinion en crise, d\u00e9mocratie sous tension"},"content":{"rendered":"\n<figure class=\"wp-block-image size-full\"><img loading=\"lazy\" decoding=\"async\" width=\"300\" height=\"168\" src=\"https:\/\/droitemoderniste.be\/wp-content\/uploads\/2026\/07\/peupleb3.jpg\" alt=\"\" class=\"wp-image-3059\"\/><\/figure>\n\n\n\n<p class=\"wp-block-paragraph\">La Belgique traverse une crise politique que plus personne ne peut s\u00e9rieusement nier : l\u2019opinion publique et le syst\u00e8me qui pr\u00e9tend la repr\u00e9senter ne co\u00efncident plus.<\/p>\n\n\n\n<p class=\"wp-block-paragraph\">Le divorce est net. Et il est mesurable.<\/p>\n\n\n\n<p class=\"wp-block-paragraph\">Entre 65 et 70% des citoyens estiment qu\u2019il y a trop d\u2019immigration. Ce n\u2019est pas une minorit\u00e9 bruyante. C\u2019est une majorit\u00e9 lourde, constante, transversale. Dans toute d\u00e9mocratie fonctionnelle, un tel niveau d\u2019opinion devrait structurer le d\u00e9bat politique.<\/p>\n\n\n\n<p class=\"wp-block-paragraph\">Mais ce n\u2019est pas le cas.<\/p>\n\n\n\n<p class=\"wp-block-paragraph\">Dans les urnes, le signal est tout aussi clair. Entre 30 et 35% des \u00e9lecteurs se tournent vers des partis critiques \u2014 N-VA, Vlaams Belang, ou d\u2019autres formations \u00e9mergentes. L\u00e0 encore, il ne s\u2019agit pas d\u2019un \u00e9piph\u00e9nom\u00e8ne, mais d\u2019un bloc \u00e9lectoral massif.<\/p>\n\n\n\n<p class=\"wp-block-paragraph\">Et pourtant, rien ne bouge vraiment.<\/p>\n\n\n\n<p class=\"wp-block-paragraph\">Les politiques men\u00e9es restent globalement les m\u00eames. Les \u00e9quilibres institutionnels neutralisent ces votes. Les partis dominants contournent ces r\u00e9sultats plut\u00f4t que de les int\u00e9grer.<\/p>\n\n\n\n<p class=\"wp-block-paragraph\">Le message envoy\u00e9 aux citoyens est brutal : vous pouvez voter, mais vous ne d\u00e9cidez pas.<\/p>\n\n\n\n<p class=\"wp-block-paragraph\">C\u2019est l\u00e0 que commence la crise d\u00e9mocratique.<\/p>\n\n\n\n<p class=\"wp-block-paragraph\">Car une d\u00e9mocratie ne repose pas seulement sur des \u00e9lections. Elle repose sur un principe simple : la traduction politique des pr\u00e9f\u00e9rences majoritaires. Lorsque cette traduction dispara\u00eet, le syst\u00e8me continue d\u2019exister \u2014 mais il se vide de sa l\u00e9gitimit\u00e9.<\/p>\n\n\n\n<p class=\"wp-block-paragraph\">C\u2019est exactement ce qui se produit.<\/p>\n\n\n\n<p class=\"wp-block-paragraph\">D\u2019un c\u00f4t\u00e9, une opinion publique qui exprime des attentes claires. De l\u2019autre, un syst\u00e8me politique qui persiste dans une trajectoire largement ind\u00e9pendante de ces attentes.<\/p>\n\n\n\n<p class=\"wp-block-paragraph\">Le d\u00e9calage n\u2019est plus ponctuel. Il est structurel.<\/p>\n\n\n\n<p class=\"wp-block-paragraph\">Et ce d\u00e9calage alimente tout le reste : la d\u00e9fiance, la col\u00e8re, le vote de rupture, la mont\u00e9e des partis contestataires. Non pas comme anomalies, mais comme sympt\u00f4mes logiques d\u2019un syst\u00e8me qui ne r\u00e9pond plus.<\/p>\n\n\n\n<p class=\"wp-block-paragraph\">La Belgique donne aujourd\u2019hui l\u2019image d\u2019une d\u00e9mocratie invers\u00e9e : plus les signaux sont forts, moins ils produisent d\u2019effets.<\/p>\n\n\n\n<p class=\"wp-block-paragraph\">C\u2019est une m\u00e9canique dangereuse.<\/p>\n\n\n\n<p class=\"wp-block-paragraph\">Car \u00e0 force de constater que leur vote ne change rien, les citoyens finissent par changer de rapport au syst\u00e8me lui-m\u00eame. Ils ne cherchent plus \u00e0 peser \u00e0 l\u2019int\u00e9rieur. Ils cherchent \u00e0 le contourner, \u00e0 le contester, \u00e0 le sanctionner.<\/p>\n\n\n\n<p class=\"wp-block-paragraph\">Et lorsqu\u2019une d\u00e9mocratie en arrive l\u00e0, elle entre dans une zone d\u2019instabilit\u00e9 durable.<\/p>\n\n\n\n<p class=\"wp-block-paragraph\">Le probl\u00e8me n\u2019est plus une question de politique migratoire, ni m\u00eame de choix id\u00e9ologiques. Le probl\u00e8me est plus profond : c\u2019est celui d\u2019un syst\u00e8me qui ne refl\u00e8te plus le pays r\u00e9el.<\/p>\n\n\n\n<p class=\"wp-block-paragraph\">Un syst\u00e8me qui parle encore au nom du peuple, mais qui n\u2019\u00e9coute plus ce qu\u2019il dit.<\/p>\n\n\n\n<p class=\"wp-block-paragraph\">Et une d\u00e9mocratie o\u00f9 l\u2019on n\u2019\u00e9coute plus le peuple n\u2019est pas une d\u00e9mocratie apais\u00e9e.<\/p>\n\n\n\n<p class=\"wp-block-paragraph\">C\u2019est une d\u00e9mocratie sous tension.<\/p>\n","protected":false},"excerpt":{"rendered":"<p>La Belgique traverse une crise politique que plus personne ne peut s\u00e9rieusement nier : l\u2019opinion publique et le syst\u00e8me qui pr\u00e9tend la repr\u00e9senter ne co\u00efncident plus. Le divorce est net. Et il est mesurable. Entre 65 et 70% des citoyens estiment qu\u2019il y a trop d\u2019immigration. Ce n\u2019est pas une minorit\u00e9 bruyante. C\u2019est une majorit\u00e9 [&hellip;]<\/p>\n","protected":false},"author":1,"featured_media":0,"comment_status":"open","ping_status":"open","sticky":false,"template":"","format":"standard","meta":{"_monsterinsights_skip_tracking":false,"_uf_show_specific_survey":0,"_uf_disable_surveys":false,"footnotes":""},"categories":[33,22],"tags":[],"class_list":["post-3058","post","type-post","status-publish","format-standard","hentry","category-belgitude","category-democratie"],"_links":{"self":[{"href":"https:\/\/droitemoderniste.be\/index.php\/wp-json\/wp\/v2\/posts\/3058","targetHints":{"allow":["GET"]}}],"collection":[{"href":"https:\/\/droitemoderniste.be\/index.php\/wp-json\/wp\/v2\/posts"}],"about":[{"href":"https:\/\/droitemoderniste.be\/index.php\/wp-json\/wp\/v2\/types\/post"}],"author":[{"embeddable":true,"href":"https:\/\/droitemoderniste.be\/index.php\/wp-json\/wp\/v2\/users\/1"}],"replies":[{"embeddable":true,"href":"https:\/\/droitemoderniste.be\/index.php\/wp-json\/wp\/v2\/comments?post=3058"}],"version-history":[{"count":1,"href":"https:\/\/droitemoderniste.be\/index.php\/wp-json\/wp\/v2\/posts\/3058\/revisions"}],"predecessor-version":[{"id":3060,"href":"https:\/\/droitemoderniste.be\/index.php\/wp-json\/wp\/v2\/posts\/3058\/revisions\/3060"}],"wp:attachment":[{"href":"https:\/\/droitemoderniste.be\/index.php\/wp-json\/wp\/v2\/media?parent=3058"}],"wp:term":[{"taxonomy":"category","embeddable":true,"href":"https:\/\/droitemoderniste.be\/index.php\/wp-json\/wp\/v2\/categories?post=3058"},{"taxonomy":"post_tag","embeddable":true,"href":"https:\/\/droitemoderniste.be\/index.php\/wp-json\/wp\/v2\/tags?post=3058"}],"curies":[{"name":"wp","href":"https:\/\/api.w.org\/{rel}","templated":true}]}}