{"id":3042,"date":"2026-07-21T09:05:36","date_gmt":"2026-07-21T07:05:36","guid":{"rendered":"https:\/\/droitemoderniste.be\/?p=3042"},"modified":"2026-07-21T09:05:36","modified_gmt":"2026-07-21T07:05:36","slug":"le-suicide-demographique-belge","status":"publish","type":"post","link":"https:\/\/droitemoderniste.be\/index.php\/2026\/07\/21\/le-suicide-demographique-belge\/","title":{"rendered":"Le suicide d\u00e9mographique belge"},"content":{"rendered":"\n<figure class=\"wp-block-image size-full\"><img loading=\"lazy\" decoding=\"async\" width=\"618\" height=\"495\" src=\"https:\/\/droitemoderniste.be\/wp-content\/uploads\/2026\/07\/bebe0.jpg\" alt=\"\" class=\"wp-image-3043\" srcset=\"https:\/\/droitemoderniste.be\/wp-content\/uploads\/2026\/07\/bebe0.jpg 618w, https:\/\/droitemoderniste.be\/wp-content\/uploads\/2026\/07\/bebe0-300x240.jpg 300w\" sizes=\"auto, (max-width: 618px) 100vw, 618px\" \/><\/figure>\n\n\n\n<p class=\"wp-block-paragraph\"><strong>D\u00e9mographie belge : Le grand d\u00e9ni d\u2019une faillite annonc\u00e9e<\/strong><\/p>\n\n\n\n<p class=\"wp-block-paragraph\">Les masques tombent. Les projections du Bureau du Plan et de Statbel ne sont plus de simples statistiques : elles sont l\u2019acte de d\u00e9c\u00e8s d\u2019un mod\u00e8le qui refuse de voir sa propre fin. On nous annonce, avec le sourire clinique des technocrates, que la Belgique ne grandira plus que par l\u2019immigration. On nous pr\u00e9sente comme une fatalit\u00e9 math\u00e9matique ce qui est, en r\u00e9alit\u00e9, le r\u00e9sultat d\u2019une immense d\u00e9mission politique.<\/p>\n\n\n\n<p class=\"wp-block-paragraph\">Regardons la v\u00e9rit\u00e9 en face. Notre solde naturel est dans le rouge. Il y a d\u00e9sormais plus de cercueils que de berceaux dans notre pays. Face \u00e0 ce suicide d\u00e9mographique, quelle est la r\u00e9ponse de nos dirigeants ? La politique de l&rsquo;autruche. Plut\u00f4t que de mener une politique familiale courageuse, d&rsquo;aider les jeunes couples \u00e0 se loger et d&rsquo;investir dans l&rsquo;avenir de nos enfants, l&rsquo;\u00c9tat a choisi la solution de facilit\u00e9 : compenser le vide par des flux migratoires continus.<\/p>\n\n\n\n<p class=\"wp-block-paragraph\">C\u2019est un calcul \u00e0 courte vue, une fuite en avant qui ignore royalement les r\u00e9alit\u00e9s du terrain. Nos \u00e9coles sont satur\u00e9es, nos h\u00f4pitaux craquent de toutes parts, et la crise du logement fait rage. Comment peut-on d\u00e9cemment pr\u00e9tendre int\u00e9grer dignement des dizaines de milliers de personnes chaque ann\u00e9e alors que les Belges eux-m\u00eames peinent \u00e0 boucler leurs fins de mois et \u00e0 se soigner ? Notre mod\u00e8le de protection sociale, envi\u00e9 dans le monde entier, est en train d&rsquo;\u00eatre sacrifi\u00e9 sur l&rsquo;autel du court-termisme \u00e9conomique.<\/p>\n\n\n\n<p class=\"wp-block-paragraph\">Il ne s&rsquo;agit pas de fatalit\u00e9, mais de choix. Continuer \u00e0 utiliser l\u2019immigration comme l&rsquo;unique variable d&rsquo;ajustement \u00e9conomique, c&rsquo;est refuser de soigner le mal \u00e0 la racine. Le d\u00e9bat d\u00e9mographique qui s&rsquo;ouvre devant nous n&rsquo;est pas une affaire de chiffres, c&rsquo;est un choix de soci\u00e9t\u00e9 : voulons-nous un pays qui capitule devant son propre vieillissement, ou une nation qui retrouve le courage de construire son propre avenir ? Il est grand temps d\u2019ouvrir les yeux et de rompre avec le politiquement correct avant qu\u2019il ne soit trop tard.<\/p>\n\n\n\n<p class=\"wp-block-paragraph\"><\/p>\n\n\n\n<p class=\"wp-block-paragraph\">Un tout nouveau livre choc, qui fait trembler les politiques: \u00ab\u00a0<a href=\"https:\/\/www.amazon.com.be\/dp\/B0H9LTYCFB\" data-type=\"link\" data-id=\"https:\/\/www.amazon.com.be\/dp\/B0H9LTYCFB\">Le suicide d\u00e9mographique belge<\/a>\u00ab\u00a0, sous-titre \u00ab\u00a0Immigration, natalit\u00e9, aveuglement politique : les m\u00e9canismes d&rsquo;un effondrement programm\u00e9\u00a0\u00bb <\/p>\n\n\n\n<p class=\"wp-block-paragraph\"><\/p>\n","protected":false},"excerpt":{"rendered":"<p>D\u00e9mographie belge : Le grand d\u00e9ni d\u2019une faillite annonc\u00e9e Les masques tombent. Les projections du Bureau du Plan et de Statbel ne sont plus de simples statistiques : elles sont l\u2019acte de d\u00e9c\u00e8s d\u2019un mod\u00e8le qui refuse de voir sa propre fin. On nous annonce, avec le sourire clinique des technocrates, que la Belgique ne [&hellip;]<\/p>\n","protected":false},"author":1,"featured_media":0,"comment_status":"open","ping_status":"open","sticky":false,"template":"","format":"standard","meta":{"_monsterinsights_skip_tracking":false,"_uf_show_specific_survey":0,"_uf_disable_surveys":false,"footnotes":""},"categories":[65,1],"tags":[],"class_list":["post-3042","post","type-post","status-publish","format-standard","hentry","category-demographie","category-immigration"],"_links":{"self":[{"href":"https:\/\/droitemoderniste.be\/index.php\/wp-json\/wp\/v2\/posts\/3042","targetHints":{"allow":["GET"]}}],"collection":[{"href":"https:\/\/droitemoderniste.be\/index.php\/wp-json\/wp\/v2\/posts"}],"about":[{"href":"https:\/\/droitemoderniste.be\/index.php\/wp-json\/wp\/v2\/types\/post"}],"author":[{"embeddable":true,"href":"https:\/\/droitemoderniste.be\/index.php\/wp-json\/wp\/v2\/users\/1"}],"replies":[{"embeddable":true,"href":"https:\/\/droitemoderniste.be\/index.php\/wp-json\/wp\/v2\/comments?post=3042"}],"version-history":[{"count":1,"href":"https:\/\/droitemoderniste.be\/index.php\/wp-json\/wp\/v2\/posts\/3042\/revisions"}],"predecessor-version":[{"id":3044,"href":"https:\/\/droitemoderniste.be\/index.php\/wp-json\/wp\/v2\/posts\/3042\/revisions\/3044"}],"wp:attachment":[{"href":"https:\/\/droitemoderniste.be\/index.php\/wp-json\/wp\/v2\/media?parent=3042"}],"wp:term":[{"taxonomy":"category","embeddable":true,"href":"https:\/\/droitemoderniste.be\/index.php\/wp-json\/wp\/v2\/categories?post=3042"},{"taxonomy":"post_tag","embeddable":true,"href":"https:\/\/droitemoderniste.be\/index.php\/wp-json\/wp\/v2\/tags?post=3042"}],"curies":[{"name":"wp","href":"https:\/\/api.w.org\/{rel}","templated":true}]}}