{"id":3036,"date":"2026-07-18T11:46:08","date_gmt":"2026-07-18T09:46:08","guid":{"rendered":"https:\/\/droitemoderniste.be\/?p=3036"},"modified":"2026-07-18T11:46:08","modified_gmt":"2026-07-18T09:46:08","slug":"relancer-la-natalite-une-equation-simple-une-volonte-politique-rare","status":"publish","type":"post","link":"https:\/\/droitemoderniste.be\/index.php\/2026\/07\/18\/relancer-la-natalite-une-equation-simple-une-volonte-politique-rare\/","title":{"rendered":"Relancer la natalit\u00e9\u00a0: une \u00e9quation simple, une volont\u00e9 politique rare"},"content":{"rendered":"\n<figure class=\"wp-block-image size-full\"><img loading=\"lazy\" decoding=\"async\" width=\"738\" height=\"414\" src=\"https:\/\/droitemoderniste.be\/wp-content\/uploads\/2026\/07\/natalite1.jpg\" alt=\"\" class=\"wp-image-3037\" srcset=\"https:\/\/droitemoderniste.be\/wp-content\/uploads\/2026\/07\/natalite1.jpg 738w, https:\/\/droitemoderniste.be\/wp-content\/uploads\/2026\/07\/natalite1-300x168.jpg 300w\" sizes=\"auto, (max-width: 738px) 100vw, 738px\" \/><\/figure>\n\n\n\n<p class=\"wp-block-paragraph\">\u00c0 force de complexifier le d\u00e9bat sur la natalit\u00e9, on en oublie parfois l\u2019essentiel. Les diagnostics sont connus, les comparaisons internationales sont \u00e9clairantes, et les attentes des familles sont constantes. Ce qui manque, ce n\u2019est pas la compr\u00e9hension du probl\u00e8me, mais la coh\u00e9rence dans l\u2019action.<\/p>\n\n\n\n<p class=\"wp-block-paragraph\">Car relever durablement la natalit\u00e9 ne repose pas sur une mesure isol\u00e9e, mais sur une combinaison de leviers, compl\u00e9mentaires et indissociables.<\/p>\n\n\n\n<p class=\"wp-block-paragraph\">Le premier est celui de l\u2019accueil de la petite enfance. Sans un nombre suffisant de places en cr\u00e8che, accessibles et de qualit\u00e9, la conciliation entre vie professionnelle et vie familiale reste un obstacle concret, imm\u00e9diat, pour des milliers de parents.<\/p>\n\n\n\n<p class=\"wp-block-paragraph\">Le second levier est financier. \u00c9lever un enfant repr\u00e9sente un co\u00fbt r\u00e9el, souvent sous-estim\u00e9 dans les politiques publiques. Un soutien financier clair, lisible et progressif par enfant est indispensable pour s\u00e9curiser les d\u00e9cisions des m\u00e9nages.<\/p>\n\n\n\n<p class=\"wp-block-paragraph\">Le troisi\u00e8me pilier est celui du logement. Sans acc\u00e8s \u00e0 un logement adapt\u00e9, stable et abordable, le projet familial est fragilis\u00e9. La politique du logement doit redevenir un outil au service des familles, et non un angle mort des strat\u00e9gies d\u00e9mographiques.<\/p>\n\n\n\n<p class=\"wp-block-paragraph\">Vient ensuite la question du temps. Un cong\u00e9 de naissance suffisamment long et correctement indemnis\u00e9 est une condition essentielle pour permettre aux parents de s\u2019organiser sans sacrifier ni leurs revenus ni leur avenir professionnel.<\/p>\n\n\n\n<p class=\"wp-block-paragraph\">Mais au-del\u00e0 de ces mesures, c\u2019est l\u2019ensemble du rapport au travail qui doit \u00e9voluer. Une carri\u00e8re r\u00e9ellement compatible avec la maternit\u00e9 et la paternit\u00e9 \u2014 sans p\u00e9nalisation, sans ralentissement subi \u2014 est un facteur d\u00e9terminant. Tant que ce point restera non r\u00e9solu, les discours natalistes resteront largement inefficaces.<\/p>\n\n\n\n<p class=\"wp-block-paragraph\">Enfin, et surtout, aucune de ces politiques ne peut produire d\u2019effet sans stabilit\u00e9. Les familles ne raisonnent pas \u00e0 l\u2019\u00e9chelle d\u2019une l\u00e9gislature, mais sur le long terme. Une politique cr\u00e9dible doit donc s\u2019inscrire dans une trajectoire d\u2019au moins dix ans, avec des engagements clairs et maintenus.<\/p>\n\n\n\n<p class=\"wp-block-paragraph\">C\u2019est cette combinaison \u2014 et elle seule \u2014 qui peut produire des r\u00e9sultats tangibles. Isoler un levier, n\u00e9gliger les autres, ou changer de cap au gr\u00e9 des alternances politiques revient \u00e0 neutraliser l\u2019ensemble de l\u2019effort.<\/p>\n\n\n\n<p class=\"wp-block-paragraph\">La natalit\u00e9 ne d\u00e9pend ni d\u2019un slogan ni d\u2019un dispositif unique. Elle repose sur un \u00e9cosyst\u00e8me coh\u00e9rent, qui donne aux familles les moyens r\u00e9els de leurs choix.<\/p>\n\n\n\n<p class=\"wp-block-paragraph\">La question n\u2019est donc plus de savoir quoi faire. Elle est de savoir si l\u2019on est pr\u00eat \u00e0 le faire s\u00e9rieusement.<\/p>\n","protected":false},"excerpt":{"rendered":"<p>\u00c0 force de complexifier le d\u00e9bat sur la natalit\u00e9, on en oublie parfois l\u2019essentiel. Les diagnostics sont connus, les comparaisons internationales sont \u00e9clairantes, et les attentes des familles sont constantes. Ce qui manque, ce n\u2019est pas la compr\u00e9hension du probl\u00e8me, mais la coh\u00e9rence dans l\u2019action. Car relever durablement la natalit\u00e9 ne repose pas sur une [&hellip;]<\/p>\n","protected":false},"author":1,"featured_media":0,"comment_status":"open","ping_status":"open","sticky":false,"template":"","format":"standard","meta":{"_monsterinsights_skip_tracking":false,"_uf_show_specific_survey":0,"_uf_disable_surveys":false,"footnotes":""},"categories":[61],"tags":[],"class_list":["post-3036","post","type-post","status-publish","format-standard","hentry","category-politique-familiale-et-nataliste"],"_links":{"self":[{"href":"https:\/\/droitemoderniste.be\/index.php\/wp-json\/wp\/v2\/posts\/3036","targetHints":{"allow":["GET"]}}],"collection":[{"href":"https:\/\/droitemoderniste.be\/index.php\/wp-json\/wp\/v2\/posts"}],"about":[{"href":"https:\/\/droitemoderniste.be\/index.php\/wp-json\/wp\/v2\/types\/post"}],"author":[{"embeddable":true,"href":"https:\/\/droitemoderniste.be\/index.php\/wp-json\/wp\/v2\/users\/1"}],"replies":[{"embeddable":true,"href":"https:\/\/droitemoderniste.be\/index.php\/wp-json\/wp\/v2\/comments?post=3036"}],"version-history":[{"count":1,"href":"https:\/\/droitemoderniste.be\/index.php\/wp-json\/wp\/v2\/posts\/3036\/revisions"}],"predecessor-version":[{"id":3038,"href":"https:\/\/droitemoderniste.be\/index.php\/wp-json\/wp\/v2\/posts\/3036\/revisions\/3038"}],"wp:attachment":[{"href":"https:\/\/droitemoderniste.be\/index.php\/wp-json\/wp\/v2\/media?parent=3036"}],"wp:term":[{"taxonomy":"category","embeddable":true,"href":"https:\/\/droitemoderniste.be\/index.php\/wp-json\/wp\/v2\/categories?post=3036"},{"taxonomy":"post_tag","embeddable":true,"href":"https:\/\/droitemoderniste.be\/index.php\/wp-json\/wp\/v2\/tags?post=3036"}],"curies":[{"name":"wp","href":"https:\/\/api.w.org\/{rel}","templated":true}]}}