{"id":3027,"date":"2026-07-15T11:51:24","date_gmt":"2026-07-15T09:51:24","guid":{"rendered":"https:\/\/droitemoderniste.be\/?p=3027"},"modified":"2026-07-15T11:51:24","modified_gmt":"2026-07-15T09:51:24","slug":"immigrationnisme-le-choix-du-desordre-et-de-la-fragmentation","status":"publish","type":"post","link":"https:\/\/droitemoderniste.be\/index.php\/2026\/07\/15\/immigrationnisme-le-choix-du-desordre-et-de-la-fragmentation\/","title":{"rendered":"Immigrationnisme : le choix du d\u00e9sordre et de la fragmentation"},"content":{"rendered":"\n<figure class=\"wp-block-image size-full\"><img loading=\"lazy\" decoding=\"async\" width=\"288\" height=\"175\" src=\"https:\/\/droitemoderniste.be\/wp-content\/uploads\/2026\/07\/Molenbeek3.jpg\" alt=\"\" class=\"wp-image-3028\"\/><\/figure>\n\n\n\n<p class=\"wp-block-paragraph\">Il ne s\u2019agit plus d\u2019un simple d\u00e9bat d\u2019orientation politique. Il s\u2019agit d\u2019un constat d\u2019\u00e9chec massif. Depuis des ann\u00e9es, la Belgique s\u2019enfonce dans une forme d\u2019anarchie migratoire dont chacun per\u00e7oit d\u00e9sormais les effets, mais que trop peu osent encore nommer pour ce qu\u2019elle est : le produit direct d\u2019une id\u00e9ologie, l\u2019immigrationnisme.<\/p>\n\n\n\n<p class=\"wp-block-paragraph\">Ce choix n\u2019a rien d\u2019accidentel. Il proc\u00e8de d\u2019une vision assum\u00e9e, qui a consist\u00e9 \u00e0 pr\u00e9senter l\u2019immigration comme une richesse indiscutable, une fatalit\u00e9 heureuse, et toute tentative de r\u00e9gulation comme une faute morale. R\u00e9sultat : un \u00c9tat d\u00e9sarm\u00e9, une parole publique discr\u00e9dit\u00e9e, et une soci\u00e9t\u00e9 livr\u00e9e \u00e0 des tensions qu\u2019elle ne parvient plus \u00e0 contenir.<\/p>\n\n\n\n<p class=\"wp-block-paragraph\">La premi\u00e8re fracture est sociale. \u00c0 force d\u2019organiser la coexistence sans exiger l\u2019int\u00e9gration, le mod\u00e8le immigrationniste a produit ce qu\u2019il pr\u00e9tendait \u00e9viter : la s\u00e9paration. Les populations ne convergent plus, elles cohabitent sous tension. La d\u00e9fiance s\u2019installe, les incompr\u00e9hensions s\u2019accumulent, et le conflit \u2014 parfois larv\u00e9, parfois ouvert \u2014 devient une donn\u00e9e structurelle du quotidien.<\/p>\n\n\n\n<p class=\"wp-block-paragraph\">\u00c0 cela s\u2019ajoute une r\u00e9alit\u00e9 que l\u2019on continue de minimiser par r\u00e9flexe id\u00e9ologique : l\u2019ins\u00e9curit\u00e9 culturelle. Des pans entiers de la population ont le sentiment de devenir \u00e9trangers dans leur propre pays, de voir dispara\u00eetre des rep\u00e8res communs, des normes partag\u00e9es, une continuit\u00e9 historique. Ce ressenti est syst\u00e9matiquement disqualifi\u00e9, alors m\u00eame qu\u2019il constitue l\u2019un des moteurs les plus puissants de la fracture civique actuelle.<\/p>\n\n\n\n<p class=\"wp-block-paragraph\">Mais le ph\u00e9nom\u00e8ne le plus visible est territorial. Partout, des enclaves se forment, se consolident, s\u2019autonomisent. Ce ne sont plus seulement des quartiers populaires : ce sont des espaces o\u00f9 la logique communautaire supplante progressivement la norme commune. Des territoires o\u00f9 l\u2019\u00c9tat recule, o\u00f9 les r\u00e8gles s\u2019adaptent, o\u00f9 la s\u00e9paration devient la r\u00e8gle implicite. Parler de \u00ab territoires perdus \u00bb n\u2019est plus une exag\u00e9ration pol\u00e9mique, c\u2019est une description.<\/p>\n\n\n\n<p class=\"wp-block-paragraph\">Sur le plan \u00e9conomique, les effets sont tout aussi d\u00e9l\u00e9t\u00e8res. Une immigration mal ma\u00eetris\u00e9e alimente un march\u00e9 du travail fragment\u00e9, o\u00f9 la concurrence tire vers le bas les conditions d\u2019emploi des plus vuln\u00e9rables. Ce ph\u00e9nom\u00e8ne nourrit un sentiment d\u2019injustice profond, particuli\u00e8rement dans les classes populaires, premi\u00e8res expos\u00e9es et premi\u00e8res oubli\u00e9es du discours officiel.<\/p>\n\n\n\n<p class=\"wp-block-paragraph\">Et puis il y a le c\u0153ur du probl\u00e8me, celui que l\u2019on \u00e9vite soigneusement : la question d\u00e9mocratique. Car une soci\u00e9t\u00e9 fragment\u00e9e n\u2019est plus tout \u00e0 fait une soci\u00e9t\u00e9 politique. Lorsque les r\u00e9f\u00e9rences communes disparaissent, lorsque la solidarit\u00e9 se d\u00e9lite, lorsque les int\u00e9r\u00eats divergent irr\u00e9conciliablement, le \u00ab demos \u00bb se dissout. Et avec lui, la capacit\u00e9 de faire nation.<\/p>\n\n\n\n<p class=\"wp-block-paragraph\">Ce que l\u2019immigrationnisme a produit, ce n\u2019est pas une soci\u00e9t\u00e9 ouverte. C\u2019est une soci\u00e9t\u00e9 \u00e9clat\u00e9e. Une soci\u00e9t\u00e9 o\u00f9 la m\u00e9fiance remplace la confiance, o\u00f9 la juxtaposition remplace l\u2019unit\u00e9, o\u00f9 le d\u00e9ni remplace le d\u00e9bat.<\/p>\n\n\n\n<p class=\"wp-block-paragraph\">Continuer dans cette voie ne rel\u00e8ve plus de l\u2019aveuglement. C\u2019est un choix. Le choix du d\u00e9sordre, le choix de la fragmentation, le choix de l\u2019impuissance.<\/p>\n\n\n\n<p class=\"wp-block-paragraph\">Et il faudra bien, t\u00f4t ou tard, en tirer toutes les cons\u00e9quences.<\/p>\n","protected":false},"excerpt":{"rendered":"<p>Il ne s\u2019agit plus d\u2019un simple d\u00e9bat d\u2019orientation politique. Il s\u2019agit d\u2019un constat d\u2019\u00e9chec massif. Depuis des ann\u00e9es, la Belgique s\u2019enfonce dans une forme d\u2019anarchie migratoire dont chacun per\u00e7oit d\u00e9sormais les effets, mais que trop peu osent encore nommer pour ce qu\u2019elle est : le produit direct d\u2019une id\u00e9ologie, l\u2019immigrationnisme. Ce choix n\u2019a rien d\u2019accidentel. [&hellip;]<\/p>\n","protected":false},"author":1,"featured_media":0,"comment_status":"open","ping_status":"open","sticky":false,"template":"","format":"standard","meta":{"_monsterinsights_skip_tracking":false,"_uf_show_specific_survey":0,"_uf_disable_surveys":false,"footnotes":""},"categories":[1,63],"tags":[],"class_list":["post-3027","post","type-post","status-publish","format-standard","hentry","category-immigration","category-souverainete"],"_links":{"self":[{"href":"https:\/\/droitemoderniste.be\/index.php\/wp-json\/wp\/v2\/posts\/3027","targetHints":{"allow":["GET"]}}],"collection":[{"href":"https:\/\/droitemoderniste.be\/index.php\/wp-json\/wp\/v2\/posts"}],"about":[{"href":"https:\/\/droitemoderniste.be\/index.php\/wp-json\/wp\/v2\/types\/post"}],"author":[{"embeddable":true,"href":"https:\/\/droitemoderniste.be\/index.php\/wp-json\/wp\/v2\/users\/1"}],"replies":[{"embeddable":true,"href":"https:\/\/droitemoderniste.be\/index.php\/wp-json\/wp\/v2\/comments?post=3027"}],"version-history":[{"count":1,"href":"https:\/\/droitemoderniste.be\/index.php\/wp-json\/wp\/v2\/posts\/3027\/revisions"}],"predecessor-version":[{"id":3029,"href":"https:\/\/droitemoderniste.be\/index.php\/wp-json\/wp\/v2\/posts\/3027\/revisions\/3029"}],"wp:attachment":[{"href":"https:\/\/droitemoderniste.be\/index.php\/wp-json\/wp\/v2\/media?parent=3027"}],"wp:term":[{"taxonomy":"category","embeddable":true,"href":"https:\/\/droitemoderniste.be\/index.php\/wp-json\/wp\/v2\/categories?post=3027"},{"taxonomy":"post_tag","embeddable":true,"href":"https:\/\/droitemoderniste.be\/index.php\/wp-json\/wp\/v2\/tags?post=3027"}],"curies":[{"name":"wp","href":"https:\/\/api.w.org\/{rel}","templated":true}]}}