{"id":3024,"date":"2026-07-14T14:13:23","date_gmt":"2026-07-14T12:13:23","guid":{"rendered":"https:\/\/droitemoderniste.be\/?p=3024"},"modified":"2026-07-14T14:13:23","modified_gmt":"2026-07-14T12:13:23","slug":"pour-une-doctrine-de-desimmigration-sortir-du-deni-retablir-la-souverainete","status":"publish","type":"post","link":"https:\/\/droitemoderniste.be\/index.php\/2026\/07\/14\/pour-une-doctrine-de-desimmigration-sortir-du-deni-retablir-la-souverainete\/","title":{"rendered":"Pour une doctrine de d\u00e9simmigration : sortir du d\u00e9ni, r\u00e9tablir la souverainet\u00e9"},"content":{"rendered":"\n<figure class=\"wp-block-image size-full\"><img loading=\"lazy\" decoding=\"async\" width=\"616\" height=\"347\" src=\"https:\/\/droitemoderniste.be\/wp-content\/uploads\/2026\/07\/clandestins.webp\" alt=\"\" class=\"wp-image-3025\" srcset=\"https:\/\/droitemoderniste.be\/wp-content\/uploads\/2026\/07\/clandestins.webp 616w, https:\/\/droitemoderniste.be\/wp-content\/uploads\/2026\/07\/clandestins-300x169.webp 300w\" sizes=\"auto, (max-width: 616px) 100vw, 616px\" \/><\/figure>\n\n\n\n<p class=\"wp-block-paragraph\">Il faut cesser de se mentir. Le d\u00e9bat sur l\u2019immigration, tel qu\u2019il est pos\u00e9 aujourd\u2019hui, est vici\u00e9 \u00e0 la racine. \u00ab R\u00e9guler \u00bb, \u00ab mieux accueillir \u00bb, \u00ab int\u00e9grer davantage \u00bb : ces formules ne sont que des variantes d\u2019un m\u00eame renoncement. Elles supposent toutes que l\u2019immigration serait un horizon ind\u00e9passable. C\u2019est ce postulat qu\u2019il faut briser.<\/p>\n\n\n\n<p class=\"wp-block-paragraph\">Car il existe bien une id\u00e9ologie dominante : l\u2019immigrationnisme. Une vision du monde qui pr\u00e9sente les flux migratoires comme \u00e0 la fois in\u00e9vitables, souhaitables et moralement sup\u00e9rieurs \u00e0 toute volont\u00e9 de limitation. Cette id\u00e9ologie a d\u00e9sarm\u00e9 les \u00c9tats, culpabilis\u00e9 les peuples et transform\u00e9 toute politique de ma\u00eetrise en soup\u00e7on d\u2019ill\u00e9gitimit\u00e9.<\/p>\n\n\n\n<p class=\"wp-block-paragraph\">Face \u00e0 cela, il est temps d\u2019assumer une doctrine claire : celle de la d\u00e9s-immigration.<\/p>\n\n\n\n<p class=\"wp-block-paragraph\">La d\u00e9s-immigration ne consiste pas simplement \u00e0 \u00ab r\u00e9duire les flux \u00bb. Elle vise \u00e0 inverser la logique \u00e0 l\u2019\u0153uvre depuis des d\u00e9cennies. L\u00e0 o\u00f9 l\u2019immigrationnisme organise l\u2019installation durable, la d\u00e9s-immigration assume la r\u00e9duction progressive de la pr\u00e9sence \u00e9trang\u00e8re lorsque celle-ci d\u00e9passe les capacit\u00e9s d\u2019int\u00e9gration et menace les \u00e9quilibres sociaux, \u00e9conomiques et culturels.<\/p>\n\n\n\n<p class=\"wp-block-paragraph\">Ce n\u2019est pas une posture. C\u2019est un constat politique.<\/p>\n\n\n\n<p class=\"wp-block-paragraph\">Aucune soci\u00e9t\u00e9 ne peut absorber ind\u00e9finiment des flux migratoires importants sans se fragmenter. Aucune politique sociale ne peut rester soutenable sous pression d\u00e9mographique continue. Aucune coh\u00e9sion nationale ne survit \u00e0 la juxtaposition de populations que plus rien ne relie.<\/p>\n\n\n\n<p class=\"wp-block-paragraph\">Et pourtant, les m\u00e9canismes actuels produisent exactement cela. Immigration l\u00e9gale peu s\u00e9lective, immigration ill\u00e9gale largement tol\u00e9r\u00e9e, reconduites quasi inexistantes, regroupements familiaux m\u00e9caniques : tout concourt \u00e0 installer dans la dur\u00e9e des dynamiques que l\u2019on feint ensuite de ne pas ma\u00eetriser.<\/p>\n\n\n\n<p class=\"wp-block-paragraph\">La d\u00e9s-immigration rompt avec cette logique d\u2019abandon.<\/p>\n\n\n\n<p class=\"wp-block-paragraph\">Elle implique d\u2019abord un principe simple : une nation doit pouvoir d\u00e9cider non seulement qui entre, mais aussi qui reste. Cela suppose de conditionner strictement le s\u00e9jour, de r\u00e9duire drastiquement les entr\u00e9es, et d\u2019organiser effectivement les d\u00e9parts lorsque les conditions ne sont plus remplies.<\/p>\n\n\n\n<p class=\"wp-block-paragraph\">Elle implique ensuite de sortir du tabou du retour. Le maintien sur le territoire ne peut plus \u00eatre consid\u00e9r\u00e9 comme un acquis irr\u00e9versible. Une politique coh\u00e9rente assume que certaines pr\u00e9sences ont vocation \u00e0 \u00eatre limit\u00e9es dans le temps, voire \u00e0 cesser lorsque l\u2019int\u00e9r\u00eat collectif l\u2019exige.<\/p>\n\n\n\n<p class=\"wp-block-paragraph\">Elle implique enfin de r\u00e9tablir un rapport de force externe. Les \u00c9tats qui refusent de reprendre leurs ressortissants doivent en assumer les cons\u00e9quences. Coop\u00e9ration, visas, relations \u00e9conomiques : aucun levier ne doit \u00eatre exclu d\u00e8s lors que la souverainet\u00e9 migratoire est en jeu.<\/p>\n\n\n\n<p class=\"wp-block-paragraph\">Ce projet heurtera. Il sera caricatur\u00e9, disqualifi\u00e9, amalgam\u00e9. Comme toute rupture avec une id\u00e9ologie dominante. Mais le r\u00e9el finit toujours par rattraper les constructions intellectuelles qui pr\u00e9tendent l\u2019ignorer.<\/p>\n\n\n\n<p class=\"wp-block-paragraph\">La question n\u2019est plus de savoir si le mod\u00e8le actuel fonctionne \u2014 il \u00e9choue sous nos yeux. La seule question est de savoir combien de temps encore nous accepterons de prolonger cette fiction.<\/p>\n\n\n\n<p class=\"wp-block-paragraph\">La d\u00e9s-immigration n\u2019est pas un exc\u00e8s. C\u2019est la cons\u00e9quence logique d\u2019un syst\u00e8me arriv\u00e9 \u00e0 saturation.<\/p>\n\n\n\n<p class=\"wp-block-paragraph\">C\u2019est, d\u00e9sormais, la condition du retour \u00e0 une politique migratoire souveraine, assum\u00e9e et effective.<\/p>\n","protected":false},"excerpt":{"rendered":"<p>Il faut cesser de se mentir. Le d\u00e9bat sur l\u2019immigration, tel qu\u2019il est pos\u00e9 aujourd\u2019hui, est vici\u00e9 \u00e0 la racine. \u00ab R\u00e9guler \u00bb, \u00ab mieux accueillir \u00bb, \u00ab int\u00e9grer davantage \u00bb : ces formules ne sont que des variantes d\u2019un m\u00eame renoncement. Elles supposent toutes que l\u2019immigration serait un horizon ind\u00e9passable. C\u2019est ce postulat qu\u2019il [&hellip;]<\/p>\n","protected":false},"author":1,"featured_media":0,"comment_status":"open","ping_status":"open","sticky":false,"template":"","format":"standard","meta":{"_monsterinsights_skip_tracking":false,"_uf_show_specific_survey":0,"_uf_disable_surveys":false,"footnotes":""},"categories":[1,63],"tags":[],"class_list":["post-3024","post","type-post","status-publish","format-standard","hentry","category-immigration","category-souverainete"],"_links":{"self":[{"href":"https:\/\/droitemoderniste.be\/index.php\/wp-json\/wp\/v2\/posts\/3024","targetHints":{"allow":["GET"]}}],"collection":[{"href":"https:\/\/droitemoderniste.be\/index.php\/wp-json\/wp\/v2\/posts"}],"about":[{"href":"https:\/\/droitemoderniste.be\/index.php\/wp-json\/wp\/v2\/types\/post"}],"author":[{"embeddable":true,"href":"https:\/\/droitemoderniste.be\/index.php\/wp-json\/wp\/v2\/users\/1"}],"replies":[{"embeddable":true,"href":"https:\/\/droitemoderniste.be\/index.php\/wp-json\/wp\/v2\/comments?post=3024"}],"version-history":[{"count":1,"href":"https:\/\/droitemoderniste.be\/index.php\/wp-json\/wp\/v2\/posts\/3024\/revisions"}],"predecessor-version":[{"id":3026,"href":"https:\/\/droitemoderniste.be\/index.php\/wp-json\/wp\/v2\/posts\/3024\/revisions\/3026"}],"wp:attachment":[{"href":"https:\/\/droitemoderniste.be\/index.php\/wp-json\/wp\/v2\/media?parent=3024"}],"wp:term":[{"taxonomy":"category","embeddable":true,"href":"https:\/\/droitemoderniste.be\/index.php\/wp-json\/wp\/v2\/categories?post=3024"},{"taxonomy":"post_tag","embeddable":true,"href":"https:\/\/droitemoderniste.be\/index.php\/wp-json\/wp\/v2\/tags?post=3024"}],"curies":[{"name":"wp","href":"https:\/\/api.w.org\/{rel}","templated":true}]}}