{"id":3020,"date":"2026-07-13T08:54:23","date_gmt":"2026-07-13T06:54:23","guid":{"rendered":"https:\/\/droitemoderniste.be\/?p=3020"},"modified":"2026-07-13T08:54:23","modified_gmt":"2026-07-13T06:54:23","slug":"un-plafond-demographique-pose-trois-difficultes-majeures-mais-pas-insurmontables","status":"publish","type":"post","link":"https:\/\/droitemoderniste.be\/index.php\/2026\/07\/13\/un-plafond-demographique-pose-trois-difficultes-majeures-mais-pas-insurmontables\/","title":{"rendered":"Un plafond d\u00e9mographique pose trois difficult\u00e9s majeures mais pas insurmontables"},"content":{"rendered":"\n<figure class=\"wp-block-image size-full\"><img loading=\"lazy\" decoding=\"async\" width=\"680\" height=\"386\" src=\"https:\/\/droitemoderniste.be\/wp-content\/uploads\/2026\/07\/foule.png\" alt=\"\" class=\"wp-image-3021\" srcset=\"https:\/\/droitemoderniste.be\/wp-content\/uploads\/2026\/07\/foule.png 680w, https:\/\/droitemoderniste.be\/wp-content\/uploads\/2026\/07\/foule-300x170.png 300w\" sizes=\"auto, (max-width: 680px) 100vw, 680px\" \/><\/figure>\n\n\n\n<p class=\"wp-block-paragraph\">D\u2019abord, il suppose de contr\u00f4ler soit l\u2019immigration, soit la natalit\u00e9, soit les deux, ce qui soul\u00e8ve des questions juridiques et \u00e9thiques lourdes.<\/p>\n\n\n\n<p class=\"wp-block-paragraph\">Une r\u00e9duction forte de l\u2019immigration \u00e0 laquelle on ajoute les d\u00e9parts des non-Belges non-travailleurs, r\u00e9duisent imm\u00e9diatement la croissance d\u00e9mographique (comme au Canada&nbsp;: -0,2% en 2025-2026), et le ciblage des non-travailleurs est une mesure logique.<\/p>\n\n\n\n<p class=\"wp-block-paragraph\">Une politique de natalit\u00e9 ambitieuse ent\u00e9rinerait la n\u00e9cessit\u00e9 d\u2019une politique familiale r\u00e9elle (aide aux familles, garde d\u2019enfants, etc.) et permettrait, tout en l\u2019acc\u00e9l\u00e9rant, une augmentation progressive de la natalit\u00e9 (vecteur structurant et p\u00e9renne pour les retraites).<\/p>\n\n\n\n<p class=\"wp-block-paragraph\">Ensuite, en Belgique, le vieillissement de la population rend la main-d\u2019\u0153uvre et le financement de la protection sociale, particuli\u00e8rement sensibles, donc une baisse ou un gel durable de la population pourrait aggraver les tensions budg\u00e9taires.<\/p>\n\n\n\n<p class=\"wp-block-paragraph\">A ceci pr\u00e8s qu\u2019un nouveau mod\u00e8le \u00e9conomique pourrait r\u00e9soudre cette \u00e9quation. Un nouveau mod\u00e8le \u00e9conomique a au moins trois options possibles&nbsp;:<\/p>\n\n\n\n<ul class=\"wp-block-list\">\n<li>Augmenter l&rsquo;\u00e2ge de d\u00e9part \u00e0 la retraite<\/li>\n\n\n\n<li>Indexation sur les prix (pas les salaires)<\/li>\n\n\n\n<li>Augmenter cotisations, combattre ch\u00f4mage, augmenter salaires<\/li>\n<\/ul>\n\n\n\n<p class=\"wp-block-paragraph\">Et on pourrait financer ce nouveau mod\u00e8le \u00e9conomique par une r\u00e9volution fiscale impliquant une r\u00e9duction de l\u2019imp\u00f4t des soci\u00e9t\u00e9s (33% -&gt; 25%), sur amortissement de la robotisation, cr\u00e9dit d\u2019imp\u00f4t recherche, taxation multinationales, suppression de plus de la moiti\u00e9 des niches fiscales, transformation de l\u2019ISF, etc.<\/p>\n\n\n\n<p class=\"wp-block-paragraph\">Enfin, une politique de plafond national oblige \u00e0 r\u00e9orienter nos priorit\u00e9s \u00e9conomiques afin de traiter&nbsp; les causes structurelles de la saturation: urbanisme, mobilit\u00e9, logement, gouvernance m\u00e9tropolitaine et r\u00e9partition spatiale. Cette r\u00e9orientation \u00e9conomique est en m\u00eame temps une redynamisation de l\u2019\u00e9conomie avec son cort\u00e8ge d\u2019effets vertueux (plus de cotisations sociales, moins de ch\u00f4meurs, etc.)<\/p>\n\n\n\n<p class=\"wp-block-paragraph\">Avec un nouveau mod\u00e8le \u00e9conomique, moins de travailleurs actifs, ne signifie pas forc\u00e9ment moins de cotisations pour payer les pensions. D\u2019ailleurs, il n\u2019y aura pas forc\u00e9ment moins de travailleurs actifs si on apprend \u00e0 mieux utiliser la main d\u2019\u0153uvre interne (mieux form\u00e9e, mieux r\u00e9mun\u00e9r\u00e9e, mieux prot\u00e9g\u00e9e, travaillant plus longtemps (39 heures\/semaine, retraite l\u00e9gale \u00e0 69 ans, etc.).<\/p>\n\n\n\n<p class=\"wp-block-paragraph\"><\/p>\n","protected":false},"excerpt":{"rendered":"<p>D\u2019abord, il suppose de contr\u00f4ler soit l\u2019immigration, soit la natalit\u00e9, soit les deux, ce qui soul\u00e8ve des questions juridiques et \u00e9thiques lourdes. Une r\u00e9duction forte de l\u2019immigration \u00e0 laquelle on ajoute les d\u00e9parts des non-Belges non-travailleurs, r\u00e9duisent imm\u00e9diatement la croissance d\u00e9mographique (comme au Canada&nbsp;: -0,2% en 2025-2026), et le ciblage des non-travailleurs est une mesure [&hellip;]<\/p>\n","protected":false},"author":1,"featured_media":0,"comment_status":"open","ping_status":"open","sticky":false,"template":"","format":"standard","meta":{"_monsterinsights_skip_tracking":false,"_uf_show_specific_survey":0,"_uf_disable_surveys":false,"footnotes":""},"categories":[62,61],"tags":[],"class_list":["post-3020","post","type-post","status-publish","format-standard","hentry","category-plafond-demographique","category-politique-familiale-et-nataliste"],"_links":{"self":[{"href":"https:\/\/droitemoderniste.be\/index.php\/wp-json\/wp\/v2\/posts\/3020","targetHints":{"allow":["GET"]}}],"collection":[{"href":"https:\/\/droitemoderniste.be\/index.php\/wp-json\/wp\/v2\/posts"}],"about":[{"href":"https:\/\/droitemoderniste.be\/index.php\/wp-json\/wp\/v2\/types\/post"}],"author":[{"embeddable":true,"href":"https:\/\/droitemoderniste.be\/index.php\/wp-json\/wp\/v2\/users\/1"}],"replies":[{"embeddable":true,"href":"https:\/\/droitemoderniste.be\/index.php\/wp-json\/wp\/v2\/comments?post=3020"}],"version-history":[{"count":1,"href":"https:\/\/droitemoderniste.be\/index.php\/wp-json\/wp\/v2\/posts\/3020\/revisions"}],"predecessor-version":[{"id":3022,"href":"https:\/\/droitemoderniste.be\/index.php\/wp-json\/wp\/v2\/posts\/3020\/revisions\/3022"}],"wp:attachment":[{"href":"https:\/\/droitemoderniste.be\/index.php\/wp-json\/wp\/v2\/media?parent=3020"}],"wp:term":[{"taxonomy":"category","embeddable":true,"href":"https:\/\/droitemoderniste.be\/index.php\/wp-json\/wp\/v2\/categories?post=3020"},{"taxonomy":"post_tag","embeddable":true,"href":"https:\/\/droitemoderniste.be\/index.php\/wp-json\/wp\/v2\/tags?post=3020"}],"curies":[{"name":"wp","href":"https:\/\/api.w.org\/{rel}","templated":true}]}}