{"id":3011,"date":"2026-07-12T08:45:03","date_gmt":"2026-07-12T06:45:03","guid":{"rendered":"https:\/\/droitemoderniste.be\/?p=3011"},"modified":"2026-07-12T08:45:03","modified_gmt":"2026-07-12T06:45:03","slug":"relancer-la-natalite-en-belgique-un-choix-budgetaire-un-choix-de-civilisation","status":"publish","type":"post","link":"https:\/\/droitemoderniste.be\/index.php\/2026\/07\/12\/relancer-la-natalite-en-belgique-un-choix-budgetaire-un-choix-de-civilisation\/","title":{"rendered":"Relancer la natalit\u00e9 en Belgique : un choix budg\u00e9taire, un choix de civilisation"},"content":{"rendered":"\n<figure class=\"wp-block-image size-large\"><img loading=\"lazy\" decoding=\"async\" width=\"1024\" height=\"431\" src=\"https:\/\/droitemoderniste.be\/wp-content\/uploads\/2026\/07\/bebe2-1024x431.jpg\" alt=\"\" class=\"wp-image-3012\" srcset=\"https:\/\/droitemoderniste.be\/wp-content\/uploads\/2026\/07\/bebe2-1024x431.jpg 1024w, https:\/\/droitemoderniste.be\/wp-content\/uploads\/2026\/07\/bebe2-300x126.jpg 300w, https:\/\/droitemoderniste.be\/wp-content\/uploads\/2026\/07\/bebe2-768x323.jpg 768w, https:\/\/droitemoderniste.be\/wp-content\/uploads\/2026\/07\/bebe2-1536x647.jpg 1536w, https:\/\/droitemoderniste.be\/wp-content\/uploads\/2026\/07\/bebe2.jpg 1900w\" sizes=\"auto, (max-width: 1024px) 100vw, 1024px\" \/><figcaption class=\"wp-element-caption\">Shot of an adorable baby boy bonding with his mother at home<\/figcaption><\/figure>\n\n\n\n<p class=\"wp-block-paragraph\">La Belgique aborde une zone de turbulence silencieuse mais d\u00e9cisive : sa trajectoire d\u00e9mographique. Vieillissement acc\u00e9l\u00e9r\u00e9, natalit\u00e9 en recul, tensions sur le march\u00e9 du travail, pression croissante sur les finances publiques \u2014 les signaux s\u2019accumulent. Pourtant, la r\u00e9ponse politique reste fragment\u00e9e, h\u00e9sitante, souvent rel\u00e9gu\u00e9e au second plan.<\/p>\n\n\n\n<p class=\"wp-block-paragraph\">Il est temps de changer de paradigme. Une politique nataliste ambitieuse ne rel\u00e8ve ni du confort id\u00e9ologique ni de la d\u00e9pense sociale accessoire. Elle constitue un investissement strat\u00e9gique de long terme, au c\u0153ur de la soutenabilit\u00e9 \u00e9conomique et sociale du pays.<\/p>\n\n\n\n<p class=\"wp-block-paragraph\">Encore faut-il en assumer les implications budg\u00e9taires. Car contrairement \u00e0 une id\u00e9e r\u00e9pandue, le principal obstacle n\u2019est pas l\u2019absence de moyens, mais l\u2019absence de priorisation.<\/p>\n\n\n\n<p class=\"wp-block-paragraph\">La premi\u00e8re condition d\u2019une politique nataliste cr\u00e9dible est donc la r\u00e9allocation budg\u00e9taire. Il ne s\u2019agit pas d\u2019abord de d\u00e9penser plus, mais de d\u00e9penser autrement. Les arbitrages r\u00e9cents en Wallonie \u2014 maintien de l\u2019indexation des allocations familiales, investissements dans les cr\u00e8ches \u2014 montrent qu\u2019un choix politique peut orienter les ressources vers la famille. Mais ces efforts restent insuffisants. Il faut franchir un cap : sanctuariser durablement les budgets consacr\u00e9s \u00e0 la petite enfance, aux allocations familiales et au logement des m\u00e9nages avec enfants, et accepter en contrepartie de r\u00e9duire les d\u00e9penses moins directement li\u00e9es \u00e0 l\u2019avenir d\u00e9mographique.<\/p>\n\n\n\n<p class=\"wp-block-paragraph\">Cette r\u00e9orientation suppose un outil structurant : la cr\u00e9ation d\u2019un fonds natalit\u00e9. Aujourd\u2019hui, les politiques familiales souffrent d\u2019un morcellement qui nuit \u00e0 leur efficacit\u00e9. Un fonds d\u00e9di\u00e9 permettrait de centraliser les moyens, de clarifier les objectifs et d\u2019assurer un suivi rigoureux. Il financerait les leviers essentiels \u2014 cr\u00e8ches, allocations de naissance, incitants fiscaux, soutien au logement, cong\u00e9 parental \u2014 dans une logique pluriannuelle. Surtout, il garantirait la stabilit\u00e9 de l\u2019effort, \u00e0 l\u2019abri des cycles \u00e9lectoraux et des arbitrages de court terme.<\/p>\n\n\n\n<p class=\"wp-block-paragraph\">Mais toute nouvelle priorit\u00e9 impose des choix. Dans un contexte de d\u00e9ficit public \u00e9lev\u00e9, il est imp\u00e9ratif de s\u2019attaquer \u00e0 la mauvaise d\u00e9pense. Celle qui ne soutient ni les familles, ni l\u2019emploi, ni la natalit\u00e9. Les marges existent : simplification des structures administratives, fusion de dispositifs redondants, suppression d\u2019aides inefficaces, rationalisation des subsides dispers\u00e9s entre niveaux de pouvoir. R\u00e9duire ces inefficiences n\u2019est pas une politique d\u2019aust\u00e9rit\u00e9, c\u2019est une condition de cr\u00e9dibilit\u00e9.<\/p>\n\n\n\n<p class=\"wp-block-paragraph\">\u00c0 ces efforts doit s\u2019ajouter un m\u00e9canisme de financement cibl\u00e9 pour accompagner le lancement du programme. Une contribution familiale progressive sur les tr\u00e8s hauts revenus peut remplir cette fonction, \u00e0 condition d\u2019\u00eatre strictement encadr\u00e9e : progressive, plafonn\u00e9e, temporaire et int\u00e9gralement affect\u00e9e au fonds natalit\u00e9. L\u2019enjeu n\u2019est pas de p\u00e9naliser la r\u00e9ussite, mais de mobiliser les capacit\u00e9s contributives les plus \u00e9lev\u00e9es au service d\u2019un objectif collectif.<\/p>\n\n\n\n<p class=\"wp-block-paragraph\">Enfin, il faut sortir d\u2019une vision purement comptable. Une politique nataliste ne se r\u00e9sume pas \u00e0 un co\u00fbt : elle g\u00e9n\u00e8re des retours \u00e9conomiques. Plus d\u2019enfants, c\u2019est plus de besoins en cr\u00e8ches et donc plus de parents actifs. Plus de parents actifs, ce sont davantage de cotisations. Plus d\u2019enfants, c\u2019est aussi une consommation accrue et un soutien \u00e0 l\u2019\u00e9conomie locale. Et \u00e0 long terme, une natalit\u00e9 renforc\u00e9e signifie une base fiscale \u00e9largie et un meilleur \u00e9quilibre entre g\u00e9n\u00e9rations.<\/p>\n\n\n\n<p class=\"wp-block-paragraph\">Les donn\u00e9es disponibles confirment ce lien direct entre politique familiale, emploi et soutenabilit\u00e9 budg\u00e9taire. L\u00e0 o\u00f9 l\u2019investissement est coh\u00e9rent, les effets suivent. \u00c0 l\u2019inverse, l\u2019inaction produit des co\u00fbts diff\u00e9r\u00e9s bien plus lourds.<\/p>\n\n\n\n<p class=\"wp-block-paragraph\">La question, au fond, est simple : voulons-nous subir notre d\u00e9clin d\u00e9mographique ou organiser notre redressement ? Une politique nataliste ambitieuse exige des moyens, mais surtout du courage politique. Celui de hi\u00e9rarchiser, de simplifier, de r\u00e9allouer et d\u2019assumer une vision de long terme.<\/p>\n\n\n\n<p class=\"wp-block-paragraph\">Car derri\u00e8re les chiffres, il y a un choix de soci\u00e9t\u00e9. Et ce choix ne peut plus \u00eatre diff\u00e9r\u00e9.<\/p>\n","protected":false},"excerpt":{"rendered":"<p>La Belgique aborde une zone de turbulence silencieuse mais d\u00e9cisive : sa trajectoire d\u00e9mographique. Vieillissement acc\u00e9l\u00e9r\u00e9, natalit\u00e9 en recul, tensions sur le march\u00e9 du travail, pression croissante sur les finances publiques \u2014 les signaux s\u2019accumulent. Pourtant, la r\u00e9ponse politique reste fragment\u00e9e, h\u00e9sitante, souvent rel\u00e9gu\u00e9e au second plan. Il est temps de changer de paradigme. Une [&hellip;]<\/p>\n","protected":false},"author":1,"featured_media":0,"comment_status":"open","ping_status":"open","sticky":false,"template":"","format":"standard","meta":{"_monsterinsights_skip_tracking":false,"_uf_show_specific_survey":0,"_uf_disable_surveys":false,"footnotes":""},"categories":[61],"tags":[],"class_list":["post-3011","post","type-post","status-publish","format-standard","hentry","category-politique-familiale-et-nataliste"],"_links":{"self":[{"href":"https:\/\/droitemoderniste.be\/index.php\/wp-json\/wp\/v2\/posts\/3011","targetHints":{"allow":["GET"]}}],"collection":[{"href":"https:\/\/droitemoderniste.be\/index.php\/wp-json\/wp\/v2\/posts"}],"about":[{"href":"https:\/\/droitemoderniste.be\/index.php\/wp-json\/wp\/v2\/types\/post"}],"author":[{"embeddable":true,"href":"https:\/\/droitemoderniste.be\/index.php\/wp-json\/wp\/v2\/users\/1"}],"replies":[{"embeddable":true,"href":"https:\/\/droitemoderniste.be\/index.php\/wp-json\/wp\/v2\/comments?post=3011"}],"version-history":[{"count":1,"href":"https:\/\/droitemoderniste.be\/index.php\/wp-json\/wp\/v2\/posts\/3011\/revisions"}],"predecessor-version":[{"id":3013,"href":"https:\/\/droitemoderniste.be\/index.php\/wp-json\/wp\/v2\/posts\/3011\/revisions\/3013"}],"wp:attachment":[{"href":"https:\/\/droitemoderniste.be\/index.php\/wp-json\/wp\/v2\/media?parent=3011"}],"wp:term":[{"taxonomy":"category","embeddable":true,"href":"https:\/\/droitemoderniste.be\/index.php\/wp-json\/wp\/v2\/categories?post=3011"},{"taxonomy":"post_tag","embeddable":true,"href":"https:\/\/droitemoderniste.be\/index.php\/wp-json\/wp\/v2\/tags?post=3011"}],"curies":[{"name":"wp","href":"https:\/\/api.w.org\/{rel}","templated":true}]}}