{"id":3008,"date":"2026-07-10T14:44:14","date_gmt":"2026-07-10T12:44:14","guid":{"rendered":"https:\/\/droitemoderniste.be\/?p=3008"},"modified":"2026-07-10T14:44:14","modified_gmt":"2026-07-10T12:44:14","slug":"lopinion-publique-baillonnee-anatomie-dun-systeme-qui-organise-le-silence","status":"publish","type":"post","link":"https:\/\/droitemoderniste.be\/index.php\/2026\/07\/10\/lopinion-publique-baillonnee-anatomie-dun-systeme-qui-organise-le-silence\/","title":{"rendered":"L\u2019opinion publique b\u00e2illonn\u00e9e : anatomie d\u2019un syst\u00e8me qui organise le silence"},"content":{"rendered":"\n<figure class=\"wp-block-image size-full\"><img loading=\"lazy\" decoding=\"async\" width=\"634\" height=\"482\" src=\"https:\/\/droitemoderniste.be\/wp-content\/uploads\/2026\/07\/censure.jpg\" alt=\"\" class=\"wp-image-3009\" srcset=\"https:\/\/droitemoderniste.be\/wp-content\/uploads\/2026\/07\/censure.jpg 634w, https:\/\/droitemoderniste.be\/wp-content\/uploads\/2026\/07\/censure-300x228.jpg 300w\" sizes=\"auto, (max-width: 634px) 100vw, 634px\" \/><\/figure>\n\n\n\n<p class=\"wp-block-paragraph\">Il faut cesser les euph\u00e9mismes. Si les citoyens se taisent, ce n\u2019est pas par hasard. Ce n\u2019est pas par apathie. Ce n\u2019est pas par manque d\u2019opinion. C\u2019est parce qu\u2019un syst\u00e8me s\u2019est m\u00e9thodiquement structur\u00e9 pour rendre certaines paroles impossibles.<\/p>\n\n\n\n<p class=\"wp-block-paragraph\">Car les constats, eux, sont omnipr\u00e9sents.<\/p>\n\n\n\n<p class=\"wp-block-paragraph\">Dans les quartiers, chacun voit les transformations.<br>Dans les \u00e9coles, chacun observe les fractures.<br>Dans l\u2019espace public, chacun per\u00e7oit les tensions.<br>Dans la vie quotidienne, chacun mesure les glissements linguistiques et culturels.<\/p>\n\n\n\n<p class=\"wp-block-paragraph\">Rien de tout cela n\u2019est marginal. Rien de tout cela n\u2019est invisible.<\/p>\n\n\n\n<p class=\"wp-block-paragraph\">Et pourtant, ces r\u00e9alit\u00e9s sont frapp\u00e9es d\u2019un interdit implicite.<\/p>\n\n\n\n<p class=\"wp-block-paragraph\">Pas un interdit frontal, assum\u00e9, d\u00e9mocratiquement d\u00e9battu. Non. Un interdit diffus, plus efficace encore : celui qui ne dit pas son nom, mais qui produit du silence.<\/p>\n\n\n\n<p class=\"wp-block-paragraph\">Ce silence n\u2019est pas naturel. Il est fabriqu\u00e9.<\/p>\n\n\n\n<p class=\"wp-block-paragraph\">Fabriqu\u00e9 par un empilement de dispositifs juridiques aux contours extensibles, qui font planer une incertitude permanente sur ce qu\u2019il est permis de dire.<br>Fabriqu\u00e9 par un syst\u00e8me m\u00e9diatique qui ne se contente plus d\u2019informer, mais qui hi\u00e9rarchise le dicible et l\u2019indicible, distribue les brevets de respectabilit\u00e9 et organise la disqualification.<br>Fabriqu\u00e9 par des partis politiques qui, loin de repr\u00e9senter la diversit\u00e9 des opinions, verrouillent le d\u00e9bat en excluant a priori certaines positions.<br>Fabriqu\u00e9, enfin, par des m\u00e9canismes institutionnels qui neutralisent toute traduction \u00e9lectorale de ce qui d\u00e9range.<\/p>\n\n\n\n<p class=\"wp-block-paragraph\">Car il faut nommer les choses : le probl\u00e8me est syst\u00e9mique.<\/p>\n\n\n\n<p class=\"wp-block-paragraph\">Quand des formations politiques sont tenues \u00e0 l\u2019\u00e9cart du pouvoir non pas pour ce qu\u2019elles font, mais pour ce qu\u2019elles repr\u00e9sentent, ce n\u2019est plus un jeu d\u00e9mocratique normal \u2014 c\u2019est une s\u00e9lection id\u00e9ologique pr\u00e9alable. Le cordon sanitaire n\u2019est pas un outil de protection d\u00e9mocratique. C\u2019est un instrument d\u2019exclusion politique.<\/p>\n\n\n\n<p class=\"wp-block-paragraph\">Quand certaines opinions sont syst\u00e9matiquement assimil\u00e9es \u00e0 des d\u00e9rives, sans examen, sans d\u00e9bat r\u00e9el, ce n\u2019est plus une confrontation d\u2019id\u00e9es \u2014 c\u2019est une police du discours.<\/p>\n\n\n\n<p class=\"wp-block-paragraph\">Quand des citoyens int\u00e8grent eux-m\u00eames les limites de ce qu\u2019ils peuvent dire, par peur des cons\u00e9quences professionnelles, sociales ou judiciaires, ce n\u2019est plus une soci\u00e9t\u00e9 libre \u2014 c\u2019est une soci\u00e9t\u00e9 disciplin\u00e9e.<\/p>\n\n\n\n<p class=\"wp-block-paragraph\">Et lorsque tout cela converge, il faut avoir le courage de le dire : nous ne sommes plus dans une d\u00e9mocratie pleinement fonctionnelle.<\/p>\n\n\n\n<p class=\"wp-block-paragraph\">Nous sommes dans un r\u00e9gime de libert\u00e9 conditionnelle.<\/p>\n\n\n\n<p class=\"wp-block-paragraph\">Libert\u00e9 d\u2019expression, oui \u2014 mais sous surveillance.<br>Libert\u00e9 de vote, oui \u2014 mais sans alternatives effectives.<br>Libert\u00e9 de penser, oui \u2014 mais \u00e0 condition de rester dans les bornes.<\/p>\n\n\n\n<p class=\"wp-block-paragraph\">Ce syst\u00e8me produit un effet redoutable : il dissocie la r\u00e9alit\u00e9 v\u00e9cue de la parole publique.<\/p>\n\n\n\n<p class=\"wp-block-paragraph\">Les citoyens voient, mais ne disent plus.<br>Ou plut\u00f4t : ils disent ailleurs, autrement, dans des espaces parall\u00e8les, informels, fragment\u00e9s.<br>Ils se retirent du d\u00e9bat officiel, qu\u2019ils jugent verrouill\u00e9, biais\u00e9, ou inutile.<\/p>\n\n\n\n<p class=\"wp-block-paragraph\">Ce retrait n\u2019est pas une d\u00e9faite. C\u2019est une d\u00e9fiance.<\/p>\n\n\n\n<p class=\"wp-block-paragraph\">Et cette d\u00e9fiance est en train de miner les fondations m\u00eames du syst\u00e8me.<\/p>\n\n\n\n<p class=\"wp-block-paragraph\">Car une d\u00e9mocratie ne meurt pas seulement de la censure explicite. Elle meurt aussi lorsque les citoyens comprennent qu\u2019il y a des v\u00e9rit\u00e9s qu\u2019il vaut mieux taire.<\/p>\n\n\n\n<p class=\"wp-block-paragraph\">Lorsque le co\u00fbt de la parole devient sup\u00e9rieur au b\u00e9n\u00e9fice de la participation, le silence devient rationnel.<\/p>\n\n\n\n<p class=\"wp-block-paragraph\">Mais ce silence est trompeur.<\/p>\n\n\n\n<p class=\"wp-block-paragraph\">Il ne signifie pas l\u2019adh\u00e9sion. Il signifie l\u2019accumulation.<\/p>\n\n\n\n<p class=\"wp-block-paragraph\">Accumulation de frustrations, de col\u00e8res contenues, de d\u00e9saccords non exprim\u00e9s.<br>Accumulation d\u2019un ressentiment qui, faute de d\u00e9bouch\u00e9 politique l\u00e9gitime, cherche d\u2019autres formes d\u2019expression.<\/p>\n\n\n\n<p class=\"wp-block-paragraph\">Et lorsque ces formes \u00e9mergent \u2014 brutales, d\u00e9sordonn\u00e9es, parfois incontr\u00f4lables \u2014 le m\u00eame syst\u00e8me feint la surprise, condamne les effets, sans jamais interroger les causes.<\/p>\n\n\n\n<p class=\"wp-block-paragraph\">C\u2019est l\u00e0 son aveuglement.<\/p>\n\n\n\n<p class=\"wp-block-paragraph\">On ne peut pas \u00e0 la fois verrouiller la parole, restreindre l\u2019offre politique, disqualifier les opinions dissidentes \u2014 et exiger en retour une adh\u00e9sion apais\u00e9e.<\/p>\n\n\n\n<p class=\"wp-block-paragraph\">Cela ne fonctionne pas. Cela ne fonctionnera pas.<\/p>\n\n\n\n<p class=\"wp-block-paragraph\">La seule issue est une rupture claire : d\u00e9manteler les m\u00e9canismes d\u2019exclusion, rouvrir le champ du d\u00e9bat, restaurer une v\u00e9ritable libert\u00e9 d\u2019expression \u2014 non pas th\u00e9orique, mais effective.<\/p>\n\n\n\n<p class=\"wp-block-paragraph\">Car une d\u00e9mocratie n\u2019est pas un espace o\u00f9 l\u2019on tol\u00e8re les opinions autoris\u00e9es.<\/p>\n\n\n\n<p class=\"wp-block-paragraph\">C\u2019est un espace o\u00f9 le r\u00e9el peut \u00eatre dit, m\u00eame lorsqu\u2019il d\u00e9range.<\/p>\n\n\n\n<p class=\"wp-block-paragraph\">Et aujourd\u2019hui, ce droit fondamental est, de fait, entrav\u00e9.<\/p>\n\n\n\n<p class=\"wp-block-paragraph\">C\u2019est cela, le c\u0153ur du probl\u00e8me. Et c\u2019est cela qu\u2019il faudra, t\u00f4t ou tard, affronter.<\/p>\n","protected":false},"excerpt":{"rendered":"<p>Il faut cesser les euph\u00e9mismes. Si les citoyens se taisent, ce n\u2019est pas par hasard. Ce n\u2019est pas par apathie. Ce n\u2019est pas par manque d\u2019opinion. C\u2019est parce qu\u2019un syst\u00e8me s\u2019est m\u00e9thodiquement structur\u00e9 pour rendre certaines paroles impossibles. Car les constats, eux, sont omnipr\u00e9sents. Dans les quartiers, chacun voit les transformations.Dans les \u00e9coles, chacun observe [&hellip;]<\/p>\n","protected":false},"author":1,"featured_media":0,"comment_status":"open","ping_status":"open","sticky":false,"template":"","format":"standard","meta":{"_monsterinsights_skip_tracking":false,"_uf_show_specific_survey":0,"_uf_disable_surveys":false,"footnotes":""},"categories":[22,60],"tags":[],"class_list":["post-3008","post","type-post","status-publish","format-standard","hentry","category-democratie","category-liberte-dexpression"],"_links":{"self":[{"href":"https:\/\/droitemoderniste.be\/index.php\/wp-json\/wp\/v2\/posts\/3008","targetHints":{"allow":["GET"]}}],"collection":[{"href":"https:\/\/droitemoderniste.be\/index.php\/wp-json\/wp\/v2\/posts"}],"about":[{"href":"https:\/\/droitemoderniste.be\/index.php\/wp-json\/wp\/v2\/types\/post"}],"author":[{"embeddable":true,"href":"https:\/\/droitemoderniste.be\/index.php\/wp-json\/wp\/v2\/users\/1"}],"replies":[{"embeddable":true,"href":"https:\/\/droitemoderniste.be\/index.php\/wp-json\/wp\/v2\/comments?post=3008"}],"version-history":[{"count":1,"href":"https:\/\/droitemoderniste.be\/index.php\/wp-json\/wp\/v2\/posts\/3008\/revisions"}],"predecessor-version":[{"id":3010,"href":"https:\/\/droitemoderniste.be\/index.php\/wp-json\/wp\/v2\/posts\/3008\/revisions\/3010"}],"wp:attachment":[{"href":"https:\/\/droitemoderniste.be\/index.php\/wp-json\/wp\/v2\/media?parent=3008"}],"wp:term":[{"taxonomy":"category","embeddable":true,"href":"https:\/\/droitemoderniste.be\/index.php\/wp-json\/wp\/v2\/categories?post=3008"},{"taxonomy":"post_tag","embeddable":true,"href":"https:\/\/droitemoderniste.be\/index.php\/wp-json\/wp\/v2\/tags?post=3008"}],"curies":[{"name":"wp","href":"https:\/\/api.w.org\/{rel}","templated":true}]}}