{"id":3005,"date":"2026-07-09T08:13:27","date_gmt":"2026-07-09T06:13:27","guid":{"rendered":"https:\/\/droitemoderniste.be\/?p=3005"},"modified":"2026-07-09T08:13:27","modified_gmt":"2026-07-09T06:13:27","slug":"belgique-les-nouveaux-visages-de-la-censure-anatomie-dun-debat-empeche","status":"publish","type":"post","link":"https:\/\/droitemoderniste.be\/index.php\/2026\/07\/09\/belgique-les-nouveaux-visages-de-la-censure-anatomie-dun-debat-empeche\/","title":{"rendered":"Belgique : les nouveaux visages de la censure \u2014 anatomie d\u2019un d\u00e9bat emp\u00each\u00e9"},"content":{"rendered":"\n<figure class=\"wp-block-image size-full\"><img loading=\"lazy\" decoding=\"async\" width=\"547\" height=\"365\" src=\"https:\/\/droitemoderniste.be\/wp-content\/uploads\/2026\/07\/liberte-expression.jpg\" alt=\"\" class=\"wp-image-3006\" srcset=\"https:\/\/droitemoderniste.be\/wp-content\/uploads\/2026\/07\/liberte-expression.jpg 547w, https:\/\/droitemoderniste.be\/wp-content\/uploads\/2026\/07\/liberte-expression-300x200.jpg 300w\" sizes=\"auto, (max-width: 547px) 100vw, 547px\" \/><\/figure>\n\n\n\n<p class=\"wp-block-paragraph\">Dans les d\u00e9mocraties contemporaines, la libert\u00e9 d\u2019expression est rarement abolie frontalement. Elle est encadr\u00e9e, red\u00e9finie, contourn\u00e9e \u2014 jusqu\u2019\u00e0 produire un paradoxe discret mais profond : celui d\u2019un d\u00e9bat officiellement libre, mais concr\u00e8tement restreint. La Belgique n\u2019\u00e9chappe pas \u00e0 cette \u00e9volution. Au croisement du droit, des normes sociales, du langage et des m\u00e9canismes politiques, un ensemble de contraintes formelles et informelles redessine progressivement les contours du dicible.<\/p>\n\n\n\n<h2 class=\"wp-block-heading\">Une libert\u00e9 juridiquement encadr\u00e9e<\/h2>\n\n\n\n<p class=\"wp-block-paragraph\">Le cadre l\u00e9gal belge pose un principe clair : la libert\u00e9 d\u2019expression n\u2019est pas absolue. Les propos incitant \u00e0 la haine, \u00e0 la discrimination ou \u00e0 la violence sont sanctionn\u00e9s, notamment \u00e0 travers la loi antiracisme et les dispositifs relatifs aux discriminations. L\u2019objectif est l\u00e9gitime : prot\u00e9ger les individus et pr\u00e9server la coh\u00e9sion sociale.<\/p>\n\n\n\n<p class=\"wp-block-paragraph\">Mais dans son application, ce cadre ouvre une zone d\u2019incertitude. Comme le rappellent certaines institutions, la qualification d\u2019un propos d\u00e9pend non seulement de son contenu, mais aussi de son intention. Cette dimension interpr\u00e9tative introduit un flou, dans lequel la critique d\u2019un ph\u00e9nom\u00e8ne \u2014 notamment migratoire \u2014 peut \u00eatre assimil\u00e9e \u00e0 une hostilit\u00e9 envers des personnes. Le risque juridique, m\u00eame incertain, agit alors comme un facteur de dissuasion.<\/p>\n\n\n\n<h2 class=\"wp-block-heading\">La norme sociale comme censure diffuse<\/h2>\n\n\n\n<p class=\"wp-block-paragraph\">\u00c0 c\u00f4t\u00e9 du droit, une autre forme de contrainte s\u2019impose : la norme sociale. Plus diffuse, plus int\u00e9rioris\u00e9e, souvent plus efficace. Certains termes \u2014 \u00ab peuple \u00bb, \u00ab origine \u00bb, \u00ab autochtonie \u00bb, \u00ab remplacement \u00bb \u2014 d\u00e9clenchent imm\u00e9diatement suspicion et disqualification. Le d\u00e9bat ne s\u2019ouvre plus ; il est neutralis\u00e9 en amont.<\/p>\n\n\n\n<p class=\"wp-block-paragraph\">Cette pression s\u2019exerce dans les r\u00e9dactions, les universit\u00e9s, les milieux professionnels et associatifs. Elle ne repose sur aucun texte, mais sur des \u00e9quilibres implicites. Chacun comprend rapidement les limites \u00e0 ne pas franchir. Une parole trop directe peut entra\u00eener un co\u00fbt \u00e9lev\u00e9 : r\u00e9putation entach\u00e9e, isolement, opportunit\u00e9s compromises. Il en r\u00e9sulte une autocensure int\u00e9rioris\u00e9e, sans injonction explicite.<\/p>\n\n\n\n<h2 class=\"wp-block-heading\">Le verrouillage par le langage<\/h2>\n\n\n\n<p class=\"wp-block-paragraph\">Le contr\u00f4le du d\u00e9bat passe aussi par le vocabulaire. Les mots \u00e9voluent, mais leur transformation n\u2019est pas neutre. On ne parle plus d\u2019\u00ab autochtones \u00bb, mais de \u00ab population locale \u00bb. Le \u00ab changement \u00bb devient \u00ab diversit\u00e9 \u00bb, la \u00ab s\u00e9paration \u00bb devient \u00ab mixit\u00e9 \u00bb.<\/p>\n\n\n\n<p class=\"wp-block-paragraph\">Ce glissement lexical ne nie pas les r\u00e9alit\u00e9s ; il les reformule dans des termes qui en att\u00e9nuent la port\u00e9e conflictuelle. Mais ce faisant, il rend certaines questions plus difficiles \u00e0 poser : continuit\u00e9 historique, transmission culturelle, seuils de basculement, rapports entre majorit\u00e9 et minorit\u00e9s. Le langage n\u2019efface pas le r\u00e9el ; il en modifie la lisibilit\u00e9 et, parfois, en limite la discussion.<\/p>\n\n\n\n<h2 class=\"wp-block-heading\">Le cordon sanitaire comme filtre politique<\/h2>\n\n\n\n<p class=\"wp-block-paragraph\">\u00c0 ces dynamiques s\u2019ajoute un m\u00e9canisme propre au paysage belge : le cordon sanitaire. Con\u00e7u comme un rempart moral, il agit aussi comme un dispositif de filtrage du d\u00e9bat. Certaines positions sont discut\u00e9es, d\u2019autres \u00e9cart\u00e9es d\u2019embl\u00e9e.<\/p>\n\n\n\n<p class=\"wp-block-paragraph\">Reposant largement sur des accords implicites entre partis, m\u00e9dias et institutions, ce m\u00e9canisme rend plus difficile la distinction entre critique argument\u00e9e et discours disqualifi\u00e9. Sur des sujets sensibles, la disqualification peut pr\u00e9c\u00e9der l\u2019examen. Les id\u00e9es ne disparaissent pas, mais leur acc\u00e8s \u00e0 l\u2019espace public est limit\u00e9, leur l\u00e9gitimit\u00e9 contest\u00e9e.<\/p>\n\n\n\n<h2 class=\"wp-block-heading\">L\u2019autocensure des acteurs publics<\/h2>\n\n\n\n<p class=\"wp-block-paragraph\">Dans ce contexte, les acteurs publics adaptent leur comportement. \u00c9lus, journalistes, enseignants ne se taisent pas toujours par conviction, mais par prudence. Une phrase mal formul\u00e9e peut suffire \u00e0 d\u00e9clencher une controverse, une mise \u00e0 l\u2019\u00e9cart ou des cons\u00e9quences professionnelles.<\/p>\n\n\n\n<p class=\"wp-block-paragraph\">Cette autocensure est particuli\u00e8rement marqu\u00e9e sur les sujets li\u00e9s \u00e0 l\u2019identit\u00e9, \u00e0 la religion ou \u00e0 la s\u00e9curit\u00e9. Dans ces domaines, l\u2019erreur de ton est souvent sanctionn\u00e9e plus rapidement que l\u2019erreur d\u2019analyse. Progressivement, ce qui \u00e9tait \u00e9vit\u00e9 devient difficile \u00e0 exprimer, puis dispara\u00eet des espaces l\u00e9gitimes de publication.<\/p>\n\n\n\n<h2 class=\"wp-block-heading\">Le co\u00fbt du silence<\/h2>\n\n\n\n<p class=\"wp-block-paragraph\">Mais ce silence a un prix. Lorsqu\u2019un sujet est durablement tenu \u00e0 distance du d\u00e9bat, il ne s\u2019\u00e9teint pas. Il se d\u00e9place. Les frustrations s\u2019accumulent, nourrissant votes protestataires, rejet des \u00e9lites, radicalisation ou repli communautaire.<\/p>\n\n\n\n<p class=\"wp-block-paragraph\">Emp\u00eacher symboliquement un d\u00e9bat ne supprime pas les tensions ; cela les transf\u00e8re vers des espaces moins r\u00e9gul\u00e9s, plus polaris\u00e9s. Le paradoxe est alors complet : les m\u00e9canismes cens\u00e9s prot\u00e9ger la coh\u00e9sion peuvent contribuer \u00e0 sa fragilisation.<\/p>\n\n\n\n<h2 class=\"wp-block-heading\">Rouvrir le d\u00e9bat : une n\u00e9cessit\u00e9 strat\u00e9gique<\/h2>\n\n\n\n<p class=\"wp-block-paragraph\">La question n\u2019est pas de supprimer toute limite. Une d\u00e9mocratie a besoin de garde-fous. Mais encore faut-il que ces limites n\u2019aboutissent pas \u00e0 restreindre excessivement le champ du d\u00e9bat l\u00e9gitime.<\/p>\n\n\n\n<p class=\"wp-block-paragraph\">L\u2019enjeu pour la Belgique est d\u00e9sormais strat\u00e9gique. Il s\u2019agit de r\u00e9tablir des conditions de discussion qui permettent la confrontation r\u00e9elle des id\u00e9es, sans disqualification pr\u00e9alable, sans glissement syst\u00e9matique vers l\u2019anath\u00e8me, sans r\u00e9duction du langage \u00e0 des formules neutralisantes.<\/p>\n\n\n\n<p class=\"wp-block-paragraph\">Rouvrir le d\u00e9bat ne signifie pas l\u2019abandon des principes ; cela implique au contraire de les renforcer en les confrontant \u00e0 la r\u00e9alit\u00e9. Car une d\u00e9mocratie solide ne se prot\u00e8ge pas en r\u00e9duisant ce qui peut \u00eatre dit, mais en se donnant les moyens de tout examiner, de tout discuter \u2014 et, en dernier ressort, de trancher en connaissance de cause.<\/p>\n\n\n\n<p class=\"wp-block-paragraph\"><\/p>\n","protected":false},"excerpt":{"rendered":"<p>Dans les d\u00e9mocraties contemporaines, la libert\u00e9 d\u2019expression est rarement abolie frontalement. Elle est encadr\u00e9e, red\u00e9finie, contourn\u00e9e \u2014 jusqu\u2019\u00e0 produire un paradoxe discret mais profond : celui d\u2019un d\u00e9bat officiellement libre, mais concr\u00e8tement restreint. La Belgique n\u2019\u00e9chappe pas \u00e0 cette \u00e9volution. Au croisement du droit, des normes sociales, du langage et des m\u00e9canismes politiques, un ensemble [&hellip;]<\/p>\n","protected":false},"author":1,"featured_media":0,"comment_status":"open","ping_status":"open","sticky":false,"template":"","format":"standard","meta":{"_monsterinsights_skip_tracking":false,"_uf_show_specific_survey":0,"_uf_disable_surveys":false,"footnotes":""},"categories":[22],"tags":[],"class_list":["post-3005","post","type-post","status-publish","format-standard","hentry","category-democratie"],"_links":{"self":[{"href":"https:\/\/droitemoderniste.be\/index.php\/wp-json\/wp\/v2\/posts\/3005","targetHints":{"allow":["GET"]}}],"collection":[{"href":"https:\/\/droitemoderniste.be\/index.php\/wp-json\/wp\/v2\/posts"}],"about":[{"href":"https:\/\/droitemoderniste.be\/index.php\/wp-json\/wp\/v2\/types\/post"}],"author":[{"embeddable":true,"href":"https:\/\/droitemoderniste.be\/index.php\/wp-json\/wp\/v2\/users\/1"}],"replies":[{"embeddable":true,"href":"https:\/\/droitemoderniste.be\/index.php\/wp-json\/wp\/v2\/comments?post=3005"}],"version-history":[{"count":1,"href":"https:\/\/droitemoderniste.be\/index.php\/wp-json\/wp\/v2\/posts\/3005\/revisions"}],"predecessor-version":[{"id":3007,"href":"https:\/\/droitemoderniste.be\/index.php\/wp-json\/wp\/v2\/posts\/3005\/revisions\/3007"}],"wp:attachment":[{"href":"https:\/\/droitemoderniste.be\/index.php\/wp-json\/wp\/v2\/media?parent=3005"}],"wp:term":[{"taxonomy":"category","embeddable":true,"href":"https:\/\/droitemoderniste.be\/index.php\/wp-json\/wp\/v2\/categories?post=3005"},{"taxonomy":"post_tag","embeddable":true,"href":"https:\/\/droitemoderniste.be\/index.php\/wp-json\/wp\/v2\/tags?post=3005"}],"curies":[{"name":"wp","href":"https:\/\/api.w.org\/{rel}","templated":true}]}}