{"id":3002,"date":"2026-07-06T11:14:24","date_gmt":"2026-07-06T09:14:24","guid":{"rendered":"https:\/\/droitemoderniste.be\/?p=3002"},"modified":"2026-07-06T11:14:24","modified_gmt":"2026-07-06T09:14:24","slug":"quand-le-vote-ne-compte-plus-manifeste-contre-la-depossession-democratique","status":"publish","type":"post","link":"https:\/\/droitemoderniste.be\/index.php\/2026\/07\/06\/quand-le-vote-ne-compte-plus-manifeste-contre-la-depossession-democratique\/","title":{"rendered":"Quand le vote ne compte plus : manifeste contre la d\u00e9possession d\u00e9mocratique"},"content":{"rendered":"\n<figure class=\"wp-block-image size-full\"><img loading=\"lazy\" decoding=\"async\" width=\"300\" height=\"168\" src=\"https:\/\/droitemoderniste.be\/wp-content\/uploads\/2026\/07\/demandeurs-asile2.jpg\" alt=\"\" class=\"wp-image-3003\"\/><\/figure>\n\n\n\n<p class=\"wp-block-paragraph\">Disons-le sans d\u00e9tour : nous ne sommes plus en d\u00e9mocratie pleine et enti\u00e8re. Nous vivons dans un syst\u00e8me o\u00f9 les citoyens votent, mais ne d\u00e9cident plus.<\/p>\n\n\n\n<p class=\"wp-block-paragraph\">Le suffrage universel subsiste, les \u00e9lections se tiennent, les institutions fonctionnent \u2014 en apparence. Mais sur les sujets essentiels, ceux qui engagent l\u2019avenir d\u2019un peuple, le verdict des urnes est neutralis\u00e9, contourn\u00e9, vid\u00e9 de sa substance.<\/p>\n\n\n\n<p class=\"wp-block-paragraph\">C\u2019est cela, la crise d\u00e9mocratique contemporaine : une d\u00e9possession.<\/p>\n\n\n\n<p class=\"wp-block-paragraph\">Depuis des ann\u00e9es, les citoyens expriment des choix clairs. Sur l\u2019immigration, sur la s\u00e9curit\u00e9, sur l\u2019identit\u00e9, sur la souverainet\u00e9. Ils votent, ils tranchent, ils sanctionnent. Et pourtant, rien ne change fondamentalement.<\/p>\n\n\n\n<p class=\"wp-block-paragraph\">Pourquoi ? Parce qu\u2019un bloc \u00e9litaire \u2014 politique, m\u00e9diatique, administratif, acad\u00e9mique \u2014 s\u2019est progressivement arrog\u00e9 le monopole du r\u00e9el et du l\u00e9gitime.<\/p>\n\n\n\n<p class=\"wp-block-paragraph\">Ce bloc ne gouverne plus avec le peuple. Il gouverne \u00e0 sa place.<\/p>\n\n\n\n<p class=\"wp-block-paragraph\">Le foss\u00e9 n\u2019est plus une fracture : c\u2019est une s\u00e9cession.<\/p>\n\n\n\n<p class=\"wp-block-paragraph\">D\u2019un c\u00f4t\u00e9, une majorit\u00e9 silencieuse ou ignor\u00e9e, confront\u00e9e \u00e0 des transformations rapides, concr\u00e8tes, parfois brutales. De l\u2019autre, une minorit\u00e9 dirigeante qui th\u00e9orise, justifie et impose ces transformations au nom de principes qu\u2019elle ne soumet jamais r\u00e9ellement au vote.<\/p>\n\n\n\n<p class=\"wp-block-paragraph\">Le message implicite est limpide : certaines orientations ne sont pas n\u00e9gociables.<\/p>\n\n\n\n<p class=\"wp-block-paragraph\">L\u2019immigration en fait partie.<\/p>\n\n\n\n<p class=\"wp-block-paragraph\">Peu importe les scrutins, peu importe les signaux envoy\u00e9s, peu importe les inqui\u00e9tudes exprim\u00e9es : la trajectoire est maintenue. Les ajustements sont marginaux, les inflexions cosm\u00e9tiques, les d\u00e9cisions fondamentales intouchables.<\/p>\n\n\n\n<p class=\"wp-block-paragraph\">Nous ne sommes plus dans un d\u00e9saccord d\u00e9mocratique. Nous sommes dans une confiscation.<\/p>\n\n\n\n<p class=\"wp-block-paragraph\">Et les cons\u00e9quences sont d\u00e9j\u00e0 visibles.<\/p>\n\n\n\n<p class=\"wp-block-paragraph\">La confiance s\u2019effondre. Les citoyens ne croient plus leurs dirigeants, parce qu\u2019ils constatent que leurs paroles n\u2019engagent \u00e0 rien. Le vote devient un geste de d\u00e9fiance plut\u00f4t qu\u2019un acte de choix. Les partis dits \u00ab de rupture \u00bb progressent, non par accident, mais parce qu\u2019ils incarnent une tentative de reprise de contr\u00f4le.<\/p>\n\n\n\n<p class=\"wp-block-paragraph\">Les m\u00e9dias, eux, ne jouent plus leur r\u00f4le de m\u00e9diation. Ils sont per\u00e7us \u2014 \u00e0 tort ou \u00e0 raison \u2014 comme les relais d\u2019un discours dominant, incapables de refl\u00e9ter la pluralit\u00e9 r\u00e9elle du pays. Leur disqualification par une partie du public n\u2019est pas un caprice : c\u2019est une r\u00e9action \u00e0 une perte de cr\u00e9dibilit\u00e9.<\/p>\n\n\n\n<p class=\"wp-block-paragraph\">L\u2019Union europ\u00e9enne, enfin, cristallise cette d\u00e9possession. Elle appara\u00eet comme un niveau de pouvoir o\u00f9 les d\u00e9cisions se prennent loin des peuples, dans des cadres difficiles \u00e0 contester d\u00e9mocratiquement. Elle incarne, pour beaucoup, l\u2019irr\u00e9versibilit\u00e9 des choix impos\u00e9s.<\/p>\n\n\n\n<p class=\"wp-block-paragraph\">Et lorsque toutes ces voies sont per\u00e7ues comme verrouill\u00e9es, il reste quoi ?<\/p>\n\n\n\n<p class=\"wp-block-paragraph\">La col\u00e8re.<\/p>\n\n\n\n<p class=\"wp-block-paragraph\">Une col\u00e8re qui ne trouve plus de d\u00e9bouch\u00e9 politique structur\u00e9. Une col\u00e8re qui se fragmente, qui s\u2019exprime par le retrait, par le vote de rupture, ou parfois par des formes plus explosives : tensions urbaines, affrontements, ruptures du lien civique.<\/p>\n\n\n\n<p class=\"wp-block-paragraph\">Ce ne sont pas des anomalies. Ce sont des sympt\u00f4mes.<\/p>\n\n\n\n<p class=\"wp-block-paragraph\">Le sympt\u00f4me d\u2019un syst\u00e8me qui refuse de se r\u00e9former alors m\u00eame que sa l\u00e9gitimit\u00e9 s\u2019\u00e9rode.<\/p>\n\n\n\n<p class=\"wp-block-paragraph\">Car une v\u00e9rit\u00e9 simple s\u2019impose : un peuple qui a le sentiment que son vote ne compte plus finit toujours par chercher d\u2019autres moyens d\u2019exister politiquement.<\/p>\n\n\n\n<p class=\"wp-block-paragraph\">On peut disqualifier cette r\u00e9alit\u00e9. On peut la moraliser. On peut la censurer. Mais on ne peut pas la supprimer.<\/p>\n\n\n\n<p class=\"wp-block-paragraph\">La seule issue est politique.<\/p>\n\n\n\n<p class=\"wp-block-paragraph\">Elle exige de rompre avec le r\u00e9flexe fondamental des \u00e9lites contemporaines : gouverner contre, ou sans, le consentement populaire. Elle impose de r\u00e9tablir une hi\u00e9rarchie claire : dans une d\u00e9mocratie, le peuple n\u2019est pas un probl\u00e8me \u00e0 g\u00e9rer, mais la source de la l\u00e9gitimit\u00e9.<\/p>\n\n\n\n<p class=\"wp-block-paragraph\">Cela suppose une chose simple, et aujourd\u2019hui presque subversive : accepter que le vote ait des cons\u00e9quences.<\/p>\n\n\n\n<p class=\"wp-block-paragraph\">R\u00e9elles. Tangibles. Irr\u00e9versibles.<\/p>\n\n\n\n<p class=\"wp-block-paragraph\">Tant que ce principe ne sera pas restaur\u00e9, la crise d\u00e9mocratique ne fera que s\u2019aggraver. Et avec elle, le risque d\u2019un basculement plus profond : celui d\u2019un r\u00e9gime o\u00f9 la forme d\u00e9mocratique subsiste, mais o\u00f9 l\u2019esprit a disparu.<\/p>\n\n\n\n<p class=\"wp-block-paragraph\">Un r\u00e9gime o\u00f9 l\u2019on vote encore \u2014 mais o\u00f9 tout est d\u00e9j\u00e0 d\u00e9cid\u00e9.<\/p>\n","protected":false},"excerpt":{"rendered":"<p>Disons-le sans d\u00e9tour : nous ne sommes plus en d\u00e9mocratie pleine et enti\u00e8re. Nous vivons dans un syst\u00e8me o\u00f9 les citoyens votent, mais ne d\u00e9cident plus. Le suffrage universel subsiste, les \u00e9lections se tiennent, les institutions fonctionnent \u2014 en apparence. Mais sur les sujets essentiels, ceux qui engagent l\u2019avenir d\u2019un peuple, le verdict des urnes [&hellip;]<\/p>\n","protected":false},"author":1,"featured_media":0,"comment_status":"open","ping_status":"open","sticky":false,"template":"","format":"standard","meta":{"_monsterinsights_skip_tracking":false,"_uf_show_specific_survey":0,"_uf_disable_surveys":false,"footnotes":""},"categories":[22,38],"tags":[],"class_list":["post-3002","post","type-post","status-publish","format-standard","hentry","category-democratie","category-elections"],"_links":{"self":[{"href":"https:\/\/droitemoderniste.be\/index.php\/wp-json\/wp\/v2\/posts\/3002","targetHints":{"allow":["GET"]}}],"collection":[{"href":"https:\/\/droitemoderniste.be\/index.php\/wp-json\/wp\/v2\/posts"}],"about":[{"href":"https:\/\/droitemoderniste.be\/index.php\/wp-json\/wp\/v2\/types\/post"}],"author":[{"embeddable":true,"href":"https:\/\/droitemoderniste.be\/index.php\/wp-json\/wp\/v2\/users\/1"}],"replies":[{"embeddable":true,"href":"https:\/\/droitemoderniste.be\/index.php\/wp-json\/wp\/v2\/comments?post=3002"}],"version-history":[{"count":1,"href":"https:\/\/droitemoderniste.be\/index.php\/wp-json\/wp\/v2\/posts\/3002\/revisions"}],"predecessor-version":[{"id":3004,"href":"https:\/\/droitemoderniste.be\/index.php\/wp-json\/wp\/v2\/posts\/3002\/revisions\/3004"}],"wp:attachment":[{"href":"https:\/\/droitemoderniste.be\/index.php\/wp-json\/wp\/v2\/media?parent=3002"}],"wp:term":[{"taxonomy":"category","embeddable":true,"href":"https:\/\/droitemoderniste.be\/index.php\/wp-json\/wp\/v2\/categories?post=3002"},{"taxonomy":"post_tag","embeddable":true,"href":"https:\/\/droitemoderniste.be\/index.php\/wp-json\/wp\/v2\/tags?post=3002"}],"curies":[{"name":"wp","href":"https:\/\/api.w.org\/{rel}","templated":true}]}}