{"id":2998,"date":"2026-07-03T15:04:59","date_gmt":"2026-07-03T13:04:59","guid":{"rendered":"https:\/\/droitemoderniste.be\/?p=2998"},"modified":"2026-07-03T15:04:59","modified_gmt":"2026-07-03T13:04:59","slug":"que-signifie-lantithese-vivre-ensemble-pour-la-plupart-des-belges","status":"publish","type":"post","link":"https:\/\/droitemoderniste.be\/index.php\/2026\/07\/03\/que-signifie-lantithese-vivre-ensemble-pour-la-plupart-des-belges\/","title":{"rendered":"Que signifie l\u2019antith\u00e8se \u00ab Vivre-ensemble \u00bb pour la plupart des Belges ?"},"content":{"rendered":"\n<figure class=\"wp-block-image size-full\"><img loading=\"lazy\" decoding=\"async\" width=\"640\" height=\"360\" src=\"https:\/\/droitemoderniste.be\/wp-content\/uploads\/2026\/07\/integration.jpg\" alt=\"\" class=\"wp-image-2999\" srcset=\"https:\/\/droitemoderniste.be\/wp-content\/uploads\/2026\/07\/integration.jpg 640w, https:\/\/droitemoderniste.be\/wp-content\/uploads\/2026\/07\/integration-300x169.jpg 300w\" sizes=\"auto, (max-width: 640px) 100vw, 640px\" \/><\/figure>\n\n\n\n<h2 class=\"wp-block-heading\">Un slogan devenu contre-sens<\/h2>\n\n\n\n<p class=\"wp-block-paragraph\">Le \u00ab vivre-ensemble \u00bb est aujourd\u2019hui invoqu\u00e9 comme une \u00e9vidence morale, un imp\u00e9ratif cat\u00e9gorique au-dessus de tout d\u00e9bat. Mais pour une part croissante de la population belge, ce slogan ne signifie plus ce qu\u2019il pr\u00e9tend dire. Il est devenu, dans les faits, l\u2019antith\u00e8se de ce qu\u2019il annonce : non pas la construction d\u2019un destin commun, mais l\u2019acceptation r\u00e9sign\u00e9e d\u2019une fragmentation durable.<\/p>\n\n\n\n<p class=\"wp-block-paragraph\">Ce renversement de sens n\u2019est pas anodin. Il traduit une exp\u00e9rience concr\u00e8te : celle d\u2019une soci\u00e9t\u00e9 o\u00f9 les mots de la coh\u00e9sion masquent la r\u00e9alit\u00e9 des s\u00e9parations.<\/p>\n\n\n\n<h2 class=\"wp-block-heading\">Ce que les Belges \u00e9prouvent au quotidien<\/h2>\n\n\n\n<p class=\"wp-block-paragraph\">Pour l\u2019habitant de Molenbeek, de Schaerbeek ou d\u2019Anderlecht, le \u00ab vivre-ensemble \u00bb ne ressemble pas \u00e0 une fraternit\u00e9 publique. Il ressemble \u00e0 une cohabitation sous tension : des \u00e9coles o\u00f9 les enfants de diff\u00e9rentes origines ne se fr\u00e9quentent plus, des parcs o\u00f9 les communaut\u00e9s se r\u00e9partissent spatialement, des services publics o\u00f9 les incompr\u00e9hensions s\u2019accumulent.<\/p>\n\n\n\n<p class=\"wp-block-paragraph\">Pour le travailleur de Charleroi, de Li\u00e8ge ou du Borinage, le \u00ab vivre-ensemble \u00bb ne se traduit pas par une solidarit\u00e9 retrouv\u00e9e. Il se traduit par une pr\u00e9carit\u00e9 partag\u00e9e dans des quartiers o\u00f9 les tensions montent, o\u00f9 les rep\u00e8res s\u2019effacent, o\u00f9 la confiance s\u2019\u00e9rode.<\/p>\n\n\n\n<p class=\"wp-block-paragraph\">Pour le citoyen de Flandre ou de Wallonie, le \u00ab vivre-ensemble \u00bb n\u2019\u00e9voque plus un projet national. Il \u00e9voque une Belgique \u00e9clat\u00e9e, o\u00f9 les communaut\u00e9s linguistiques, ethniques et religieuses se c\u00f4toient sans se reconna\u00eetre, o\u00f9 les appartenances se multiplient tandis que l\u2019appartenance commune s\u2019affaiblit.<\/p>\n\n\n\n<h2 class=\"wp-block-heading\">L\u2019antith\u00e8se v\u00e9cue<\/h2>\n\n\n\n<p class=\"wp-block-paragraph\">Ainsi, pour la plupart des Belges, l\u2019antith\u00e8se du \u00ab vivre-ensemble \u00bb ne r\u00e9side pas dans le rejet de l\u2019autre. Elle r\u00e9side dans :<\/p>\n\n\n\n<ul class=\"wp-block-list\">\n<li><strong>La juxtaposition plut\u00f4t que l\u2019int\u00e9gration<\/strong> : des populations qui se croisent sans se m\u00e9langer, qui coexistent sans partager.<\/li>\n\n\n\n<li><strong>Le repli communautaire plut\u00f4t que l\u2019appartenance nationale<\/strong> : chacun refluant sur ses propres r\u00e9seaux, ses propres normes, ses propres r\u00e9f\u00e9rences.<\/li>\n\n\n\n<li><strong>Le d\u00e9ni des \u00e9lites plut\u00f4t que la reconnaissance des fractures<\/strong> : un discours officiel qui nie la r\u00e9alit\u00e9 des s\u00e9parations et culpabilise toute mise en cause de la situation.<\/li>\n<\/ul>\n\n\n\n<p class=\"wp-block-paragraph\">En somme, le \u00ab vivre-ensemble \u00bb est devenu, pour beaucoup, l\u2019euph\u00e9misme d\u2019un \u00ab chacun chez soi \u00bb tol\u00e9r\u00e9, voire encourag\u00e9 par une politique qui a renonc\u00e9 \u00e0 construire un commun.<\/p>\n\n\n\n<h2 class=\"wp-block-heading\">La v\u00e9rit\u00e9 d\u2019un constat<\/h2>\n\n\n\n<p class=\"wp-block-paragraph\">Dire cela n\u2019est pas un acte de misanthropie. C\u2019est un acte de lucidit\u00e9. Le \u00ab vivre-ensemble \u00bb ne peut \u00eatre un slogan creux. Il doit redevenir un projet, avec des conditions, des exigences et des limites.<\/p>\n\n\n\n<p class=\"wp-block-paragraph\">Tant que les responsables politiques continueront \u00e0 invoquer ce mantra sans poser les cadres concrets d\u2019une int\u00e9gration r\u00e9elle, il restera ce qu\u2019il est devenu : l\u2019antith\u00e8se de ce qu\u2019il promet, le masque d\u2019une fragmentation accept\u00e9e, le sympt\u00f4me d\u2019un renoncement \u00e0 construire un destin commun.<\/p>\n\n\n\n<p class=\"wp-block-paragraph\">Les Belges m\u00e9ritent mieux qu\u2019une incantation. Ils m\u00e9ritent une politique.<\/p>\n","protected":false},"excerpt":{"rendered":"<p>Un slogan devenu contre-sens Le \u00ab vivre-ensemble \u00bb est aujourd\u2019hui invoqu\u00e9 comme une \u00e9vidence morale, un imp\u00e9ratif cat\u00e9gorique au-dessus de tout d\u00e9bat. Mais pour une part croissante de la population belge, ce slogan ne signifie plus ce qu\u2019il pr\u00e9tend dire. Il est devenu, dans les faits, l\u2019antith\u00e8se de ce qu\u2019il annonce : non pas la [&hellip;]<\/p>\n","protected":false},"author":1,"featured_media":0,"comment_status":"open","ping_status":"open","sticky":false,"template":"","format":"standard","meta":{"_monsterinsights_skip_tracking":false,"_uf_show_specific_survey":0,"_uf_disable_surveys":false,"footnotes":""},"categories":[59,47,44],"tags":[],"class_list":["post-2998","post","type-post","status-publish","format-standard","hentry","category-peuple","category-souverainisme","category-valeurs"],"_links":{"self":[{"href":"https:\/\/droitemoderniste.be\/index.php\/wp-json\/wp\/v2\/posts\/2998","targetHints":{"allow":["GET"]}}],"collection":[{"href":"https:\/\/droitemoderniste.be\/index.php\/wp-json\/wp\/v2\/posts"}],"about":[{"href":"https:\/\/droitemoderniste.be\/index.php\/wp-json\/wp\/v2\/types\/post"}],"author":[{"embeddable":true,"href":"https:\/\/droitemoderniste.be\/index.php\/wp-json\/wp\/v2\/users\/1"}],"replies":[{"embeddable":true,"href":"https:\/\/droitemoderniste.be\/index.php\/wp-json\/wp\/v2\/comments?post=2998"}],"version-history":[{"count":1,"href":"https:\/\/droitemoderniste.be\/index.php\/wp-json\/wp\/v2\/posts\/2998\/revisions"}],"predecessor-version":[{"id":3000,"href":"https:\/\/droitemoderniste.be\/index.php\/wp-json\/wp\/v2\/posts\/2998\/revisions\/3000"}],"wp:attachment":[{"href":"https:\/\/droitemoderniste.be\/index.php\/wp-json\/wp\/v2\/media?parent=2998"}],"wp:term":[{"taxonomy":"category","embeddable":true,"href":"https:\/\/droitemoderniste.be\/index.php\/wp-json\/wp\/v2\/categories?post=2998"},{"taxonomy":"post_tag","embeddable":true,"href":"https:\/\/droitemoderniste.be\/index.php\/wp-json\/wp\/v2\/tags?post=2998"}],"curies":[{"name":"wp","href":"https:\/\/api.w.org\/{rel}","templated":true}]}}