{"id":2995,"date":"2026-07-01T14:16:42","date_gmt":"2026-07-01T12:16:42","guid":{"rendered":"https:\/\/droitemoderniste.be\/?p=2995"},"modified":"2026-07-01T14:16:42","modified_gmt":"2026-07-01T12:16:42","slug":"immigration-le-deni-des-elites-la-colere-du-peuple","status":"publish","type":"post","link":"https:\/\/droitemoderniste.be\/index.php\/2026\/07\/01\/immigration-le-deni-des-elites-la-colere-du-peuple\/","title":{"rendered":"Immigration : le d\u00e9ni des \u00e9lites, la col\u00e8re du peuple"},"content":{"rendered":"\n<figure class=\"wp-block-image size-full\"><img loading=\"lazy\" decoding=\"async\" width=\"310\" height=\"163\" src=\"https:\/\/droitemoderniste.be\/wp-content\/uploads\/2026\/07\/emeutes-molenbeek.jpg\" alt=\"\" class=\"wp-image-2996\" srcset=\"https:\/\/droitemoderniste.be\/wp-content\/uploads\/2026\/07\/emeutes-molenbeek.jpg 310w, https:\/\/droitemoderniste.be\/wp-content\/uploads\/2026\/07\/emeutes-molenbeek-300x158.jpg 300w\" sizes=\"auto, (max-width: 310px) 100vw, 310px\" \/><\/figure>\n\n\n\n<p class=\"wp-block-paragraph\">Il faut cesser de tourner autour du pot. La transformation d\u00e9mographique que conna\u00eet l\u2019Europe \u2014 et la Belgique en particulier \u2014 ne rel\u00e8ve pas d\u2019un simple d\u00e9bat technique ou moral. Elle r\u00e9v\u00e8le une fracture politique majeure : celle qui oppose un peuple de plus en plus inquiet \u00e0 des \u00e9lites qui refusent obstin\u00e9ment de l\u2019entendre.<\/p>\n\n\n\n<p class=\"wp-block-paragraph\">Car enfin, que dit le peuple ? Il dit qu\u2019il veut reprendre le contr\u00f4le. Il dit qu\u2019il voit son environnement changer \u00e0 un rythme qu\u2019il n\u2019a jamais valid\u00e9. Il dit que les \u00e9quilibres sociaux, culturels et \u00e9conomiques sont fragilis\u00e9s. Il dit qu\u2019il n\u2019a jamais consenti \u00e0 une telle acc\u00e9l\u00e9ration de l\u2019histoire.<\/p>\n\n\n\n<p class=\"wp-block-paragraph\">Et que r\u00e9pondent les \u00e9lites ? Elles expliquent. Elles relativisent. Elles corrigent. Elles disqualifient.<\/p>\n\n\n\n<p class=\"wp-block-paragraph\">Depuis des ann\u00e9es, le m\u00eame sc\u00e9nario se r\u00e9p\u00e8te. \u00c0 chaque inqui\u00e9tude populaire, une le\u00e7on de morale. \u00c0 chaque vote de rupture, une relecture rassurante. \u00c0 chaque signal d\u00e9mocratique, un contournement technocratique.<\/p>\n\n\n\n<p class=\"wp-block-paragraph\">Ce n\u2019est plus un d\u00e9calage. C\u2019est un d\u00e9ni.<\/p>\n\n\n\n<p class=\"wp-block-paragraph\">Un d\u00e9ni d\u00e9mocratique pur et simple.<\/p>\n\n\n\n<p class=\"wp-block-paragraph\">Car dans toute d\u00e9mocratie digne de ce nom, une question aussi fondamentale que l\u2019immigration devrait faire l\u2019objet d\u2019un arbitrage clair. Or, cet arbitrage est constamment \u00e9vit\u00e9. Pourquoi ? Parce que les \u00e9lites savent que leur ligne ne correspond pas \u00e0 celle du plus grand nombre.<\/p>\n\n\n\n<p class=\"wp-block-paragraph\">Alors elles gouvernent autrement. Par le flou. Par la complexit\u00e9. Par la dilution des responsabilit\u00e9s entre niveaux de pouvoir. Par l\u2019invocation de contraintes ext\u00e9rieures \u2014 juridiques, \u00e9conomiques, morales \u2014 qui auraient vocation \u00e0 neutraliser le d\u00e9bat.<\/p>\n\n\n\n<p class=\"wp-block-paragraph\">Le r\u00e9sultat est l\u00e0 : une politique migratoire sans mandat r\u00e9el.<\/p>\n\n\n\n<p class=\"wp-block-paragraph\">Et ce n\u2019est pas seulement une question de chiffres ou de flux. C\u2019est une question de souverainet\u00e9 d\u00e9mocratique. Qui d\u00e9cide ? Sur quelle base ? Au nom de qui ?<\/p>\n\n\n\n<p class=\"wp-block-paragraph\">Aujourd\u2019hui, une part croissante de la population a le sentiment que ces d\u00e9cisions lui \u00e9chappent totalement. Que les orientations majeures sont fix\u00e9es en dehors d\u2019elle, parfois m\u00eame contre elle.<\/p>\n\n\n\n<p class=\"wp-block-paragraph\">Face \u00e0 cela, les \u00e9lites persistent \u00e0 adopter une posture surplombante. Elles ne cherchent plus \u00e0 convaincre, mais \u00e0 encadrer. Elles ne d\u00e9battent plus, elles disqualifient. Toute remise en cause est imm\u00e9diatement suspect\u00e9e, pathologis\u00e9e, ou renvoy\u00e9e \u00e0 des motivations inavouables.<\/p>\n\n\n\n<p class=\"wp-block-paragraph\">Ce m\u00e9pris per\u00e7u est une bombe politique.<\/p>\n\n\n\n<p class=\"wp-block-paragraph\">Car pendant que les \u00e9lites parlent de \u00ab p\u00e9dagogie \u00bb, le peuple, lui, parle d\u2019exp\u00e9rience v\u00e9cue. Il parle d\u2019\u00e9coles qui changent, de quartiers qui se transforment, de services publics sous tension. Il parle de r\u00e9alit\u00e9s concr\u00e8tes que les discours abstraits ne parviennent plus \u00e0 recouvrir.<\/p>\n\n\n\n<p class=\"wp-block-paragraph\">Et c\u2019est pr\u00e9cis\u00e9ment l\u00e0 que le foss\u00e9 devient abyssal.<\/p>\n\n\n\n<p class=\"wp-block-paragraph\">Les \u00e9lites ne voient plus ce que le peuple voit. Le peuple ne croit plus ce que les \u00e9lites disent.<\/p>\n\n\n\n<p class=\"wp-block-paragraph\">Dans ces conditions, pr\u00e9tendre maintenir le cap sans r\u00e9interroger la l\u00e9gitimit\u00e9 des choix op\u00e9r\u00e9s rel\u00e8ve non seulement de l\u2019aveuglement, mais de l\u2019irresponsabilit\u00e9.<\/p>\n\n\n\n<p class=\"wp-block-paragraph\">Car une d\u00e9mocratie ne peut pas durablement fonctionner contre son propre corps social.<\/p>\n\n\n\n<p class=\"wp-block-paragraph\">La question migratoire est devenue le point de cristallisation d\u2019un malaise plus profond : celui d\u2019un syst\u00e8me politique qui continue d\u2019avancer comme si le consentement allait de soi, alors m\u00eame qu\u2019il s\u2019effrite.<\/p>\n\n\n\n<p class=\"wp-block-paragraph\">Il est encore temps de refermer ce foss\u00e9. Mais cela suppose une rupture nette avec les r\u00e9flexes actuels : reconna\u00eetre le d\u00e9saccord, accepter le conflit d\u00e9mocratique, et surtout, cesser de confisquer le d\u00e9bat.<\/p>\n\n\n\n<p class=\"wp-block-paragraph\">\u00c0 d\u00e9faut, la sanction ne sera pas seulement \u00e9lectorale. Elle sera syst\u00e9mique.<\/p>\n\n\n\n<p class=\"wp-block-paragraph\">Et ceux qui aujourd\u2019hui refusent d\u2019entendre pourraient bien \u00eatre, demain, incapables de gouverner.<\/p>\n","protected":false},"excerpt":{"rendered":"<p>Il faut cesser de tourner autour du pot. La transformation d\u00e9mographique que conna\u00eet l\u2019Europe \u2014 et la Belgique en particulier \u2014 ne rel\u00e8ve pas d\u2019un simple d\u00e9bat technique ou moral. Elle r\u00e9v\u00e8le une fracture politique majeure : celle qui oppose un peuple de plus en plus inquiet \u00e0 des \u00e9lites qui refusent obstin\u00e9ment de l\u2019entendre. [&hellip;]<\/p>\n","protected":false},"author":1,"featured_media":0,"comment_status":"open","ping_status":"open","sticky":false,"template":"","format":"standard","meta":{"_monsterinsights_skip_tracking":false,"_uf_show_specific_survey":0,"_uf_disable_surveys":false,"footnotes":""},"categories":[1,57,32],"tags":[],"class_list":["post-2995","post","type-post","status-publish","format-standard","hentry","category-immigration","category-regularisation","category-securite-publique"],"_links":{"self":[{"href":"https:\/\/droitemoderniste.be\/index.php\/wp-json\/wp\/v2\/posts\/2995","targetHints":{"allow":["GET"]}}],"collection":[{"href":"https:\/\/droitemoderniste.be\/index.php\/wp-json\/wp\/v2\/posts"}],"about":[{"href":"https:\/\/droitemoderniste.be\/index.php\/wp-json\/wp\/v2\/types\/post"}],"author":[{"embeddable":true,"href":"https:\/\/droitemoderniste.be\/index.php\/wp-json\/wp\/v2\/users\/1"}],"replies":[{"embeddable":true,"href":"https:\/\/droitemoderniste.be\/index.php\/wp-json\/wp\/v2\/comments?post=2995"}],"version-history":[{"count":1,"href":"https:\/\/droitemoderniste.be\/index.php\/wp-json\/wp\/v2\/posts\/2995\/revisions"}],"predecessor-version":[{"id":2997,"href":"https:\/\/droitemoderniste.be\/index.php\/wp-json\/wp\/v2\/posts\/2995\/revisions\/2997"}],"wp:attachment":[{"href":"https:\/\/droitemoderniste.be\/index.php\/wp-json\/wp\/v2\/media?parent=2995"}],"wp:term":[{"taxonomy":"category","embeddable":true,"href":"https:\/\/droitemoderniste.be\/index.php\/wp-json\/wp\/v2\/categories?post=2995"},{"taxonomy":"post_tag","embeddable":true,"href":"https:\/\/droitemoderniste.be\/index.php\/wp-json\/wp\/v2\/tags?post=2995"}],"curies":[{"name":"wp","href":"https:\/\/api.w.org\/{rel}","templated":true}]}}